{"id":65,"date":"2014-09-27T17:00:00","date_gmt":"2014-09-27T15:00:00","guid":{"rendered":"https:\/\/www.walk.si\/uncategorized\/peljesac-2014\/"},"modified":"2014-09-27T17:00:00","modified_gmt":"2014-09-27T15:00:00","slug":"peljesac-2014","status":"publish","type":"post","link":"https:\/\/www.gogreen.si\/?p=65","title":{"rendered":"Pelje\u0161ac 2014"},"content":{"rendered":"<table cellpadding=\"0\" cellspacing=\"0\" style=\"float: left; margin-right: 1em; text-align: left;\">\n<tbody>\n<tr>\n<td style=\"text-align: center;\"><a href=\"http:\/\/2.bp.blogspot.com\/-JLsdaeDMaTY\/VFe4vMHWZtI\/AAAAAAAAIeo\/SqovCTik728\/s1600\/20140928-IMG_4135.jpg\" style=\"clear: left; margin-bottom: 1em; margin-left: auto; margin-right: auto;\"><img loading=\"lazy\" decoding=\"async\" border=\"0\" src=\"http:\/\/2.bp.blogspot.com\/-JLsdaeDMaTY\/VFe4vMHWZtI\/AAAAAAAAIeo\/SqovCTik728\/s1600\/20140928-IMG_4135.jpg\" height=\"213\" width=\"320\" \/><\/a><\/td>\n<\/tr>\n<tr>\n<td style=\"text-align: center;\">Pelje\u0161ac, v ozadju Kor\u010dula<\/td>\n<\/tr>\n<\/tbody>\n<\/table>\n<p>Konec poletne sezone bom na Pelje\u0161cu izkoristil za u\u010denje jadranja na deski. Ker sem \u0161e popoln za\u010detnik in imam na obi\u010dajnem mestu za pre\u017eivljanje letnega dopusta bolj malo mo\u017enosti za vajo starta iz obale, je to moj prvi cilj. Vmes se bom poskusil nau\u010diti \u0161e uporabljati trapez.<\/p>\n<p>V kamp pridem popoldne v lepem vremenu in tudi napovedi za prvih nekaj dni so odli\u010dne. Temperature preko 20\u00b0C, veter med 8-15 vozli, kar upam da bo idealno za u\u010denje in kak\u0161en izlet na sosednjo Kor\u010dulo.<\/p>\n<p>Prvi dan se malo vozim sem in tja, da ponovno dobim ob\u010dutek za desko in vodo. Pogoji za u\u010denje so res idealni. Piha veter, ni valov&#8230; Konec dneva me \u017ee po\u0161teno bolijo roke in po\u010dasi bi bil \u010das, da se lotim uporabe trapeza. Tudi prsti in dlani kljub uporabi rokavic niso navdu\u0161eni nad vle\u010denjem vrvi. Skrajni \u010das za u\u010denje starta iz obale.<\/p>\n<p>Naslednji dan se res lotim beach starta ampak prvih nekaj minut niti ne vem, kako naj se lotim. Teorija je eno, v vodi pa je jadro te\u017eko in kar naprej nekam uhaja. In ko kon\u010dno ujamem veter in jadro nekako primem, se deska odpelje proti vetru in vsi skupaj smo ponovno pod vodo. Po slabi uri mi zadeva z jadrom postane pribli\u017eno jasna tudi v praksi. Nekaj te\u017eav imam \u0161e s smerjo deske, in nekaj ve\u010d s tem, kako stopiti na desko in tam seveda tudi ostati. \u0160e dobro da je na vrsti kosilo.<\/p>\n<p>Po kosilu se odlo\u010dim za ponovitev teorije beach starta. Medtem se veter okrepi in ponovno imam ve\u010d opraviti z jadrom. Tokrat mi ga nekajkrat iztrga iz rok. Malenkosti, ki so se mi zdele nepomembne so \u010dez slabe pol ure v praksi pomenile mejo med padcem v vodo in nasmehom do u\u0161es. <a href=\"http:\/\/youtu.be\/xP3h0mQ3B_k\">Prvi uspe\u0161en start<\/a>, sledi drugi, tretji&#8230; Tokrat me konec dneva kljub uporabi neoprenskih \u010devljev zaradi padcev in skokov na kamenje v plitvini bolijo podplati. Pri u\u010denju starta iz obale na kamenju priporo\u010dam obutev s tr\u0161im podplatom! Naslednji dan bom izkoristil za oddih in obisk Kor\u010dule.<\/p>\n<p>Konec tedna pride na vrsto \u0161e uporaba trapeza. Prva te\u017eava, kako se vpeti&#8230; in ko je zanka kon\u010dno v kljuki, se \u017eelim prav hitro odpeti. Pa ne gre in \u017ee po\u010divam na jadru :). Nekaj poskusov in zadeva postane zanimiva. roke ni\u010d ve\u010d ne bolijo&#8230; pa pride veter in sem ponovno v vodi.<\/p>\n<p>Zadnja dva dni je vreme slab\u0161e, vetra ni, tu in tam kak\u0161na padavina. Ogledava si \u0161e Lovi\u0161te in se po uspe\u0161nem tednu vrneva domov.<\/p>\n","protected":false},"excerpt":{"rendered":"<p>Pelje\u0161ac, v ozadju Kor\u010dula Konec poletne sezone bom na Pelje\u0161cu izkoristil za u\u010denje jadranja na deski. Ker sem \u0161e popoln za\u010detnik in imam na obi\u010dajnem mestu za pre\u017eivljanje letnega dopusta bolj malo mo\u017enosti za vajo starta iz obale, je to moj prvi cilj. Vmes se bom poskusil nau\u010diti \u0161e uporabljati trapez. V kamp pridem popoldne [&hellip;]<\/p>\n","protected":false},"author":1,"featured_media":0,"comment_status":"open","ping_status":"open","sticky":false,"template":"","format":"standard","meta":{"site-sidebar-layout":"default","site-content-layout":"","ast-site-content-layout":"","site-content-style":"default","site-sidebar-style":"default","ast-global-header-display":"","ast-banner-title-visibility":"","ast-main-header-display":"","ast-hfb-above-header-display":"","ast-hfb-below-header-display":"","ast-hfb-mobile-header-display":"","site-post-title":"","ast-breadcrumbs-content":"","ast-featured-img":"","footer-sml-layout":"","theme-transparent-header-meta":"","adv-header-id-meta":"","stick-header-meta":"","header-above-stick-meta":"","header-main-stick-meta":"","header-below-stick-meta":"","astra-migrate-meta-layouts":"default","ast-page-background-enabled":"default","ast-page-background-meta":{"desktop":{"background-color":"var(--ast-global-color-4)","background-image":"","background-repeat":"repeat","background-position":"center center","background-size":"auto","background-attachment":"scroll","background-type":"","background-media":"","overlay-type":"","overlay-color":"","overlay-opacity":"","overlay-gradient":""},"tablet":{"background-color":"","background-image":"","background-repeat":"repeat","background-position":"center center","background-size":"auto","background-attachment":"scroll","background-type":"","background-media":"","overlay-type":"","overlay-color":"","overlay-opacity":"","overlay-gradient":""},"mobile":{"background-color":"","background-image":"","background-repeat":"repeat","background-position":"center center","background-size":"auto","background-attachment":"scroll","background-type":"","background-media":"","overlay-type":"","overlay-color":"","overlay-opacity":"","overlay-gradient":""}},"ast-content-background-meta":{"desktop":{"background-color":"var(--ast-global-color-5)","background-image":"","background-repeat":"repeat","background-position":"center center","background-size":"auto","background-attachment":"scroll","background-type":"","background-media":"","overlay-type":"","overlay-color":"","overlay-opacity":"","overlay-gradient":""},"tablet":{"background-color":"var(--ast-global-color-5)","background-image":"","background-repeat":"repeat","background-position":"center center","background-size":"auto","background-attachment":"scroll","background-type":"","background-media":"","overlay-type":"","overlay-color":"","overlay-opacity":"","overlay-gradient":""},"mobile":{"background-color":"var(--ast-global-color-5)","background-image":"","background-repeat":"repeat","background-position":"center center","background-size":"auto","background-attachment":"scroll","background-type":"","background-media":"","overlay-type":"","overlay-color":"","overlay-opacity":"","overlay-gradient":""}},"footnotes":""},"categories":[30],"tags":[],"class_list":["post-65","post","type-post","status-publish","format-standard","hentry","category-windsurfing"],"aioseo_notices":[],"_links":{"self":[{"href":"https:\/\/www.gogreen.si\/index.php?rest_route=\/wp\/v2\/posts\/65","targetHints":{"allow":["GET"]}}],"collection":[{"href":"https:\/\/www.gogreen.si\/index.php?rest_route=\/wp\/v2\/posts"}],"about":[{"href":"https:\/\/www.gogreen.si\/index.php?rest_route=\/wp\/v2\/types\/post"}],"author":[{"embeddable":true,"href":"https:\/\/www.gogreen.si\/index.php?rest_route=\/wp\/v2\/users\/1"}],"replies":[{"embeddable":true,"href":"https:\/\/www.gogreen.si\/index.php?rest_route=%2Fwp%2Fv2%2Fcomments&post=65"}],"version-history":[{"count":0,"href":"https:\/\/www.gogreen.si\/index.php?rest_route=\/wp\/v2\/posts\/65\/revisions"}],"wp:attachment":[{"href":"https:\/\/www.gogreen.si\/index.php?rest_route=%2Fwp%2Fv2%2Fmedia&parent=65"}],"wp:term":[{"taxonomy":"category","embeddable":true,"href":"https:\/\/www.gogreen.si\/index.php?rest_route=%2Fwp%2Fv2%2Fcategories&post=65"},{"taxonomy":"post_tag","embeddable":true,"href":"https:\/\/www.gogreen.si\/index.php?rest_route=%2Fwp%2Fv2%2Ftags&post=65"}],"curies":[{"name":"wp","href":"https:\/\/api.w.org\/{rel}","templated":true}]}}