{"id":248,"date":"2006-04-22T13:40:00","date_gmt":"2006-04-22T11:40:00","guid":{"rendered":"https:\/\/www.walk.si\/uncategorized\/st-jean-pied-de-port-roncesvalles\/"},"modified":"2023-02-19T01:58:33","modified_gmt":"2023-02-19T00:58:33","slug":"st-jean-pied-de-port-roncesvalles","status":"publish","type":"post","link":"https:\/\/www.gogreen.si\/?p=248","title":{"rendered":"St. Jean Pied de Port &#8211; Roncesvalles"},"content":{"rendered":"\n<figure class=\"wp-block-image alignleft size-medium has-custom-border is-style-default\"><a href=\"https:\/\/www.gogreen.si\/wp-content\/uploads\/2006\/04\/20060422-124031.jpg\"><img loading=\"lazy\" decoding=\"async\" width=\"300\" height=\"200\" src=\"https:\/\/www.gogreen.si\/wp-content\/uploads\/2006\/04\/20060422-124031-300x200.jpg\" alt=\"\" class=\"wp-image-1112\" style=\"border-width:1px;border-radius:15px\"\/><\/a><\/figure>\n\n\n\n<p>Pozdravljeni vsi skupaj! Najprej nekaj o \u010dlankih ki jih bom objavljal na tej strani. Zaradi precej visoke cene mobilnega podatkovnega prenosa bodo objavljene fotografje slab\u0161e kvalitete, pa tudi \u010dlanke bom verjetno pisal samo na nekaj dni. Se opravi\u010dujem, bom popravil, ko pridem domov. Tudi kak\u0161en kraj bom verjetno napisal napa\u010dno&#8230;<br>&#8212;<br>31.05.2006 &#8211; Moja pot je \u017ee pred \u010dasom kon\u010dana, zato bom \u010dlanke po\u010dasi uredil in dopolnil. Fotografije bom nadomestil z enakimi, a bolj\u0161e kvalitete.<br>&#8212;<\/p>\n\n\n\n<p>O prvem potovalnem dnevu ne bi izgubljal besed&#8230; Iz Ljubljane se z avtomobilom okrog 5:00 odpravimo do Trevisa. Tu se za slab mesec poslovim od doma\u010dih in z enim izmed nizko cenovnih letalskih dru\u017eb odletim do Londona. Za prestop imam malo \u010dasa, kar je po eni strani odli\u010dno, saj mi na Letali\u0161\u010du ne bo potrebno predolgo \u010dakati. Kljub malo \u010dasa med \u010dakanjem na prevzem vozovnice sre\u010dam Avstralko, ki se prav tako odpravlja na pohod po Caminu. Po kraj\u0161em pogovoru skupaj nadaljujeva let do Biarritza. Na letalu je \u0161e en potnik z nahrbtnikom, ki ima vrjetno podobne namene kot midva. Po pristanku se z avtobusom vsi trije odpeljemo do Byona in od tu z vlakom do Saint Jean pied de porta, kjer uredim vse formalnosti. To je pridobitev potrdila z dnevnikom za \u017eige (Credencial del Peregrino), s katerim bom dokazoval da sem romar &#8211; pohodnik, in bom lahko preno\u010deval v hostlih (Albergue &#8211; Hostal &#8211; Refuge) ob poti. Tu dobim tudi \u0161koljko, ki je za\u0161\u010ditni znak romarjev.<\/p>\n\n\n\n<p>Poi\u0161\u010dem si preno\u010di\u0161\u010de v privatnem hostlu, kjer sre\u010dam Clare iz Walesa, s katero odideva skupaj na ve\u010derjo v bli\u017enjo restasvracijo. (Draga vegi zadeva polna olja).<\/p>\n\n\n\n<p>V preno\u010di\u0161\u010du, okrog katerega je polno psov, ma\u010dkov, koko\u0161i&#8230; So spali \u0161e Clare, in trije francozi, ki so do tu prehodili \u017ee okrog 1000km. Pono\u010di je de\u017eevalo, grmrlo in se bliskalo, zato smo spali odli\u010dno.<\/p>\n\n\n\n<p>Tudi zjutraj, ko se odpravim na prvi podvig \u0161e vedno de\u017euje, a palerina je pri hoji precej bolj mokra znotraj kot zunaj. Iz St. Jean Pied de Porta, ki se nahaja na 200m nv. se povzpnemo proti Pirinejem na vi\u0161ino 1450m. Vreme ni ni\u010d kaj prijazno. Precej piha, tla so razmo\u010dena in zato zelo blatna, ozra\u010dje ima le 10\u00b0C. Opoldne se sicer zjasni, a temperatura je \u0161e vedno nizka. Pre\u010dkamo francosko &#8211; \u0161pansko mejo, na kateri je postavljen vodnjak Tu si lahko dopolnimo \u010dutare. Med potjo se nama s Clare pridru\u017eita \u0161e Ana Paula iz Brazilije ter Nick iz Avstralije. Ve\u010d ali manj hodimo skupaj do hostla. Blizu Roncesvales v gozdu sre\u010dam starej\u0161o Kanad\u010danko, ki trdi, da se je v gozdu izgubila in bi \u017eelela z mano nadaljevati pot do hostla, kar z veseljem sprejmem. Ne vem, kako ji je to ob mno\u017eici smerokazov in markacij lahko uspelo.<\/p>\n\n\n\n<p>Po obveznih formalnostih &#8211; \u017eigosanje dnevnika, preverjanje potnega lista in pla\u010dilo &#8211; se namestimo v hostlu, ki ima za spalnico en velik prostor s 40 pogradi (80 le\u017ei\u0161\u010d). Nekaj postelj je \u0161e praznih, a prespi nas po moji oceni okrog 60 pohodnikov. Po obilni ve\u010derji se pripravim na spanje, veliko pohodnikov, ki so tu iz verskih razlogov, gre na ve\u010derno ma\u0161o v bli\u017enjo cerkev. Lu\u010di se ugasnejo ob 22:00.<\/p>\n","protected":false},"excerpt":{"rendered":"<p>Pozdravljeni vsi skupaj! Najprej nekaj o \u010dlankih ki jih bom objavljal na tej strani. Zaradi precej visoke cene mobilnega podatkovnega prenosa bodo objavljene fotografje slab\u0161e kvalitete, pa tudi \u010dlanke bom verjetno pisal samo na nekaj dni. Se opravi\u010dujem, bom popravil, ko pridem domov. Tudi kak\u0161en kraj bom verjetno napisal napa\u010dno&#8230;&#8212;31.05.2006 &#8211; Moja pot je \u017ee [&hellip;]<\/p>\n","protected":false},"author":1,"featured_media":0,"comment_status":"open","ping_status":"open","sticky":false,"template":"","format":"standard","meta":{"site-sidebar-layout":"default","site-content-layout":"","ast-site-content-layout":"","site-content-style":"default","site-sidebar-style":"default","ast-global-header-display":"","ast-banner-title-visibility":"","ast-main-header-display":"","ast-hfb-above-header-display":"","ast-hfb-below-header-display":"","ast-hfb-mobile-header-display":"","site-post-title":"","ast-breadcrumbs-content":"","ast-featured-img":"","footer-sml-layout":"","theme-transparent-header-meta":"","adv-header-id-meta":"","stick-header-meta":"","header-above-stick-meta":"","header-main-stick-meta":"","header-below-stick-meta":"","astra-migrate-meta-layouts":"default","ast-page-background-enabled":"default","ast-page-background-meta":{"desktop":{"background-color":"var(--ast-global-color-4)","background-image":"","background-repeat":"repeat","background-position":"center center","background-size":"auto","background-attachment":"scroll","background-type":"","background-media":"","overlay-type":"","overlay-color":"","overlay-opacity":"","overlay-gradient":""},"tablet":{"background-color":"","background-image":"","background-repeat":"repeat","background-position":"center center","background-size":"auto","background-attachment":"scroll","background-type":"","background-media":"","overlay-type":"","overlay-color":"","overlay-opacity":"","overlay-gradient":""},"mobile":{"background-color":"","background-image":"","background-repeat":"repeat","background-position":"center center","background-size":"auto","background-attachment":"scroll","background-type":"","background-media":"","overlay-type":"","overlay-color":"","overlay-opacity":"","overlay-gradient":""}},"ast-content-background-meta":{"desktop":{"background-color":"var(--ast-global-color-5)","background-image":"","background-repeat":"repeat","background-position":"center center","background-size":"auto","background-attachment":"scroll","background-type":"","background-media":"","overlay-type":"","overlay-color":"","overlay-opacity":"","overlay-gradient":""},"tablet":{"background-color":"var(--ast-global-color-5)","background-image":"","background-repeat":"repeat","background-position":"center center","background-size":"auto","background-attachment":"scroll","background-type":"","background-media":"","overlay-type":"","overlay-color":"","overlay-opacity":"","overlay-gradient":""},"mobile":{"background-color":"var(--ast-global-color-5)","background-image":"","background-repeat":"repeat","background-position":"center center","background-size":"auto","background-attachment":"scroll","background-type":"","background-media":"","overlay-type":"","overlay-color":"","overlay-opacity":"","overlay-gradient":""}},"footnotes":""},"categories":[6,9],"tags":[],"class_list":["post-248","post","type-post","status-publish","format-standard","hentry","category-camino","category-camino-frances-2006"],"aioseo_notices":[],"_links":{"self":[{"href":"https:\/\/www.gogreen.si\/index.php?rest_route=\/wp\/v2\/posts\/248","targetHints":{"allow":["GET"]}}],"collection":[{"href":"https:\/\/www.gogreen.si\/index.php?rest_route=\/wp\/v2\/posts"}],"about":[{"href":"https:\/\/www.gogreen.si\/index.php?rest_route=\/wp\/v2\/types\/post"}],"author":[{"embeddable":true,"href":"https:\/\/www.gogreen.si\/index.php?rest_route=\/wp\/v2\/users\/1"}],"replies":[{"embeddable":true,"href":"https:\/\/www.gogreen.si\/index.php?rest_route=%2Fwp%2Fv2%2Fcomments&post=248"}],"version-history":[{"count":3,"href":"https:\/\/www.gogreen.si\/index.php?rest_route=\/wp\/v2\/posts\/248\/revisions"}],"predecessor-version":[{"id":2086,"href":"https:\/\/www.gogreen.si\/index.php?rest_route=\/wp\/v2\/posts\/248\/revisions\/2086"}],"wp:attachment":[{"href":"https:\/\/www.gogreen.si\/index.php?rest_route=%2Fwp%2Fv2%2Fmedia&parent=248"}],"wp:term":[{"taxonomy":"category","embeddable":true,"href":"https:\/\/www.gogreen.si\/index.php?rest_route=%2Fwp%2Fv2%2Fcategories&post=248"},{"taxonomy":"post_tag","embeddable":true,"href":"https:\/\/www.gogreen.si\/index.php?rest_route=%2Fwp%2Fv2%2Ftags&post=248"}],"curies":[{"name":"wp","href":"https:\/\/api.w.org\/{rel}","templated":true}]}}