{"id":240,"date":"2006-04-30T12:56:00","date_gmt":"2006-04-30T10:56:00","guid":{"rendered":"https:\/\/www.walk.si\/uncategorized\/atapuerca-rabe-de-las-calzadas\/"},"modified":"2023-02-18T23:40:49","modified_gmt":"2023-02-18T22:40:49","slug":"atapuerca-rabe-de-las-calzadas","status":"publish","type":"post","link":"https:\/\/www.gogreen.si\/?p=240","title":{"rendered":"Atapuerca &#8211; Rabe de las Calzadas"},"content":{"rendered":"\n<figure class=\"wp-block-image alignleft size-medium has-custom-border\"><a href=\"https:\/\/www.gogreen.si\/wp-content\/uploads\/2006\/04\/20060430-111132.jpg\"><img loading=\"lazy\" decoding=\"async\" width=\"300\" height=\"200\" src=\"https:\/\/www.gogreen.si\/wp-content\/uploads\/2006\/04\/20060430-111132-300x200.jpg\" alt=\"\" class=\"wp-image-1177\" style=\"border-width:1px;border-radius:15px\"\/><\/a><\/figure>\n\n\n\n<p>Na zadnji aprilski dan res odidemo skupaj s \u0161pancema. Pot nadaljujemo od Atapuerca po dolgi poti skozi industrijsko cono do 14km oddaljenega Burgosa. Zjutraj je le 3\u00b0C in vsi se prito\u017eujemo, da je frio. Na sre\u010do imam s seboj tople zimske rokavice in kapo iz goretex-a.<br>Zato pa nas v Burgosu \u010daka katedrala. Ko sem jo zagledal sem se najprej za\u010dudil nad njeno velikostjo. Kasneje pa nad prelepo notranjostjo. Vrjetno je prav zarati tega zelo obiskana. Pohodniki imamo s potrjenim dnevnikom 50% popust, dovoljeno pa je tudi fotografiranje. Seveda brez bliskavice. Ko stopimo v katedralo, nas prevzame njena velikost in lepa notranjost. Velikost vsake sobane v katedrali bi lahko primerjal z velikostjo povpre\u010dne slovenske cerkve.<\/p>\n\n\n\n<p>Tu sre\u010damo \u0161e tri \u0160panke, s katerimi nadaljujemo pot. Seveda tudi te ne znajo angle\u0161ko, zato se sporazumevamo na vse do sedaj omenjene na\u010dine&#8230; Gre nam odli\u010dno, le tempo hoje imamo, glede na mojo nogo, kar hiter.<\/p>\n\n\n\n<p>&#8212;<br>Pred kratkim (malo po prehojenem Caminu) sem na tv gledal film o Ivani Blazni. Snemali so ga tudi v tej katedrali. Prav zanimivo je v filmu gledati katedralo, po kateri sem \u017ee hodil.<br>&#8212;<\/p>\n\n\n\n<p>Do Rabe de las Calzadas smo danes prehodili 28km. Jutri bomo pot nadaljevali skupaj, torej skupinica petih \u0161pancev in mene.<\/p>\n","protected":false},"excerpt":{"rendered":"<p>Na zadnji aprilski dan res odidemo skupaj s \u0161pancema. Pot nadaljujemo od Atapuerca po dolgi poti skozi industrijsko cono do 14km oddaljenega Burgosa. Zjutraj je le 3\u00b0C in vsi se prito\u017eujemo, da je frio. Na sre\u010do imam s seboj tople zimske rokavice in kapo iz goretex-a.Zato pa nas v Burgosu \u010daka katedrala. Ko sem jo [&hellip;]<\/p>\n","protected":false},"author":1,"featured_media":0,"comment_status":"open","ping_status":"open","sticky":false,"template":"","format":"standard","meta":{"site-sidebar-layout":"default","site-content-layout":"","ast-site-content-layout":"","site-content-style":"default","site-sidebar-style":"default","ast-global-header-display":"","ast-banner-title-visibility":"","ast-main-header-display":"","ast-hfb-above-header-display":"","ast-hfb-below-header-display":"","ast-hfb-mobile-header-display":"","site-post-title":"","ast-breadcrumbs-content":"","ast-featured-img":"","footer-sml-layout":"","theme-transparent-header-meta":"","adv-header-id-meta":"","stick-header-meta":"","header-above-stick-meta":"","header-main-stick-meta":"","header-below-stick-meta":"","astra-migrate-meta-layouts":"default","ast-page-background-enabled":"default","ast-page-background-meta":{"desktop":{"background-color":"var(--ast-global-color-4)","background-image":"","background-repeat":"repeat","background-position":"center center","background-size":"auto","background-attachment":"scroll","background-type":"","background-media":"","overlay-type":"","overlay-color":"","overlay-opacity":"","overlay-gradient":""},"tablet":{"background-color":"","background-image":"","background-repeat":"repeat","background-position":"center center","background-size":"auto","background-attachment":"scroll","background-type":"","background-media":"","overlay-type":"","overlay-color":"","overlay-opacity":"","overlay-gradient":""},"mobile":{"background-color":"","background-image":"","background-repeat":"repeat","background-position":"center center","background-size":"auto","background-attachment":"scroll","background-type":"","background-media":"","overlay-type":"","overlay-color":"","overlay-opacity":"","overlay-gradient":""}},"ast-content-background-meta":{"desktop":{"background-color":"var(--ast-global-color-5)","background-image":"","background-repeat":"repeat","background-position":"center center","background-size":"auto","background-attachment":"scroll","background-type":"","background-media":"","overlay-type":"","overlay-color":"","overlay-opacity":"","overlay-gradient":""},"tablet":{"background-color":"var(--ast-global-color-5)","background-image":"","background-repeat":"repeat","background-position":"center center","background-size":"auto","background-attachment":"scroll","background-type":"","background-media":"","overlay-type":"","overlay-color":"","overlay-opacity":"","overlay-gradient":""},"mobile":{"background-color":"var(--ast-global-color-5)","background-image":"","background-repeat":"repeat","background-position":"center center","background-size":"auto","background-attachment":"scroll","background-type":"","background-media":"","overlay-type":"","overlay-color":"","overlay-opacity":"","overlay-gradient":""}},"footnotes":""},"categories":[6,9],"tags":[],"class_list":["post-240","post","type-post","status-publish","format-standard","hentry","category-camino","category-camino-frances-2006"],"aioseo_notices":[],"_links":{"self":[{"href":"https:\/\/www.gogreen.si\/index.php?rest_route=\/wp\/v2\/posts\/240","targetHints":{"allow":["GET"]}}],"collection":[{"href":"https:\/\/www.gogreen.si\/index.php?rest_route=\/wp\/v2\/posts"}],"about":[{"href":"https:\/\/www.gogreen.si\/index.php?rest_route=\/wp\/v2\/types\/post"}],"author":[{"embeddable":true,"href":"https:\/\/www.gogreen.si\/index.php?rest_route=\/wp\/v2\/users\/1"}],"replies":[{"embeddable":true,"href":"https:\/\/www.gogreen.si\/index.php?rest_route=%2Fwp%2Fv2%2Fcomments&post=240"}],"version-history":[{"count":1,"href":"https:\/\/www.gogreen.si\/index.php?rest_route=\/wp\/v2\/posts\/240\/revisions"}],"predecessor-version":[{"id":2105,"href":"https:\/\/www.gogreen.si\/index.php?rest_route=\/wp\/v2\/posts\/240\/revisions\/2105"}],"wp:attachment":[{"href":"https:\/\/www.gogreen.si\/index.php?rest_route=%2Fwp%2Fv2%2Fmedia&parent=240"}],"wp:term":[{"taxonomy":"category","embeddable":true,"href":"https:\/\/www.gogreen.si\/index.php?rest_route=%2Fwp%2Fv2%2Fcategories&post=240"},{"taxonomy":"post_tag","embeddable":true,"href":"https:\/\/www.gogreen.si\/index.php?rest_route=%2Fwp%2Fv2%2Ftags&post=240"}],"curies":[{"name":"wp","href":"https:\/\/api.w.org\/{rel}","templated":true}]}}