{"id":235,"date":"2006-05-05T19:07:00","date_gmt":"2006-05-05T17:07:00","guid":{"rendered":"https:\/\/www.walk.si\/uncategorized\/reliegos-leon\/"},"modified":"2023-02-19T00:32:09","modified_gmt":"2023-02-18T23:32:09","slug":"reliegos-leon","status":"publish","type":"post","link":"https:\/\/www.gogreen.si\/?p=235","title":{"rendered":"Reliegos &#8211; Le\u00f3n"},"content":{"rendered":"\n<figure class=\"wp-block-image alignleft size-medium has-custom-border\"><a href=\"https:\/\/www.gogreen.si\/wp-content\/uploads\/2006\/05\/20060505-181454.jpg\"><img loading=\"lazy\" decoding=\"async\" width=\"300\" height=\"200\" src=\"https:\/\/www.gogreen.si\/wp-content\/uploads\/2006\/05\/20060505-181454-300x200.jpg\" alt=\"\" class=\"wp-image-1222\" style=\"border-width:1px;border-radius:15px\"\/><\/a><\/figure>\n\n\n\n<p>Zjutraj brez zajtrka odidemo do Mansilla de los Mullas. Tu se po\u0161teno najemo \u010dokoladnih rogli\u010dkov, kakava in pravega pomaran\u010dnega soka (Zummo).<br>Hodimo precej po\u010dasi, ker Fonsy boli noga. V Leon pridemo okroh 13. ure, in tu bomo tudi prespali. Spimo v nekem hostlu v katerem velja \u0161e re\u017eim izpred petih let pred opicami, kjer moramo mo\u0161ki spati lo\u010deno od \u017eensk, kar velja tudi za poro\u010dene pare.<\/p>\n\n\n\n<p>Od avstrijskega \u0161tudenta izvem, da sta tu tudi dve slovenki. Poiskal ju bom zjutraj naslednjega dne, ker si bomo danes \u0161e ogledali katedralo in mesto.<\/p>\n\n\n\n<p>Katedrala je od zunaj res lepa, znotraj pa jo je z razliko od Burgoske prepovedano fotografirati, pa tudi precej boj skromna je. Prevzamejo me le obarvana stekla, ki jih je res veliko po vsej katedrali.<\/p>\n","protected":false},"excerpt":{"rendered":"<p>Zjutraj brez zajtrka odidemo do Mansilla de los Mullas. Tu se po\u0161teno najemo \u010dokoladnih rogli\u010dkov, kakava in pravega pomaran\u010dnega soka (Zummo).Hodimo precej po\u010dasi, ker Fonsy boli noga. V Leon pridemo okroh 13. ure, in tu bomo tudi prespali. Spimo v nekem hostlu v katerem velja \u0161e re\u017eim izpred petih let pred opicami, kjer moramo mo\u0161ki [&hellip;]<\/p>\n","protected":false},"author":1,"featured_media":0,"comment_status":"open","ping_status":"open","sticky":false,"template":"","format":"standard","meta":{"site-sidebar-layout":"default","site-content-layout":"","ast-site-content-layout":"","site-content-style":"default","site-sidebar-style":"default","ast-global-header-display":"","ast-banner-title-visibility":"","ast-main-header-display":"","ast-hfb-above-header-display":"","ast-hfb-below-header-display":"","ast-hfb-mobile-header-display":"","site-post-title":"","ast-breadcrumbs-content":"","ast-featured-img":"","footer-sml-layout":"","theme-transparent-header-meta":"","adv-header-id-meta":"","stick-header-meta":"","header-above-stick-meta":"","header-main-stick-meta":"","header-below-stick-meta":"","astra-migrate-meta-layouts":"default","ast-page-background-enabled":"default","ast-page-background-meta":{"desktop":{"background-color":"var(--ast-global-color-4)","background-image":"","background-repeat":"repeat","background-position":"center center","background-size":"auto","background-attachment":"scroll","background-type":"","background-media":"","overlay-type":"","overlay-color":"","overlay-opacity":"","overlay-gradient":""},"tablet":{"background-color":"","background-image":"","background-repeat":"repeat","background-position":"center center","background-size":"auto","background-attachment":"scroll","background-type":"","background-media":"","overlay-type":"","overlay-color":"","overlay-opacity":"","overlay-gradient":""},"mobile":{"background-color":"","background-image":"","background-repeat":"repeat","background-position":"center center","background-size":"auto","background-attachment":"scroll","background-type":"","background-media":"","overlay-type":"","overlay-color":"","overlay-opacity":"","overlay-gradient":""}},"ast-content-background-meta":{"desktop":{"background-color":"var(--ast-global-color-5)","background-image":"","background-repeat":"repeat","background-position":"center center","background-size":"auto","background-attachment":"scroll","background-type":"","background-media":"","overlay-type":"","overlay-color":"","overlay-opacity":"","overlay-gradient":""},"tablet":{"background-color":"var(--ast-global-color-5)","background-image":"","background-repeat":"repeat","background-position":"center center","background-size":"auto","background-attachment":"scroll","background-type":"","background-media":"","overlay-type":"","overlay-color":"","overlay-opacity":"","overlay-gradient":""},"mobile":{"background-color":"var(--ast-global-color-5)","background-image":"","background-repeat":"repeat","background-position":"center center","background-size":"auto","background-attachment":"scroll","background-type":"","background-media":"","overlay-type":"","overlay-color":"","overlay-opacity":"","overlay-gradient":""}},"footnotes":""},"categories":[6,9],"tags":[],"class_list":["post-235","post","type-post","status-publish","format-standard","hentry","category-camino","category-camino-frances-2006"],"aioseo_notices":[],"_links":{"self":[{"href":"https:\/\/www.gogreen.si\/index.php?rest_route=\/wp\/v2\/posts\/235","targetHints":{"allow":["GET"]}}],"collection":[{"href":"https:\/\/www.gogreen.si\/index.php?rest_route=\/wp\/v2\/posts"}],"about":[{"href":"https:\/\/www.gogreen.si\/index.php?rest_route=\/wp\/v2\/types\/post"}],"author":[{"embeddable":true,"href":"https:\/\/www.gogreen.si\/index.php?rest_route=\/wp\/v2\/users\/1"}],"replies":[{"embeddable":true,"href":"https:\/\/www.gogreen.si\/index.php?rest_route=%2Fwp%2Fv2%2Fcomments&post=235"}],"version-history":[{"count":1,"href":"https:\/\/www.gogreen.si\/index.php?rest_route=\/wp\/v2\/posts\/235\/revisions"}],"predecessor-version":[{"id":2115,"href":"https:\/\/www.gogreen.si\/index.php?rest_route=\/wp\/v2\/posts\/235\/revisions\/2115"}],"wp:attachment":[{"href":"https:\/\/www.gogreen.si\/index.php?rest_route=%2Fwp%2Fv2%2Fmedia&parent=235"}],"wp:term":[{"taxonomy":"category","embeddable":true,"href":"https:\/\/www.gogreen.si\/index.php?rest_route=%2Fwp%2Fv2%2Fcategories&post=235"},{"taxonomy":"post_tag","embeddable":true,"href":"https:\/\/www.gogreen.si\/index.php?rest_route=%2Fwp%2Fv2%2Ftags&post=235"}],"curies":[{"name":"wp","href":"https:\/\/api.w.org\/{rel}","templated":true}]}}