{"id":234,"date":"2006-05-06T15:46:00","date_gmt":"2006-05-06T13:46:00","guid":{"rendered":"https:\/\/www.walk.si\/uncategorized\/leon-hospital-de-orbigo\/"},"modified":"2023-02-19T00:35:43","modified_gmt":"2023-02-18T23:35:43","slug":"leon-hospital-de-orbigo","status":"publish","type":"post","link":"https:\/\/www.gogreen.si\/?p=234","title":{"rendered":"Le\u00f3n &#8211; Hospital de Orbigo"},"content":{"rendered":"\n<figure class=\"wp-block-image alignleft size-medium has-custom-border\"><a href=\"https:\/\/www.gogreen.si\/wp-content\/uploads\/2006\/05\/20060506-183804.jpg\"><img loading=\"lazy\" decoding=\"async\" width=\"300\" height=\"200\" src=\"https:\/\/www.gogreen.si\/wp-content\/uploads\/2006\/05\/20060506-183804-300x200.jpg\" alt=\"\" class=\"wp-image-1233\" style=\"border-width:1px;border-radius:15px\"\/><\/a><\/figure>\n\n\n\n<p>Danes zjutraj se res odpravim v \u017eensko spalnico poiskat slovenki. Najdem jih, \u017eal pa izvem, da vrjetno zaklju\u010dujeta pe\u0161a\u010denje zaradi bolezni ene izmed njiju. Hkrati pa izvem \u0161e to, da je prespala tu \u0161e ena slovenka Tina iz Velenja, \u017eal pa to pridno dekle odide na hojo med prvimi, malo po \u0161esti uri.<br>Na\u0161a skupina se \u0161e zadnji\u010d skupaj odpravi na pot. Silvana, Carmen in Ma.Jesus se morajo namre\u010d v nedeljo vrnti domov, saj so izkorstile svoj dopust.<\/p>\n\n\n\n<p>Po nekaj urah po\u010dasne hoje prispemo do Villar de Maz&#8230;, kjer nek &#8220;doma\u010d obrtnik&#8221; v hostlu Fonsy zmasira nogo. Sam pa ta \u010das ob vinu poklepetam s Kanad\u010danko Generiere, ki delala v Glasgowu in sedaj potuje po Evropi, ter avstrjskim \u0160tudentom, ki sem ga pred tem \u017ee sre\u010dal v Leonu.<\/p>\n\n\n\n<p>Ta dan je bil na\u0161 cilj Hospital de Orbigo, kamor smo pri\u0161li malo po 18. uri. Tu na moje veliko veselje sre\u010dam Tino. \u017dal smo pri\u0161li zelo pozno, Tako da nisva imela veliko \u010dasa za pogovor.<\/p>\n\n\n\n<p>In kot je vidno na fotografiji, tudi \u0160panci nimajo te\u017eav s prina\u0161anjem otrok. \u0160torkelj je na celi poti zelo veliko.<\/p>\n","protected":false},"excerpt":{"rendered":"<p>Danes zjutraj se res odpravim v \u017eensko spalnico poiskat slovenki. Najdem jih, \u017eal pa izvem, da vrjetno zaklju\u010dujeta pe\u0161a\u010denje zaradi bolezni ene izmed njiju. Hkrati pa izvem \u0161e to, da je prespala tu \u0161e ena slovenka Tina iz Velenja, \u017eal pa to pridno dekle odide na hojo med prvimi, malo po \u0161esti uri.Na\u0161a skupina se [&hellip;]<\/p>\n","protected":false},"author":1,"featured_media":0,"comment_status":"open","ping_status":"open","sticky":false,"template":"","format":"standard","meta":{"site-sidebar-layout":"default","site-content-layout":"","ast-site-content-layout":"","site-content-style":"default","site-sidebar-style":"default","ast-global-header-display":"","ast-banner-title-visibility":"","ast-main-header-display":"","ast-hfb-above-header-display":"","ast-hfb-below-header-display":"","ast-hfb-mobile-header-display":"","site-post-title":"","ast-breadcrumbs-content":"","ast-featured-img":"","footer-sml-layout":"","theme-transparent-header-meta":"","adv-header-id-meta":"","stick-header-meta":"","header-above-stick-meta":"","header-main-stick-meta":"","header-below-stick-meta":"","astra-migrate-meta-layouts":"default","ast-page-background-enabled":"default","ast-page-background-meta":{"desktop":{"background-color":"var(--ast-global-color-4)","background-image":"","background-repeat":"repeat","background-position":"center center","background-size":"auto","background-attachment":"scroll","background-type":"","background-media":"","overlay-type":"","overlay-color":"","overlay-opacity":"","overlay-gradient":""},"tablet":{"background-color":"","background-image":"","background-repeat":"repeat","background-position":"center center","background-size":"auto","background-attachment":"scroll","background-type":"","background-media":"","overlay-type":"","overlay-color":"","overlay-opacity":"","overlay-gradient":""},"mobile":{"background-color":"","background-image":"","background-repeat":"repeat","background-position":"center center","background-size":"auto","background-attachment":"scroll","background-type":"","background-media":"","overlay-type":"","overlay-color":"","overlay-opacity":"","overlay-gradient":""}},"ast-content-background-meta":{"desktop":{"background-color":"var(--ast-global-color-5)","background-image":"","background-repeat":"repeat","background-position":"center center","background-size":"auto","background-attachment":"scroll","background-type":"","background-media":"","overlay-type":"","overlay-color":"","overlay-opacity":"","overlay-gradient":""},"tablet":{"background-color":"var(--ast-global-color-5)","background-image":"","background-repeat":"repeat","background-position":"center center","background-size":"auto","background-attachment":"scroll","background-type":"","background-media":"","overlay-type":"","overlay-color":"","overlay-opacity":"","overlay-gradient":""},"mobile":{"background-color":"var(--ast-global-color-5)","background-image":"","background-repeat":"repeat","background-position":"center center","background-size":"auto","background-attachment":"scroll","background-type":"","background-media":"","overlay-type":"","overlay-color":"","overlay-opacity":"","overlay-gradient":""}},"footnotes":""},"categories":[6,9],"tags":[],"class_list":["post-234","post","type-post","status-publish","format-standard","hentry","category-camino","category-camino-frances-2006"],"aioseo_notices":[],"_links":{"self":[{"href":"https:\/\/www.gogreen.si\/index.php?rest_route=\/wp\/v2\/posts\/234","targetHints":{"allow":["GET"]}}],"collection":[{"href":"https:\/\/www.gogreen.si\/index.php?rest_route=\/wp\/v2\/posts"}],"about":[{"href":"https:\/\/www.gogreen.si\/index.php?rest_route=\/wp\/v2\/types\/post"}],"author":[{"embeddable":true,"href":"https:\/\/www.gogreen.si\/index.php?rest_route=\/wp\/v2\/users\/1"}],"replies":[{"embeddable":true,"href":"https:\/\/www.gogreen.si\/index.php?rest_route=%2Fwp%2Fv2%2Fcomments&post=234"}],"version-history":[{"count":2,"href":"https:\/\/www.gogreen.si\/index.php?rest_route=\/wp\/v2\/posts\/234\/revisions"}],"predecessor-version":[{"id":2118,"href":"https:\/\/www.gogreen.si\/index.php?rest_route=\/wp\/v2\/posts\/234\/revisions\/2118"}],"wp:attachment":[{"href":"https:\/\/www.gogreen.si\/index.php?rest_route=%2Fwp%2Fv2%2Fmedia&parent=234"}],"wp:term":[{"taxonomy":"category","embeddable":true,"href":"https:\/\/www.gogreen.si\/index.php?rest_route=%2Fwp%2Fv2%2Fcategories&post=234"},{"taxonomy":"post_tag","embeddable":true,"href":"https:\/\/www.gogreen.si\/index.php?rest_route=%2Fwp%2Fv2%2Ftags&post=234"}],"curies":[{"name":"wp","href":"https:\/\/api.w.org\/{rel}","templated":true}]}}