{"id":222,"date":"2006-05-18T15:43:00","date_gmt":"2006-05-18T13:43:00","guid":{"rendered":"https:\/\/www.walk.si\/uncategorized\/olveiroa-fisterra\/"},"modified":"2023-02-19T01:31:11","modified_gmt":"2023-02-19T00:31:11","slug":"olveiroa-fisterra","status":"publish","type":"post","link":"https:\/\/www.gogreen.si\/?p=222","title":{"rendered":"Olveiroa &#8211; Fisterra"},"content":{"rendered":"\n<figure class=\"wp-block-image alignleft size-medium has-custom-border\"><a href=\"https:\/\/www.gogreen.si\/wp-content\/uploads\/2006\/05\/20060518-144340.jpg\"><img loading=\"lazy\" decoding=\"async\" width=\"300\" height=\"200\" src=\"https:\/\/www.gogreen.si\/wp-content\/uploads\/2006\/05\/20060518-144340-300x200.jpg\" alt=\"\" class=\"wp-image-1342\" style=\"border-width:1px;border-radius:15px\"\/><\/a><\/figure>\n\n\n\n<p>Zbudimo se v suhem jutru in se odpravimo proti Atlantskem oceanu. Pot je zaradi v\u010deraj\u0161njega de\u017eja \u0161e malo razmo\u010dena in vsake toliko \u010dasa pade med soncem tudi kak\u0161na kapljica.<br>Po nekaj urah hoje (31km) pridemo do Fisterre. Pred nami se odpre najlep\u0161i a hkrati tudi najbolj \u017ealosten pogled. Po 27 dneh hoje se bo na\u0161e potovanje in dru\u017eenje kon\u010dalo. Ob\u010dutki so me\u0161ani in \u0161e ne dojamem, da je skoraj cel mesec minil tako hitro.<\/p>\n\n\n\n<p>Ker se hostel odpre \u0161ele ob 17. uri nadaljujemo pot do skrajnega zahodnega dela celinske Evrope, kjer po neki stari navadi se\u017egemo obla\u010dila (vsaj en del) v katerih smo prehodli Camino. S tem smo na\u0161e stare te\u017eave odvrgli in lahko na novo za\u010dnemo brez bremen. Po opravljenem obredu se nastanimo v hostlu in to so tudi zadnji metri moje pe\u0161 poti iz St. Jean Pied de Porta.<\/p>\n\n\n\n<p>Jutri se vra\u010damo z avtobusom (prvi\u010d po 28. dneh se bom znova peljal in ne hodil) v Santiago, kjer si \u0161e enkrat ogledamo mesto, v soboto pa se vrnem domov in napi\u0161em \u0161e kak\u0161en pameten zaklju\u010dek in statistiko s poti.<\/p>\n","protected":false},"excerpt":{"rendered":"<p>Zbudimo se v suhem jutru in se odpravimo proti Atlantskem oceanu. Pot je zaradi v\u010deraj\u0161njega de\u017eja \u0161e malo razmo\u010dena in vsake toliko \u010dasa pade med soncem tudi kak\u0161na kapljica.Po nekaj urah hoje (31km) pridemo do Fisterre. Pred nami se odpre najlep\u0161i a hkrati tudi najbolj \u017ealosten pogled. Po 27 dneh hoje se bo na\u0161e potovanje [&hellip;]<\/p>\n","protected":false},"author":1,"featured_media":0,"comment_status":"open","ping_status":"open","sticky":false,"template":"","format":"standard","meta":{"site-sidebar-layout":"default","site-content-layout":"","ast-site-content-layout":"","site-content-style":"default","site-sidebar-style":"default","ast-global-header-display":"","ast-banner-title-visibility":"","ast-main-header-display":"","ast-hfb-above-header-display":"","ast-hfb-below-header-display":"","ast-hfb-mobile-header-display":"","site-post-title":"","ast-breadcrumbs-content":"","ast-featured-img":"","footer-sml-layout":"","theme-transparent-header-meta":"","adv-header-id-meta":"","stick-header-meta":"","header-above-stick-meta":"","header-main-stick-meta":"","header-below-stick-meta":"","astra-migrate-meta-layouts":"default","ast-page-background-enabled":"default","ast-page-background-meta":{"desktop":{"background-color":"var(--ast-global-color-4)","background-image":"","background-repeat":"repeat","background-position":"center center","background-size":"auto","background-attachment":"scroll","background-type":"","background-media":"","overlay-type":"","overlay-color":"","overlay-opacity":"","overlay-gradient":""},"tablet":{"background-color":"","background-image":"","background-repeat":"repeat","background-position":"center center","background-size":"auto","background-attachment":"scroll","background-type":"","background-media":"","overlay-type":"","overlay-color":"","overlay-opacity":"","overlay-gradient":""},"mobile":{"background-color":"","background-image":"","background-repeat":"repeat","background-position":"center center","background-size":"auto","background-attachment":"scroll","background-type":"","background-media":"","overlay-type":"","overlay-color":"","overlay-opacity":"","overlay-gradient":""}},"ast-content-background-meta":{"desktop":{"background-color":"var(--ast-global-color-5)","background-image":"","background-repeat":"repeat","background-position":"center center","background-size":"auto","background-attachment":"scroll","background-type":"","background-media":"","overlay-type":"","overlay-color":"","overlay-opacity":"","overlay-gradient":""},"tablet":{"background-color":"var(--ast-global-color-5)","background-image":"","background-repeat":"repeat","background-position":"center center","background-size":"auto","background-attachment":"scroll","background-type":"","background-media":"","overlay-type":"","overlay-color":"","overlay-opacity":"","overlay-gradient":""},"mobile":{"background-color":"var(--ast-global-color-5)","background-image":"","background-repeat":"repeat","background-position":"center center","background-size":"auto","background-attachment":"scroll","background-type":"","background-media":"","overlay-type":"","overlay-color":"","overlay-opacity":"","overlay-gradient":""}},"footnotes":""},"categories":[6,9],"tags":[],"class_list":["post-222","post","type-post","status-publish","format-standard","hentry","category-camino","category-camino-frances-2006"],"aioseo_notices":[],"_links":{"self":[{"href":"https:\/\/www.gogreen.si\/index.php?rest_route=\/wp\/v2\/posts\/222","targetHints":{"allow":["GET"]}}],"collection":[{"href":"https:\/\/www.gogreen.si\/index.php?rest_route=\/wp\/v2\/posts"}],"about":[{"href":"https:\/\/www.gogreen.si\/index.php?rest_route=\/wp\/v2\/types\/post"}],"author":[{"embeddable":true,"href":"https:\/\/www.gogreen.si\/index.php?rest_route=\/wp\/v2\/users\/1"}],"replies":[{"embeddable":true,"href":"https:\/\/www.gogreen.si\/index.php?rest_route=%2Fwp%2Fv2%2Fcomments&post=222"}],"version-history":[{"count":1,"href":"https:\/\/www.gogreen.si\/index.php?rest_route=\/wp\/v2\/posts\/222\/revisions"}],"predecessor-version":[{"id":2142,"href":"https:\/\/www.gogreen.si\/index.php?rest_route=\/wp\/v2\/posts\/222\/revisions\/2142"}],"wp:attachment":[{"href":"https:\/\/www.gogreen.si\/index.php?rest_route=%2Fwp%2Fv2%2Fmedia&parent=222"}],"wp:term":[{"taxonomy":"category","embeddable":true,"href":"https:\/\/www.gogreen.si\/index.php?rest_route=%2Fwp%2Fv2%2Fcategories&post=222"},{"taxonomy":"post_tag","embeddable":true,"href":"https:\/\/www.gogreen.si\/index.php?rest_route=%2Fwp%2Fv2%2Ftags&post=222"}],"curies":[{"name":"wp","href":"https:\/\/api.w.org\/{rel}","templated":true}]}}