{"id":216,"date":"2007-12-07T03:49:00","date_gmt":"2007-12-07T02:49:00","guid":{"rendered":"https:\/\/www.walk.si\/uncategorized\/camino-del-norte-2007\/"},"modified":"2007-12-07T03:49:00","modified_gmt":"2007-12-07T02:49:00","slug":"camino-del-norte-2007","status":"publish","type":"post","link":"https:\/\/www.gogreen.si\/?p=216","title":{"rendered":"Camino del Norte 2007"},"content":{"rendered":"\n<figure class=\"wp-block-image alignleft size-medium\"><img decoding=\"async\" src=\"https:\/\/www.gogreen.si\/wp-content\/uploads\/2007\/12\/20071207-022732-300x200.jpg\" alt=\"\" class=\"wp-image-737\"\/><\/figure>\n\n\n\n<p>Pozdravljeni vsi, ki me spremljate na severni Jakobovi poti oz. na Caminu del Norte. Prava pot se pri\u010dne \u0161ele jutri, a bom zaradi vseh pripetljajev pri potovanju opisal tudi prihod na izhodi\u0161\u010de. Ker so me vsi, ki so \u017eeleli izvedeti kaj ve\u010d o mojem prej\u0161njem Caminu, spra\u0161evali tudi po stro\u0161kih, bom toktat vklju\u010dil tudi to. Vse \u0161tevilke predstavljajo evre. Ve\u010dina zneskov je zaokro\u017eenih navzgor.<\/p>\n\n\n\n<p>Letos Letalske povezave niso bile tako ugodne kot lani, vendar sem tokrat zaradi zime in s tem letnim \u010dasom povezanih te\u017eav za vsak slu\u010daj startal z Ljubljanskega ups&#8230; z letali\u0161\u010da J. Pu\u010dnika. Tudi letos sem izbral nizkocenovna prevoznika, s katerimi zaenkrat nisem imel te\u017eav.<\/p>\n\n\n\n<p>Naj se potovanje pri\u010dne! Z Brnika poletim ob 20:15. Poleg mene v letalu sedijo ve\u010dinoma Slovenci in nekaj Angle\u017eev. Ve\u010dinoma oble\u010deni v elegantna obla\u010dila. Zazrem se v moje pohodne \u010devlje in hla\u010de. \u0160e vedno ne morem verjeti, da sem se ponovno podal na tiso\u010d kilometerski pohod po \u0160paniji.<\/p>\n\n\n\n<p>Po dveh urah mirnega leta se ob 21:35 znajdem na Londonskem letali\u0161\u010du.<\/p>\n\n\n\n<p>Za dobrodo\u0161lico nas pri\u010daka veter in obilo de\u017eja. Tokrat sem prav vesel, da imam oble\u010deno vodoodporno jakno s kapuco, saj moramo z letala stopiti naravnost na de\u017e. Po opravljenih obveznostih sem se odpravil v \u010dakalnico, saj sem se odlo\u010dil preno\u010diti na letali\u0161\u010du. \u017dal so bili zaradi pozne ure vsi najbolj\u0161i stoli (brez vmesnih naslonjal) \u017ee zasedeni. Priskrbim si ve\u010derjo in revijo, da me bo uspavala. Priskrbim si dva stola. Na enega nalo\u017eim nahrbtnik, na drugega se pa se usedem. Nato po vzoru ostalih potnikov poskusim zaspati v \u010dudnih polo\u017eajih. A je bilo spanja vse skupaj bore malo. Videti pa je bilo, da je preno\u010devanje v STN priljubljen \u0161port, saj so bili okrog enih po ve\u010dini zasedeni \u017ee vsi stoli. Taktat se je tudi za\u010delo po\u010dasi hladiti. Pono\u010di o\u010ditno ne ogrevajo velike spalnice, da se la\u017eje spi :). No\u010d je minila in prebudilo me je sonce. Dopoldan uredim vse potrebne formalnosti in se zaradi zamude letala vkrcam \u0161ele ob 12.30. Po dobri uri in pol letenja se ponovno znajdemo na vetru in de\u017eju.<\/p>\n\n\n\n<p>Na informacijah si priskrbim karto Biarritza. Sledila je kraj\u0161a, 2km pot do \u017eelezni\u0161ke postaje. Po dolgem \u010dakanju in polurni zamudi vlaka smo se ob 18.00 le odpeljali proti \u0160paniji.<br>V Irunu je bila zaradi pozne ure \u017ee popolna tema in vsake toliko \u010dasa se je po\u0161teno ulilo. Pogledati grem do prvega hostla in ugotovim, da je \u017ee popolnoma poln, zato se dpravim \u0161e do drugega. Tu za\u010duda ugotovim to, da ga sploh ni ve\u010d. Za\u010dnem brskati po literaturi, ko do mene stopi mlaj\u0161a dru\u017eina in me povpra\u0161a, \u010de sem pohodnik po Caminu. Razlo\u017eijo mi, da tega hostla ni ve\u010d, da pa me bosta odpeljala do nekega drugega, kjer bom lahko prespal. Gospod je namre\u010d \u017ee prehodil pot in ve kako pribli\u017eno gre vse skupaj in bo rad pomagal.<\/p>\n\n\n\n<p>Mimogrede mi zaupata \u0161e, da je jutri, v soboto pri njih &#8220;fiesta&#8221; in bodo vse trgovine zaprte. Dobro da sem imel v \u017eepu samo \u0161e kruh, ki sem ga kupil v bli\u017enji panaderiji in v nahrbtniku \u010dokolado z letali\u0161\u010da. Sicer pa bom hodil po naravi, kjer je polno trave, kakor bi rekel marsikdo, ki so se mu zamerili vegeterjanci.<\/p>\n\n\n\n<p>Vse skupaj pa niti ni tako sme\u0161no, saj je moja dnevna poraba po hribovitem terenu okrog 3000 kcal. O\u010ditno sta slutila, kako sem zalo\u017een s hrano in mi dobre volje podarila pecivo, ki sta ga za jutri\u0161nji praznik nabavila ravno preden so se zaprle trgovine. Ponudita mi tudi vo\u017enjo do bli\u017enjega hostla, ki je zagotovo v redu.<\/p>\n\n\n\n<p>Po nekaj ulicah hoje pridemo do avta. Njegova \u017eena gre z otrokom domov, midva pa se zapeljeva po nekaj kro\u017enih kri\u017ei\u0161\u010dih do hostla, ki se skriva za drevjem. Posloviva se in veselo se odpravim proti hi\u0161i, ki mi je vedno bolj znana. Izka\u017ee se, da je to tisti prvi youth hostel, ki je popolnoma poln. \u017dal sva pri\u0161la z druge strani in mi je bila hi\u0161a tuja, g. pa se je tudi \u017ee odpeljal.<\/p>\n\n\n\n<p>Toliko o prepri\u010danju mnogih ljudi, da Baski niso prijazni. Sedaj jih poznam \u017ee preve\u010d, da bi rekel, da so to le svetle izjeme.<br>Iskanje preno\u010di\u0161\u010da se zato znova lotim pe\u0161. Po priporo\u010dilu mimoido\u010dih ljudi, so v okolici \u017eelezni\u0161ke postaje privatni apartmaji. V centru mesta po nekaj krogih le najdem ugodno preno\u010di\u0161\u010de.<\/p>\n\n\n\n<p>Namestim se v sobi in po tu\u0161iranju vidim le \u0161e posteljo, odejo in stikalo za izklop lu\u010di. Ko se ule\u017eem v posteljo premi\u0161ljujem in razmi\u0161ljam.<\/p>\n\n\n\n<p>Dana\u0161nji ve\u010derni pohod po Irun-u je le potrdil moja pri\u010dakovanja, da bo na severni poti precej te\u017eje najti primerna (oz. kakr\u0161nakoli) preno\u010di\u0161\u010da in da bo hoja v tem letnem \u010dasu v primeru de\u017eja precej te\u017eja kot spomladanski Camino Frances.<\/p>\n\n\n\n<p>Letalski prevozi: 42+40<br>Vlak: 5,20<br>Hrana: 5<br>Preno\u010di\u0161\u010de: 35<\/p>\n","protected":false},"excerpt":{"rendered":"<p>Pozdravljeni vsi, ki me spremljate na severni Jakobovi poti oz. na Caminu del Norte. Prava pot se pri\u010dne \u0161ele jutri, a bom zaradi vseh pripetljajev pri potovanju opisal tudi prihod na izhodi\u0161\u010de. Ker so me vsi, ki so \u017eeleli izvedeti kaj ve\u010d o mojem prej\u0161njem Caminu, spra\u0161evali tudi po stro\u0161kih, bom toktat vklju\u010dil tudi to. [&hellip;]<\/p>\n","protected":false},"author":1,"featured_media":0,"comment_status":"open","ping_status":"open","sticky":false,"template":"","format":"standard","meta":{"site-sidebar-layout":"default","site-content-layout":"","ast-site-content-layout":"","site-content-style":"default","site-sidebar-style":"default","ast-global-header-display":"","ast-banner-title-visibility":"","ast-main-header-display":"","ast-hfb-above-header-display":"","ast-hfb-below-header-display":"","ast-hfb-mobile-header-display":"","site-post-title":"","ast-breadcrumbs-content":"","ast-featured-img":"","footer-sml-layout":"","theme-transparent-header-meta":"","adv-header-id-meta":"","stick-header-meta":"","header-above-stick-meta":"","header-main-stick-meta":"","header-below-stick-meta":"","astra-migrate-meta-layouts":"default","ast-page-background-enabled":"default","ast-page-background-meta":{"desktop":{"background-color":"var(--ast-global-color-4)","background-image":"","background-repeat":"repeat","background-position":"center center","background-size":"auto","background-attachment":"scroll","background-type":"","background-media":"","overlay-type":"","overlay-color":"","overlay-opacity":"","overlay-gradient":""},"tablet":{"background-color":"","background-image":"","background-repeat":"repeat","background-position":"center center","background-size":"auto","background-attachment":"scroll","background-type":"","background-media":"","overlay-type":"","overlay-color":"","overlay-opacity":"","overlay-gradient":""},"mobile":{"background-color":"","background-image":"","background-repeat":"repeat","background-position":"center center","background-size":"auto","background-attachment":"scroll","background-type":"","background-media":"","overlay-type":"","overlay-color":"","overlay-opacity":"","overlay-gradient":""}},"ast-content-background-meta":{"desktop":{"background-color":"var(--ast-global-color-5)","background-image":"","background-repeat":"repeat","background-position":"center center","background-size":"auto","background-attachment":"scroll","background-type":"","background-media":"","overlay-type":"","overlay-color":"","overlay-opacity":"","overlay-gradient":""},"tablet":{"background-color":"var(--ast-global-color-5)","background-image":"","background-repeat":"repeat","background-position":"center center","background-size":"auto","background-attachment":"scroll","background-type":"","background-media":"","overlay-type":"","overlay-color":"","overlay-opacity":"","overlay-gradient":""},"mobile":{"background-color":"var(--ast-global-color-5)","background-image":"","background-repeat":"repeat","background-position":"center center","background-size":"auto","background-attachment":"scroll","background-type":"","background-media":"","overlay-type":"","overlay-color":"","overlay-opacity":"","overlay-gradient":""}},"footnotes":""},"categories":[6,7,14],"tags":[],"class_list":["post-216","post","type-post","status-publish","format-standard","hentry","category-camino","category-camino-del-norte-2007","category-trekking"],"aioseo_notices":[],"_links":{"self":[{"href":"https:\/\/www.gogreen.si\/index.php?rest_route=\/wp\/v2\/posts\/216","targetHints":{"allow":["GET"]}}],"collection":[{"href":"https:\/\/www.gogreen.si\/index.php?rest_route=\/wp\/v2\/posts"}],"about":[{"href":"https:\/\/www.gogreen.si\/index.php?rest_route=\/wp\/v2\/types\/post"}],"author":[{"embeddable":true,"href":"https:\/\/www.gogreen.si\/index.php?rest_route=\/wp\/v2\/users\/1"}],"replies":[{"embeddable":true,"href":"https:\/\/www.gogreen.si\/index.php?rest_route=%2Fwp%2Fv2%2Fcomments&post=216"}],"version-history":[{"count":0,"href":"https:\/\/www.gogreen.si\/index.php?rest_route=\/wp\/v2\/posts\/216\/revisions"}],"wp:attachment":[{"href":"https:\/\/www.gogreen.si\/index.php?rest_route=%2Fwp%2Fv2%2Fmedia&parent=216"}],"wp:term":[{"taxonomy":"category","embeddable":true,"href":"https:\/\/www.gogreen.si\/index.php?rest_route=%2Fwp%2Fv2%2Fcategories&post=216"},{"taxonomy":"post_tag","embeddable":true,"href":"https:\/\/www.gogreen.si\/index.php?rest_route=%2Fwp%2Fv2%2Ftags&post=216"}],"curies":[{"name":"wp","href":"https:\/\/api.w.org\/{rel}","templated":true}]}}