{"id":211,"date":"2007-12-12T16:43:00","date_gmt":"2007-12-12T15:43:00","guid":{"rendered":"https:\/\/www.walk.si\/uncategorized\/cenarruza-morga\/"},"modified":"2007-12-12T16:43:00","modified_gmt":"2007-12-12T15:43:00","slug":"cenarruza-morga","status":"publish","type":"post","link":"https:\/\/www.gogreen.si\/?p=211","title":{"rendered":"Cenarruza-Morga"},"content":{"rendered":"<div style=\"clear: both; text-align: center;\"><a href=\"http:\/\/3.bp.blogspot.com\/_wfRQwsEuJjI\/TSHDjhkHWeI\/AAAAAAAAB_M\/vnMVOjtAzYk\/s1600\/IMG_0283.jpg\" style=\"clear: left; float: left; margin-bottom: 1em; margin-right: 1em;\"><img loading=\"lazy\" decoding=\"async\" border=\"0\" height=\"213\" src=\"http:\/\/3.bp.blogspot.com\/_wfRQwsEuJjI\/TSHDjhkHWeI\/AAAAAAAAB_M\/vnMVOjtAzYk\/s320\/IMG_0283.jpg\" width=\"320\" \/><\/a><\/div>\n<p>Ayer: mucho barro y duro. Oy: bonito y buen tiempo.<br \/>Pono\u010di je bila temperatura kar ugodna, sicer sem pa spal v termu. Jutro je ponovno pri\u0161lo prehitro in da me ne bi zbudili menihi, sem raje sam vstal nekoliko prej. Ponovno natan\u010dno ob dogovorjeni uri potrka menih in mi prinese ogromen vr\u010d vro\u010de bele kave in ko\u0161 kruha. \u0160e nekoliko v mraku se podam v smeri Gernike.<br \/>Zunaj je mrzlo, povsod je slana, a temperatura le ni dovolj nizka, da bi zmrzovale tudi lu\u017ee in blato.<br \/>Pot je zmerna, po\u010dasi se dviga dober kilometer, nato se spusti levo, po asfaltni cesti. Kjer ni trdne podlage, je blata \u0161e vedno na pretek. Prijazen kmet, ki je tudi \u017ee zgoden, mi ponudi hojo po njegovem travniku, saj so na stezi krave popolnoma preme\u0161ale zemljo in vodo. Vsaka hi\u0161a ima vsaj dva psa in tako sem spoznal verjetno \u017ee skoraj vse mo\u017ene me\u0161anice ov\u010darjev, labradorcev in zlatih prina\u0161alcev, pa vejetno \u0161e vse kaj drugega. So pa vsi po vrsti prijazni.<br \/>Po\u010dasi prisopiham do kraja, kjer za\u010dne zmanjkovati rumenih pu\u0161\u010dic. Ker ni nikjer \u010dloveka, ki bi ga lahko vpra\u0161al za pot se odlo\u010dim za metodo poskusov in napak. Pot se razdeli in odlo\u010dim se za tisto z zumeno in belo \u010drto (tu imajo poti ozna\u010dene z rumeno pu\u0161\u010dico, rumeno-belo \u010drto, rde\u010de-belo \u010drto in modro-belo \u010drto &#8211; te sem zasledil do sedaj). Po kak\u0161nem kilometru se kon\u010da in odidem nazaj. Sledi druga pot, in kmalu se poka\u017eejo rumene pu\u0161\u010dice, za katere se izka\u017ee da imajo popolnoma drug pomen, saj se tudi ta pot po dobrem km. kon\u010da. Za tretjo pot se nisem odlo\u010dil, saj je potekala v popolnoma napa\u010dni smeri. Odlo\u010dim se da grem nazaj in poskusim najti kak\u0161no zbledel smerokaz. Izk z lo se je, da sem enega spre ledal, saj se je skrival v grmovju, kjer se je pot skrenila z glavne ceste. Kon\u010dno na pravi poti, a izgubil sem ve\u010d kot uro \u010dasa in prehodil dodatne 4km. Na poti sem moral \u0161e enkrat nekaj 100m nazaj, saj je bila oznaka na drugi strani stebra in kazala nazaj na pot, katere smer se je spremenila za ve\u010d kot 120 stopinj.<br \/>Precej\u0161enj zaostanek me je prisilil, da se v Gerniki nisem ustavljal. Pozno popoldan pridem do Morge, kjer pokli\u010dem hostel, kjer naj bi govorili tudi angle\u0161ko hahaha&#8230; Samo \u0161pansko. Nekako se dogovorim, da pridem prespat. \u010ce ni nikogar, ta hostel ki je oddaljen 3km od poti, enostavno zaprejo.<br \/>V Morgi je \u017ee trdna tema in seveda ne duha ne sluha o kak\u0161nem hostlu. Prveg mo\u017enega prebivalca vpra\u0161am za nasvet a mi pove, da je precej zapleteno do tja, pa \u0161e dale\u010d je, zato me bo kar peljal.<br \/>Hostel je kar velik in zelo topel. Tudi danes sem edini gost. Po tu\u0161iranju in ve\u010derji s hotelirjem sledi \u0161e pranje perila, telefoniranje v Bilbao za jutri\u0161nje preno\u010do\u0161\u010de in dolo\u010danje tistega za pojutri\u0161njem. Izka\u017ee se, da ga bo te\u017eko najti. Vmesni trije so zaprti, \u010detrti pa je oddaljen \u017ee ve\u010d kot 50km. Upam, da bom jutri v Bilbao-u dobil kak\u0161en namig.<\/p>\n<p>Ve\u010derja + no\u010ditev + zajtrk: 20<br \/><a href=\"https:\/\/connect.garmin.com\/modern\/activity\/837173503\">Trasa poti<\/a><\/p>\n","protected":false},"excerpt":{"rendered":"<p>Ayer: mucho barro y duro. Oy: bonito y buen tiempo.Pono\u010di je bila temperatura kar ugodna, sicer sem pa spal v termu. Jutro je ponovno pri\u0161lo prehitro in da me ne bi zbudili menihi, sem raje sam vstal nekoliko prej. Ponovno natan\u010dno ob dogovorjeni uri potrka menih in mi prinese ogromen vr\u010d vro\u010de bele kave in [&hellip;]<\/p>\n","protected":false},"author":1,"featured_media":0,"comment_status":"open","ping_status":"open","sticky":false,"template":"","format":"standard","meta":{"site-sidebar-layout":"default","site-content-layout":"","ast-site-content-layout":"","site-content-style":"default","site-sidebar-style":"default","ast-global-header-display":"","ast-banner-title-visibility":"","ast-main-header-display":"","ast-hfb-above-header-display":"","ast-hfb-below-header-display":"","ast-hfb-mobile-header-display":"","site-post-title":"","ast-breadcrumbs-content":"","ast-featured-img":"","footer-sml-layout":"","theme-transparent-header-meta":"","adv-header-id-meta":"","stick-header-meta":"","header-above-stick-meta":"","header-main-stick-meta":"","header-below-stick-meta":"","astra-migrate-meta-layouts":"default","ast-page-background-enabled":"default","ast-page-background-meta":{"desktop":{"background-color":"var(--ast-global-color-4)","background-image":"","background-repeat":"repeat","background-position":"center center","background-size":"auto","background-attachment":"scroll","background-type":"","background-media":"","overlay-type":"","overlay-color":"","overlay-opacity":"","overlay-gradient":""},"tablet":{"background-color":"","background-image":"","background-repeat":"repeat","background-position":"center center","background-size":"auto","background-attachment":"scroll","background-type":"","background-media":"","overlay-type":"","overlay-color":"","overlay-opacity":"","overlay-gradient":""},"mobile":{"background-color":"","background-image":"","background-repeat":"repeat","background-position":"center center","background-size":"auto","background-attachment":"scroll","background-type":"","background-media":"","overlay-type":"","overlay-color":"","overlay-opacity":"","overlay-gradient":""}},"ast-content-background-meta":{"desktop":{"background-color":"var(--ast-global-color-5)","background-image":"","background-repeat":"repeat","background-position":"center center","background-size":"auto","background-attachment":"scroll","background-type":"","background-media":"","overlay-type":"","overlay-color":"","overlay-opacity":"","overlay-gradient":""},"tablet":{"background-color":"var(--ast-global-color-5)","background-image":"","background-repeat":"repeat","background-position":"center center","background-size":"auto","background-attachment":"scroll","background-type":"","background-media":"","overlay-type":"","overlay-color":"","overlay-opacity":"","overlay-gradient":""},"mobile":{"background-color":"var(--ast-global-color-5)","background-image":"","background-repeat":"repeat","background-position":"center center","background-size":"auto","background-attachment":"scroll","background-type":"","background-media":"","overlay-type":"","overlay-color":"","overlay-opacity":"","overlay-gradient":""}},"footnotes":""},"categories":[6,7,14],"tags":[],"class_list":["post-211","post","type-post","status-publish","format-standard","hentry","category-camino","category-camino-del-norte-2007","category-trekking"],"aioseo_notices":[],"_links":{"self":[{"href":"https:\/\/www.gogreen.si\/index.php?rest_route=\/wp\/v2\/posts\/211","targetHints":{"allow":["GET"]}}],"collection":[{"href":"https:\/\/www.gogreen.si\/index.php?rest_route=\/wp\/v2\/posts"}],"about":[{"href":"https:\/\/www.gogreen.si\/index.php?rest_route=\/wp\/v2\/types\/post"}],"author":[{"embeddable":true,"href":"https:\/\/www.gogreen.si\/index.php?rest_route=\/wp\/v2\/users\/1"}],"replies":[{"embeddable":true,"href":"https:\/\/www.gogreen.si\/index.php?rest_route=%2Fwp%2Fv2%2Fcomments&post=211"}],"version-history":[{"count":0,"href":"https:\/\/www.gogreen.si\/index.php?rest_route=\/wp\/v2\/posts\/211\/revisions"}],"wp:attachment":[{"href":"https:\/\/www.gogreen.si\/index.php?rest_route=%2Fwp%2Fv2%2Fmedia&parent=211"}],"wp:term":[{"taxonomy":"category","embeddable":true,"href":"https:\/\/www.gogreen.si\/index.php?rest_route=%2Fwp%2Fv2%2Fcategories&post=211"},{"taxonomy":"post_tag","embeddable":true,"href":"https:\/\/www.gogreen.si\/index.php?rest_route=%2Fwp%2Fv2%2Ftags&post=211"}],"curies":[{"name":"wp","href":"https:\/\/api.w.org\/{rel}","templated":true}]}}