{"id":210,"date":"2007-12-13T11:55:00","date_gmt":"2007-12-13T10:55:00","guid":{"rendered":"https:\/\/www.walk.si\/uncategorized\/meakur-bilbao\/"},"modified":"2007-12-13T11:55:00","modified_gmt":"2007-12-13T10:55:00","slug":"meakur-bilbao","status":"publish","type":"post","link":"https:\/\/www.gogreen.si\/?p=210","title":{"rendered":"Meakur-Bilbao"},"content":{"rendered":"<div style=\"clear: both; text-align: center;\"><a href=\"http:\/\/2.bp.blogspot.com\/_wfRQwsEuJjI\/TSHDk-sgsQI\/AAAAAAAAB_Y\/OatOrtgPgDQ\/s1600\/IMG_0293.jpg\" style=\"clear: left; float: left; margin-bottom: 1em; margin-right: 1em;\"><img loading=\"lazy\" decoding=\"async\" border=\"0\" src=\"http:\/\/2.bp.blogspot.com\/_wfRQwsEuJjI\/TSHDk-sgsQI\/AAAAAAAAB_Y\/OatOrtgPgDQ\/s320\/IMG_0293.jpg\" height=\"213\" width=\"320\" \/><\/a><\/div>\n<p>Spalnica je bila pono\u010di tako vro\u010da, da sem komaj spal, zajtrk pa \u0161e zdale\u010d ni bil tako to\u010dno na mizi kot pri menihih. Zamujal je pol ure, a ker tudi sam \u0161e nisem vsega postoril, me to ni ni\u010d motilo. Zunaj je ponovno mrzlo in ker sem zgoden \u0161e precej temno. Najti moram \u0161e Camino, saj je hostel v Meakurju in je oddaljen 3km od poti v Morgi, pa \u0161e v\u010deraj sem se to pot pripeljal z avtom po \u010dudnih cestah. Na karti so vrisane poti, ki bi me dokaj hitro pripeljale do izhodi\u0161\u010da. Le te pa so zara\u0161\u010dene in se le po pol\u017eje prebijam. Po eni uri kon\u010dno nadaljujem, kjer sem v\u010deraj kon\u010dal. Ker je son\u010dno so tudi poti malenkost bolj suhe. Ponekod se blato celo ne ugreza ve\u010d. Kmalu pridem do asfaltne ceste in kilometri te\u010dejo hitro, ura pa po\u010dasi, tako da malo upo\u010dasnim tempo, saj bo hosteliera odprla hostel \u0161ele ob 18h. Proti prej\u0161njim dnem, je dana\u0161nji prava \u0161ala. Za mano nekdo besno trobi in ko se ozrem, sedi v avtu gospod, ki me je v\u010deraj peljal do hostla in na vse pretege maha ter se smeji. Zares dobrovoljni ljudje. Na nekaterih delih je pot tako ozka in trnjeva, kot bi se prebijal k Trnulj\u010dici. Jakna, hla\u010de in spodaj ko\u017ea zo sicer precej odporni, a na koncu le nekoliko popustijo. Rezultat so izvle\u010dene niti in popraskane noge. Cel dan me tudi nizko preletavajo letala, ki pristajajo na letali\u0161\u010du v Bilbao-u.<br \/>V trgovini si nabavim nekaj potreb\u0161\u010din, kot je npr. krta\u010da za \u010di\u0161\u010denje blata, hrana za danes in nekaj zaloge za jutri\u0161nji podvig.<br \/>Po dvajsetih kilometrih se pot ponovno vzpne. In ko sem \u017ee mislil, da sem za danes opravi z blatom, pod nogami veselo za\u010dofota.<br \/>Povzpnem se na okrog 450m visok hrib Monte Avril nad Bilbao-m, ki je precej obiskan. Sledi \u0161e spust do preno\u010di\u0161\u010da na za\u010detku mesta.<br \/>Seveda sem przgogen, zato se preobujem in pomalicam. Delavci iz sosednjega lokala me povabi o v prostore, da ne bom zunaj zmrzoval. Med drugim se ukvarjajo tudi z izkori\u0161\u010danjem altermativnih virov el. Energije. S testnim sistemom, ki ga imajo so pridobili \u017ee 20103kwh, s \u010dimer so naravi prizanesli s 19097kg CO2.<br \/>Ura je hitro 18 in tako se v hostlu udobno namestim in stu\u0161iram. Nekaj ulic stran obi\u0161\u010dem trgovino s kruhom in sla\u0161\u010dicami ter drugo s sadjem.<br \/>Jutri bi moral do prve mo\u017ene no\u010ditve prehoditi nekaj ve\u010d kot 50km. Obstaja \u0161e mo\u017enost, da se prvih 15km peljem z Metrojem do Portugalete, da ne bom imel konec dneva te\u017eav. Menda je tudi pot nezanimiva in verjetno bom izkoristil slednjo mo\u017enost.<\/p>\n<p>Hrana: 14<br \/>Preno\u010di\u0161\u010de + zajtrk: 10<br \/>Ostalo: 2<br \/><a href=\"https:\/\/connect.garmin.com\/modern\/activity\/837104494\">Trasa poti<\/a><\/p>\n","protected":false},"excerpt":{"rendered":"<p>Spalnica je bila pono\u010di tako vro\u010da, da sem komaj spal, zajtrk pa \u0161e zdale\u010d ni bil tako to\u010dno na mizi kot pri menihih. Zamujal je pol ure, a ker tudi sam \u0161e nisem vsega postoril, me to ni ni\u010d motilo. Zunaj je ponovno mrzlo in ker sem zgoden \u0161e precej temno. Najti moram \u0161e Camino, [&hellip;]<\/p>\n","protected":false},"author":1,"featured_media":0,"comment_status":"open","ping_status":"open","sticky":false,"template":"","format":"standard","meta":{"site-sidebar-layout":"default","site-content-layout":"","ast-site-content-layout":"","site-content-style":"default","site-sidebar-style":"default","ast-global-header-display":"","ast-banner-title-visibility":"","ast-main-header-display":"","ast-hfb-above-header-display":"","ast-hfb-below-header-display":"","ast-hfb-mobile-header-display":"","site-post-title":"","ast-breadcrumbs-content":"","ast-featured-img":"","footer-sml-layout":"","theme-transparent-header-meta":"","adv-header-id-meta":"","stick-header-meta":"","header-above-stick-meta":"","header-main-stick-meta":"","header-below-stick-meta":"","astra-migrate-meta-layouts":"default","ast-page-background-enabled":"default","ast-page-background-meta":{"desktop":{"background-color":"var(--ast-global-color-4)","background-image":"","background-repeat":"repeat","background-position":"center center","background-size":"auto","background-attachment":"scroll","background-type":"","background-media":"","overlay-type":"","overlay-color":"","overlay-opacity":"","overlay-gradient":""},"tablet":{"background-color":"","background-image":"","background-repeat":"repeat","background-position":"center center","background-size":"auto","background-attachment":"scroll","background-type":"","background-media":"","overlay-type":"","overlay-color":"","overlay-opacity":"","overlay-gradient":""},"mobile":{"background-color":"","background-image":"","background-repeat":"repeat","background-position":"center center","background-size":"auto","background-attachment":"scroll","background-type":"","background-media":"","overlay-type":"","overlay-color":"","overlay-opacity":"","overlay-gradient":""}},"ast-content-background-meta":{"desktop":{"background-color":"var(--ast-global-color-5)","background-image":"","background-repeat":"repeat","background-position":"center center","background-size":"auto","background-attachment":"scroll","background-type":"","background-media":"","overlay-type":"","overlay-color":"","overlay-opacity":"","overlay-gradient":""},"tablet":{"background-color":"var(--ast-global-color-5)","background-image":"","background-repeat":"repeat","background-position":"center center","background-size":"auto","background-attachment":"scroll","background-type":"","background-media":"","overlay-type":"","overlay-color":"","overlay-opacity":"","overlay-gradient":""},"mobile":{"background-color":"var(--ast-global-color-5)","background-image":"","background-repeat":"repeat","background-position":"center center","background-size":"auto","background-attachment":"scroll","background-type":"","background-media":"","overlay-type":"","overlay-color":"","overlay-opacity":"","overlay-gradient":""}},"footnotes":""},"categories":[6,7,14],"tags":[],"class_list":["post-210","post","type-post","status-publish","format-standard","hentry","category-camino","category-camino-del-norte-2007","category-trekking"],"aioseo_notices":[],"_links":{"self":[{"href":"https:\/\/www.gogreen.si\/index.php?rest_route=\/wp\/v2\/posts\/210","targetHints":{"allow":["GET"]}}],"collection":[{"href":"https:\/\/www.gogreen.si\/index.php?rest_route=\/wp\/v2\/posts"}],"about":[{"href":"https:\/\/www.gogreen.si\/index.php?rest_route=\/wp\/v2\/types\/post"}],"author":[{"embeddable":true,"href":"https:\/\/www.gogreen.si\/index.php?rest_route=\/wp\/v2\/users\/1"}],"replies":[{"embeddable":true,"href":"https:\/\/www.gogreen.si\/index.php?rest_route=%2Fwp%2Fv2%2Fcomments&post=210"}],"version-history":[{"count":0,"href":"https:\/\/www.gogreen.si\/index.php?rest_route=\/wp\/v2\/posts\/210\/revisions"}],"wp:attachment":[{"href":"https:\/\/www.gogreen.si\/index.php?rest_route=%2Fwp%2Fv2%2Fmedia&parent=210"}],"wp:term":[{"taxonomy":"category","embeddable":true,"href":"https:\/\/www.gogreen.si\/index.php?rest_route=%2Fwp%2Fv2%2Fcategories&post=210"},{"taxonomy":"post_tag","embeddable":true,"href":"https:\/\/www.gogreen.si\/index.php?rest_route=%2Fwp%2Fv2%2Ftags&post=210"}],"curies":[{"name":"wp","href":"https:\/\/api.w.org\/{rel}","templated":true}]}}