{"id":205,"date":"2007-12-18T16:32:00","date_gmt":"2007-12-18T15:32:00","guid":{"rendered":"https:\/\/www.walk.si\/uncategorized\/santander-camplengo\/"},"modified":"2007-12-18T16:32:00","modified_gmt":"2007-12-18T15:32:00","slug":"santander-camplengo","status":"publish","type":"post","link":"https:\/\/www.gogreen.si\/?p=205","title":{"rendered":"Santander-Camplengo"},"content":{"rendered":"<div style=\"clear: both; text-align: center;\"><a href=\"http:\/\/3.bp.blogspot.com\/_wfRQwsEuJjI\/TSHD24yDGTI\/AAAAAAAACCU\/HvqRPQrrXlY\/s1600\/IMG_0527.jpg\" style=\"clear: left; float: left; margin-bottom: 1em; margin-right: 1em;\"><img loading=\"lazy\" decoding=\"async\" border=\"0\" src=\"http:\/\/3.bp.blogspot.com\/_wfRQwsEuJjI\/TSHD24yDGTI\/AAAAAAAACCU\/HvqRPQrrXlY\/s320\/IMG_0527.jpg\" height=\"213\" width=\"320\" \/><\/a><\/div>\n<p>V spalnici zjutraj izmerim 11 stopinj in ni\u010d se mi ne da iz tople vre\u010de. Po zajtrku se ob pol devetih kon\u010dno odpravim \u010dez center Santandra, proti zahodu. Na ulicah je \u017eivahno, saj se vsi odpravljajo v slu\u017ebe. Na cesti za\u010duda ni gne\u010de. Po plo\u010dniku pa se komaj prebijam. Po dobrih petih kilometrih kon\u010dno pridem do predmestja. V mestu je zaradi visokih stavb \u0161e temno in hladno. Tu pa \u017ee sveti sonce. Vasi so precej bolj prijazne od mest. Enako velja za prebivalce. Edina prednost mest je ta, da ni te\u017eko najti kak\u0161ne -brezpla\u010dne- Internetne dostopne to\u010dke.<br \/>\u0160ele danes v mi\u0161icah \u010dutim predv\u010deraj\u0161njih 52 kilometrov, zato potujem nekoliko po\u010dasneje. Do ve\u010dera bom \u017ee pri\u0161el do kak\u0161nega preno\u010di\u0161\u010da. <br \/>V\u010deraj\u0161nja hosteliera mi je na sre\u010do zaupala bli\u017enjico, ki mi bo dana\u0161njo pot skraj\u0161ala za pribli\u017eno 8km. Vseeno jih bom moral prehoditi 36. Hodim mimo Pe\u00f1acastillo in vse do Boo de Pielagosa je pot precej dolgo\u010dasna. Sledi bli\u017enjica ob progi in \u010dez most. Do tu se ozra\u010dje \u017ee lepo ogreje, a rokavice so vseeno potrebne.<br \/>Kmalu se dvignem na hrib in od tu je pogled precej bolj zanimiv, saj na desni strani lahko opazujem obalo in morje. Vreme je son\u010dno, a tu pri\u010dne kar mo\u010dno pihati. Nahrbtnik nudi \u0161e dodaten upor in sunki vetra se ob hoji po\u0161teno \u010dutijo. Na va\u0161kem izviru, kjer vsi na veliko polnijo plastenke, se tudi sam oskrbim z dodatno koli\u010dino vode.<br \/>Na poti izven Santandra sre\u010dam le pe\u0161\u010dico naklju\u010dnih sprehajalcev. Vsi pa so zaviti v pla\u0161\u010de in \u0161ale in na obrazih se jim vidi, da so popolnoma premra\u017eeni.<br \/>Nekje okrog Oru\u00f1a pri\u010dnem hoditi ob cevovodu, za katerega res ne vem \u010demu bi slu\u017eil, a se ne kon\u010da vse do Cudon-a. Cevi so speljane kar po vrhu in vodijo do neke tovarne.<br \/>V Camplengu, majhnem naselju poi\u0161\u010dem Alberge Arco Iris (mavrica), ker me sprejmeta starej\u0161a gospa in gospod. Takoj dobim vro\u010d kakav, na ve\u010derjo bom moral pa malo po\u010dakati, ker je kuhar sin. Zaradi mraza mi za tu\u0161iranje nudijo svojo kopalnico, pa \u0161e brisa\u010do dobim, da mi ne bo treba su\u0161iti svoje.<br \/>Medtem sin \u017ee skuha ve\u010derjo, vsi skupaj pa gledamo televizijo, na kateri povsod predvajajo samo novice o snegu in mrazu in \u0161e ve\u010djem mrazu itd. itd. Pravijo, da je res nenormalno mrzlo. V odprtem kaminu, ki ne zale\u017ee prav veliko kurijo kolikor se da in soba je \u017ee prav lepo zadimljena. Vsi bomo lepo prekajeni. V tej hi\u0161i tako kot verjetno v \u0161e kateri drugi nimajo centralnega ogrevanja.<br \/>Trenutno sem prehodil pribli\u017eno tretjino poti in \u010de bo \u0161e kak\u0161en dan brez de\u017eja, potem bi moralo po statistiki do konca poti le \u0161e de\u017eevati oz. sne\u017eiti. V primeru snega pa je pot zelo te\u017eko nadaljevati, saj se talne oznake skrijejo.<br \/>To, da sem v hostlu \u0161e vedno in ponovno sam verjetno nima smisla ponavljati. In ko pi\u0161em ta dnevnik, se po\u0161teno kadi ko diham. Pri gostiteljih, ki vodijo statistike, je videti, da jih celo leto obi\u0161\u010de okrog 2000 gostov, decembra in januarja skupaj pa le 5-10.<\/p>\n<p>Hrana: 1,5 + zaloge<br \/>No\u010ditev+ve\u010derja+zajtrk: 18<br \/><a href=\"https:\/\/connect.garmin.com\/modern\/activity\/837012286\">Trasa poti<\/a><\/p>\n","protected":false},"excerpt":{"rendered":"<p>V spalnici zjutraj izmerim 11 stopinj in ni\u010d se mi ne da iz tople vre\u010de. Po zajtrku se ob pol devetih kon\u010dno odpravim \u010dez center Santandra, proti zahodu. Na ulicah je \u017eivahno, saj se vsi odpravljajo v slu\u017ebe. Na cesti za\u010duda ni gne\u010de. Po plo\u010dniku pa se komaj prebijam. Po dobrih petih kilometrih kon\u010dno pridem [&hellip;]<\/p>\n","protected":false},"author":1,"featured_media":0,"comment_status":"open","ping_status":"open","sticky":false,"template":"","format":"standard","meta":{"site-sidebar-layout":"default","site-content-layout":"","ast-site-content-layout":"","site-content-style":"default","site-sidebar-style":"default","ast-global-header-display":"","ast-banner-title-visibility":"","ast-main-header-display":"","ast-hfb-above-header-display":"","ast-hfb-below-header-display":"","ast-hfb-mobile-header-display":"","site-post-title":"","ast-breadcrumbs-content":"","ast-featured-img":"","footer-sml-layout":"","theme-transparent-header-meta":"","adv-header-id-meta":"","stick-header-meta":"","header-above-stick-meta":"","header-main-stick-meta":"","header-below-stick-meta":"","astra-migrate-meta-layouts":"default","ast-page-background-enabled":"default","ast-page-background-meta":{"desktop":{"background-color":"var(--ast-global-color-4)","background-image":"","background-repeat":"repeat","background-position":"center center","background-size":"auto","background-attachment":"scroll","background-type":"","background-media":"","overlay-type":"","overlay-color":"","overlay-opacity":"","overlay-gradient":""},"tablet":{"background-color":"","background-image":"","background-repeat":"repeat","background-position":"center center","background-size":"auto","background-attachment":"scroll","background-type":"","background-media":"","overlay-type":"","overlay-color":"","overlay-opacity":"","overlay-gradient":""},"mobile":{"background-color":"","background-image":"","background-repeat":"repeat","background-position":"center center","background-size":"auto","background-attachment":"scroll","background-type":"","background-media":"","overlay-type":"","overlay-color":"","overlay-opacity":"","overlay-gradient":""}},"ast-content-background-meta":{"desktop":{"background-color":"var(--ast-global-color-5)","background-image":"","background-repeat":"repeat","background-position":"center center","background-size":"auto","background-attachment":"scroll","background-type":"","background-media":"","overlay-type":"","overlay-color":"","overlay-opacity":"","overlay-gradient":""},"tablet":{"background-color":"var(--ast-global-color-5)","background-image":"","background-repeat":"repeat","background-position":"center center","background-size":"auto","background-attachment":"scroll","background-type":"","background-media":"","overlay-type":"","overlay-color":"","overlay-opacity":"","overlay-gradient":""},"mobile":{"background-color":"var(--ast-global-color-5)","background-image":"","background-repeat":"repeat","background-position":"center center","background-size":"auto","background-attachment":"scroll","background-type":"","background-media":"","overlay-type":"","overlay-color":"","overlay-opacity":"","overlay-gradient":""}},"footnotes":""},"categories":[6,7,14],"tags":[],"class_list":["post-205","post","type-post","status-publish","format-standard","hentry","category-camino","category-camino-del-norte-2007","category-trekking"],"aioseo_notices":[],"_links":{"self":[{"href":"https:\/\/www.gogreen.si\/index.php?rest_route=\/wp\/v2\/posts\/205","targetHints":{"allow":["GET"]}}],"collection":[{"href":"https:\/\/www.gogreen.si\/index.php?rest_route=\/wp\/v2\/posts"}],"about":[{"href":"https:\/\/www.gogreen.si\/index.php?rest_route=\/wp\/v2\/types\/post"}],"author":[{"embeddable":true,"href":"https:\/\/www.gogreen.si\/index.php?rest_route=\/wp\/v2\/users\/1"}],"replies":[{"embeddable":true,"href":"https:\/\/www.gogreen.si\/index.php?rest_route=%2Fwp%2Fv2%2Fcomments&post=205"}],"version-history":[{"count":0,"href":"https:\/\/www.gogreen.si\/index.php?rest_route=\/wp\/v2\/posts\/205\/revisions"}],"wp:attachment":[{"href":"https:\/\/www.gogreen.si\/index.php?rest_route=%2Fwp%2Fv2%2Fmedia&parent=205"}],"wp:term":[{"taxonomy":"category","embeddable":true,"href":"https:\/\/www.gogreen.si\/index.php?rest_route=%2Fwp%2Fv2%2Fcategories&post=205"},{"taxonomy":"post_tag","embeddable":true,"href":"https:\/\/www.gogreen.si\/index.php?rest_route=%2Fwp%2Fv2%2Ftags&post=205"}],"curies":[{"name":"wp","href":"https:\/\/api.w.org\/{rel}","templated":true}]}}