{"id":200,"date":"2007-12-23T14:42:00","date_gmt":"2007-12-23T13:42:00","guid":{"rendered":"https:\/\/www.walk.si\/uncategorized\/sebrayo-gijon\/"},"modified":"2007-12-23T14:42:00","modified_gmt":"2007-12-23T13:42:00","slug":"sebrayo-gijon","status":"publish","type":"post","link":"https:\/\/www.gogreen.si\/?p=200","title":{"rendered":"Sebrayo &#8211; Gijon"},"content":{"rendered":"<div style=\"clear: both; text-align: center;\"><a href=\"http:\/\/4.bp.blogspot.com\/_wfRQwsEuJjI\/TSHEF0P4JEI\/AAAAAAAACE4\/_wPi1AOJ4Fw\/s1600\/IMG_0795.jpg\" style=\"clear: left; float: left; margin-bottom: 1em; margin-right: 1em;\"><img loading=\"lazy\" decoding=\"async\" border=\"0\" src=\"http:\/\/4.bp.blogspot.com\/_wfRQwsEuJjI\/TSHEF0P4JEI\/AAAAAAAACE4\/_wPi1AOJ4Fw\/s320\/IMG_0795.jpg\" height=\"213\" width=\"320\" \/><\/a><\/div>\n<p>Zjutraj prav hitro pospravim vse stvari v nahrbtnik, si pripravim topel \ud83d\ude42 zajtrk in nekaj pred deveto odidem novim dogodiv\u0161\u010dinam naproti. Klju\u010d vr\u017eem v nabiralnik hi\u0161e \u0161t. 7. Prav veliko ve\u010d \u0161tevilk v tej vasi ni.<br \/>Zazrem se v nebo, ki je brez oblaka. Ponovno bo lep dan. Poti pa bodo razmo\u010dene, saj je v\u010deraj de\u017eevalo. Sledim poti, prebiram knjigo, ki za danes napoveduje 29km poti. A to ni bila najbolj\u0161a poteza. Izmuzne se mi smerokaz, a vseeno sledim cesti, saj tudi ta vodi v Villavisciosa-o. Izognil se bom le eni blatni poti in naredil pribli\u017eno 500m ve\u010d. Pot je danes vertikalno razgibana in \u017ee pri prvem vzponu se tokrat v levi nogi pojavi znana bole\u010dina. Popolnoma enaka kot lani, le druga noga. \u010ce je to res, bodo sledili \u0161tirje neznansko dolgi dnevi, nato pa bo v \u0161tirinajstih dneh bole\u010dina po\u010dasi popu\u0161\u010dala.<br \/>Poti so zares blatne in v zraku je vlaga, tako da vidljivost ni ravno najbolj\u0161a. Temperatura po\u010dasi nara\u0161\u010da in kmalu dose\u017ee okrog 17 stopinj. Pomislim na ljubljansko meglo in nizke temperature, tu pa pravo pomladno vreme&#8230;<br \/>Na dana\u0161nji etapi se moram odlo\u010diti, ali nadaljujem pot po severnem caminu Gijon &#8211; Aviles &#8211; Ribadeo &#8211; Baamonde &#8211; Lavacolla, ali pa najstarej\u0161em znanem Caminu Primitivo Oviedo &#8211; Polla de Allende &#8211; Lugo &#8211; Arzua. Slednji je zahtevnej\u0161i in za ta letni \u010das manj primeren. Po\u010dakati bo moral na kak\u0161no drugo prilo\u017enost. Nadaljujem po Camunu del Norte.<br \/>Za Nievares-om se pot strmo vzpne na okrog 440m visok hrib. Napredujem zelo po\u010dasi, a vseeno u\u017eivam, ko se nadiham sve\u017eega zraka, prepojenega z vonjavami sve\u017ee posekanih evkvaliptusovih dreves.<br \/>Pri\u010dnem ra\u010dunati razdalje in \u010das. Knjiga se ponovno moti za okrog 5km. Moj \u010das prihoda v Gijon bo okrog 19h.<br \/>Kakor se je pot hitro vzpela, tako se tudi hitro spusti do Peon-a, ki je na 23km. dana\u0161nje poti. Tu me ustavi starej\u0161a \u017eenska in bolj ko jo gledam, manj mi je jasno. Razlo\u017ei mi, da me je sre\u010dala v Villavisciosa-i in da sem gotovo \u017ee la\u010den. Povabi me v Bar, kjer skupaj z njenima h\u010derkama pomalicamo. O kak\u0161nem pla\u010dilu niti ni hotela sli\u0161ati. Do Santiaga je \u0161e dale\u010d.<br \/>Povpra\u0161ajo me po dana\u0161njem cilju, in ker se h\u010derki vra\u010data v Gijon na delo, mi ponudijo prevoz. Ko pomislim na svojo nogo, takoj sprejmem povabilo, saj bi me \u010dakalo \u0161e 10km hoje.<br \/>Ke tu v Gijonu ni hostla za romarje, si poi\u0161\u010dem hostal. Pove ceno 25,75 eur in za\u010dnem na glas razmi\u0161ljati, koliko je \u017ee to veintecinco&#8230;<br \/>V redu, v redu pravi, ampak 22 je pa res najmanj, kar lahko ponudim. Seveda sprejmem ponudbo in se udobno namestim sredi mesta.<\/p>\n<p>No\u010ditev: 22<br \/><a href=\"https:\/\/connect.garmin.com\/modern\/activity\/837168542\">Trasa poti<\/a><br \/><a href=\"https:\/\/connect.garmin.com\/modern\/activity\/836918328\">Trasa poti Gijon<\/a><\/p>\n","protected":false},"excerpt":{"rendered":"<p>Zjutraj prav hitro pospravim vse stvari v nahrbtnik, si pripravim topel \ud83d\ude42 zajtrk in nekaj pred deveto odidem novim dogodiv\u0161\u010dinam naproti. Klju\u010d vr\u017eem v nabiralnik hi\u0161e \u0161t. 7. Prav veliko ve\u010d \u0161tevilk v tej vasi ni.Zazrem se v nebo, ki je brez oblaka. Ponovno bo lep dan. Poti pa bodo razmo\u010dene, saj je v\u010deraj de\u017eevalo. [&hellip;]<\/p>\n","protected":false},"author":1,"featured_media":0,"comment_status":"open","ping_status":"open","sticky":false,"template":"","format":"standard","meta":{"site-sidebar-layout":"default","site-content-layout":"","ast-site-content-layout":"","site-content-style":"default","site-sidebar-style":"default","ast-global-header-display":"","ast-banner-title-visibility":"","ast-main-header-display":"","ast-hfb-above-header-display":"","ast-hfb-below-header-display":"","ast-hfb-mobile-header-display":"","site-post-title":"","ast-breadcrumbs-content":"","ast-featured-img":"","footer-sml-layout":"","theme-transparent-header-meta":"","adv-header-id-meta":"","stick-header-meta":"","header-above-stick-meta":"","header-main-stick-meta":"","header-below-stick-meta":"","astra-migrate-meta-layouts":"default","ast-page-background-enabled":"default","ast-page-background-meta":{"desktop":{"background-color":"var(--ast-global-color-4)","background-image":"","background-repeat":"repeat","background-position":"center center","background-size":"auto","background-attachment":"scroll","background-type":"","background-media":"","overlay-type":"","overlay-color":"","overlay-opacity":"","overlay-gradient":""},"tablet":{"background-color":"","background-image":"","background-repeat":"repeat","background-position":"center center","background-size":"auto","background-attachment":"scroll","background-type":"","background-media":"","overlay-type":"","overlay-color":"","overlay-opacity":"","overlay-gradient":""},"mobile":{"background-color":"","background-image":"","background-repeat":"repeat","background-position":"center center","background-size":"auto","background-attachment":"scroll","background-type":"","background-media":"","overlay-type":"","overlay-color":"","overlay-opacity":"","overlay-gradient":""}},"ast-content-background-meta":{"desktop":{"background-color":"var(--ast-global-color-5)","background-image":"","background-repeat":"repeat","background-position":"center center","background-size":"auto","background-attachment":"scroll","background-type":"","background-media":"","overlay-type":"","overlay-color":"","overlay-opacity":"","overlay-gradient":""},"tablet":{"background-color":"var(--ast-global-color-5)","background-image":"","background-repeat":"repeat","background-position":"center center","background-size":"auto","background-attachment":"scroll","background-type":"","background-media":"","overlay-type":"","overlay-color":"","overlay-opacity":"","overlay-gradient":""},"mobile":{"background-color":"var(--ast-global-color-5)","background-image":"","background-repeat":"repeat","background-position":"center center","background-size":"auto","background-attachment":"scroll","background-type":"","background-media":"","overlay-type":"","overlay-color":"","overlay-opacity":"","overlay-gradient":""}},"footnotes":""},"categories":[6,7,14],"tags":[],"class_list":["post-200","post","type-post","status-publish","format-standard","hentry","category-camino","category-camino-del-norte-2007","category-trekking"],"aioseo_notices":[],"_links":{"self":[{"href":"https:\/\/www.gogreen.si\/index.php?rest_route=\/wp\/v2\/posts\/200","targetHints":{"allow":["GET"]}}],"collection":[{"href":"https:\/\/www.gogreen.si\/index.php?rest_route=\/wp\/v2\/posts"}],"about":[{"href":"https:\/\/www.gogreen.si\/index.php?rest_route=\/wp\/v2\/types\/post"}],"author":[{"embeddable":true,"href":"https:\/\/www.gogreen.si\/index.php?rest_route=\/wp\/v2\/users\/1"}],"replies":[{"embeddable":true,"href":"https:\/\/www.gogreen.si\/index.php?rest_route=%2Fwp%2Fv2%2Fcomments&post=200"}],"version-history":[{"count":0,"href":"https:\/\/www.gogreen.si\/index.php?rest_route=\/wp\/v2\/posts\/200\/revisions"}],"wp:attachment":[{"href":"https:\/\/www.gogreen.si\/index.php?rest_route=%2Fwp%2Fv2%2Fmedia&parent=200"}],"wp:term":[{"taxonomy":"category","embeddable":true,"href":"https:\/\/www.gogreen.si\/index.php?rest_route=%2Fwp%2Fv2%2Fcategories&post=200"},{"taxonomy":"post_tag","embeddable":true,"href":"https:\/\/www.gogreen.si\/index.php?rest_route=%2Fwp%2Fv2%2Ftags&post=200"}],"curies":[{"name":"wp","href":"https:\/\/api.w.org\/{rel}","templated":true}]}}