{"id":194,"date":"2007-12-29T15:28:00","date_gmt":"2007-12-29T14:28:00","guid":{"rendered":"https:\/\/www.walk.si\/uncategorized\/la-caridad-ribadeo\/"},"modified":"2007-12-29T15:28:00","modified_gmt":"2007-12-29T14:28:00","slug":"la-caridad-ribadeo","status":"publish","type":"post","link":"https:\/\/www.gogreen.si\/?p=194","title":{"rendered":"La Caridad &#8211; Ribadeo"},"content":{"rendered":"<div style=\"clear: both; text-align: center;\"><a href=\"http:\/\/4.bp.blogspot.com\/_wfRQwsEuJjI\/TSHEWaNaDLI\/AAAAAAAACHg\/N5SVXDGXAOY\/s1600\/IMG_0996.jpg\" style=\"clear: left; float: left; margin-bottom: 1em; margin-right: 1em;\"><img loading=\"lazy\" decoding=\"async\" border=\"0\" src=\"http:\/\/4.bp.blogspot.com\/_wfRQwsEuJjI\/TSHEWaNaDLI\/AAAAAAAACHg\/N5SVXDGXAOY\/s320\/IMG_0996.jpg\" height=\"213\" width=\"320\" \/><\/a><\/div>\n<p>V\u010deraj zve\u010der sva skupaj s \u0161panskim pohodnikom od\u0161la na ve\u010derjo v bli\u017enjo (edino) restavracijo, kjer na \u017ealost niso imeli dnevnega menija &#8211; zato tako visoka cena.<br \/>Na pot je od\u0161el iz Mora D Ebra, na jugo-vzhodu \u0161panije, kjer se izliva reka Ebro, in tja se tudi vra\u010da. Z nogo je imel popolnoma enake te\u017eave, kot sem jih imel sam in ko je od\u0161el k zdravniku, mu je predpisal znano protivnetno zdravilo, katero mi je kasneje tudi dal.<br \/>No\u010d je bila hladna, saj tudi tu ni ogrevanja, sem pa zjutraj presene\u010den ugotovil, da je zunaj ob\u010dutno topleje. To lahko pomeni samo&#8230; Pogledam v nebo in res je obla\u010dno, a za zdaj \u0161e ne de\u017euje. Danes se ponovno poln volje in energije in pot bo minila prav hitro, \u017ee zaradi samo 22 kilometrov.<br \/>Proti Porcija-ji poteka pot po ravnini, deloma po cesti, deloma po stezah. Tu pa se strmo spusti po gozdni poti. Oblaki so vedno gostej\u0161i, tako da se sonce popolnoma skrije.<br \/>Pre\u010dkam glavno cesto in nadaljuem proti Brol-u. Gledam lovce in ni mi niti potrebno razmi\u0161ljati, da je danes sobota. Tu so ve\u010d ali manj vsi dnevi enaki. Le v ponedeljkih so nekatere trgovine zaprte &#8211; da ne omenjam praznikov. Z neba pri\u010dne rahlo kapljati, zato se ustrezno opremim in nadaljujem proti Tol-u. Tu pri\u010dne mo\u010dneje de\u017eevati in na kri\u017ei\u0161\u010du se moram odlo\u010diti, po kateri poti bom nadaljeval pot do Ribadea. Levo, po notranjosti, mimo Castropola, ali desno \u010dez most. Po levi poti bi imel dodaten dan hoje. Odlo\u010dim se za kraj\u0161o varianto.<br \/>Do Figueras-a \u017ee postopno neha de\u017eevati in ko pridem do mostu me \u010daka \u0161e eno presene\u010denje. Popravljajo ga in zato so vozni pasovi mo\u010dno zo\u017eeni, prehod pe\u0161cev pa zaradi tega prepovedan. Na hitro si ogledam celotno situacijo in ker imam tudi tokrat sre\u010do in je sobota, prometa skoraj ni. Problemati\u010dnih je samo prvih 20 metrov, nato se vozna pasova razmakneta ob rob, po sredini mostu pa je ve\u010d kot 3 metre prostora. V manj kot 10 minutah se znajdem v zeleni de\u017eeli, polni de\u017eja ter kamnite kritine. Most namre\u010d povezuje Asturijo in Galicijo.<br \/>Do hostla je samo \u0161e nekaj metrov. Klju\u010di naj bi se nahajali v telefonski govorilnici poleg vrat, a jih zamanj i\u0161\u010dem. Za\u010dnem brati liste na vratih in najdem enega, na katerem je \u0161tevilka lokalne policije, ki naj bi imela klju\u010de. \u017de za\u010dnem iskati telefon, ko se ustavi starej\u0161i par in re\u010de, da ni treba klicati, ker so klju\u010di na skrivnem mestu. Za\u010dneta brskati po govorilnici a tudi onadva zamanj. Pokli\u010deta na policijo, kjer obljubijo prihod \u010dez slabih 15 minut. Seveda se to zavle\u010de na dobre pol ure. In policaja kot policaja \u0161e enkrat preverita govorilnico, klju\u010dev pa nimata. Znova sledijo telefonski klici policajev. \u010cez pol ure pridejo klju\u010di, obljubita in odbrzita.<br \/>Res se tokrat \u017ee po dobrih 20 minutah pojavi mo\u0161ki s klju\u010dem. Pe\u010dat pa pride kasneje, okrog 18h. In odhiti neznano kam.<br \/>Tu se namestim, a nikjer ne odej, ne blazin. Sicer pa za tako ceno niti ni pri\u010dakovati hotelskega udobja. Je pa zanimivo tu kuhinja &#8211; brez posode seveda.<br \/>Ura je seveda \u017ee zdavnaj 18 in tudi 22, ko na vrata ob 23:20 ravno ko kon\u010dujem ta dnevnik in se pripravim na spanje potrkajo policaji. Prinesli smo pe\u010dat, saj ni prepozno in se mi smejijo. V knjigo vpi\u0161ejo podatke, nato sledi kot mnogokje datumsko prepri\u010devanje v smislu danes smo tridesetega, ne devetindvajsetega. Komaj jih prepri\u010dam. Ni\u010d zato, bom imel pa dva pe\u010data in se odpravim spat z mojo najbolj\u0161o prijateljico \u010dutaro.<\/p>\n<p>No\u010ditev: 0<br \/>Hrana: zaloge<br \/><a href=\"https:\/\/connect.garmin.com\/modern\/activity\/837166506\">Trasa poti<\/a><\/p>\n","protected":false},"excerpt":{"rendered":"<p>V\u010deraj zve\u010der sva skupaj s \u0161panskim pohodnikom od\u0161la na ve\u010derjo v bli\u017enjo (edino) restavracijo, kjer na \u017ealost niso imeli dnevnega menija &#8211; zato tako visoka cena.Na pot je od\u0161el iz Mora D Ebra, na jugo-vzhodu \u0161panije, kjer se izliva reka Ebro, in tja se tudi vra\u010da. Z nogo je imel popolnoma enake te\u017eave, kot sem [&hellip;]<\/p>\n","protected":false},"author":1,"featured_media":0,"comment_status":"open","ping_status":"open","sticky":false,"template":"","format":"standard","meta":{"site-sidebar-layout":"default","site-content-layout":"","ast-site-content-layout":"","site-content-style":"default","site-sidebar-style":"default","ast-global-header-display":"","ast-banner-title-visibility":"","ast-main-header-display":"","ast-hfb-above-header-display":"","ast-hfb-below-header-display":"","ast-hfb-mobile-header-display":"","site-post-title":"","ast-breadcrumbs-content":"","ast-featured-img":"","footer-sml-layout":"","theme-transparent-header-meta":"","adv-header-id-meta":"","stick-header-meta":"","header-above-stick-meta":"","header-main-stick-meta":"","header-below-stick-meta":"","astra-migrate-meta-layouts":"default","ast-page-background-enabled":"default","ast-page-background-meta":{"desktop":{"background-color":"var(--ast-global-color-4)","background-image":"","background-repeat":"repeat","background-position":"center center","background-size":"auto","background-attachment":"scroll","background-type":"","background-media":"","overlay-type":"","overlay-color":"","overlay-opacity":"","overlay-gradient":""},"tablet":{"background-color":"","background-image":"","background-repeat":"repeat","background-position":"center center","background-size":"auto","background-attachment":"scroll","background-type":"","background-media":"","overlay-type":"","overlay-color":"","overlay-opacity":"","overlay-gradient":""},"mobile":{"background-color":"","background-image":"","background-repeat":"repeat","background-position":"center center","background-size":"auto","background-attachment":"scroll","background-type":"","background-media":"","overlay-type":"","overlay-color":"","overlay-opacity":"","overlay-gradient":""}},"ast-content-background-meta":{"desktop":{"background-color":"var(--ast-global-color-5)","background-image":"","background-repeat":"repeat","background-position":"center center","background-size":"auto","background-attachment":"scroll","background-type":"","background-media":"","overlay-type":"","overlay-color":"","overlay-opacity":"","overlay-gradient":""},"tablet":{"background-color":"var(--ast-global-color-5)","background-image":"","background-repeat":"repeat","background-position":"center center","background-size":"auto","background-attachment":"scroll","background-type":"","background-media":"","overlay-type":"","overlay-color":"","overlay-opacity":"","overlay-gradient":""},"mobile":{"background-color":"var(--ast-global-color-5)","background-image":"","background-repeat":"repeat","background-position":"center center","background-size":"auto","background-attachment":"scroll","background-type":"","background-media":"","overlay-type":"","overlay-color":"","overlay-opacity":"","overlay-gradient":""}},"footnotes":""},"categories":[6,7,14],"tags":[],"class_list":["post-194","post","type-post","status-publish","format-standard","hentry","category-camino","category-camino-del-norte-2007","category-trekking"],"aioseo_notices":[],"_links":{"self":[{"href":"https:\/\/www.gogreen.si\/index.php?rest_route=\/wp\/v2\/posts\/194","targetHints":{"allow":["GET"]}}],"collection":[{"href":"https:\/\/www.gogreen.si\/index.php?rest_route=\/wp\/v2\/posts"}],"about":[{"href":"https:\/\/www.gogreen.si\/index.php?rest_route=\/wp\/v2\/types\/post"}],"author":[{"embeddable":true,"href":"https:\/\/www.gogreen.si\/index.php?rest_route=\/wp\/v2\/users\/1"}],"replies":[{"embeddable":true,"href":"https:\/\/www.gogreen.si\/index.php?rest_route=%2Fwp%2Fv2%2Fcomments&post=194"}],"version-history":[{"count":0,"href":"https:\/\/www.gogreen.si\/index.php?rest_route=\/wp\/v2\/posts\/194\/revisions"}],"wp:attachment":[{"href":"https:\/\/www.gogreen.si\/index.php?rest_route=%2Fwp%2Fv2%2Fmedia&parent=194"}],"wp:term":[{"taxonomy":"category","embeddable":true,"href":"https:\/\/www.gogreen.si\/index.php?rest_route=%2Fwp%2Fv2%2Fcategories&post=194"},{"taxonomy":"post_tag","embeddable":true,"href":"https:\/\/www.gogreen.si\/index.php?rest_route=%2Fwp%2Fv2%2Ftags&post=194"}],"curies":[{"name":"wp","href":"https:\/\/api.w.org\/{rel}","templated":true}]}}