{"id":193,"date":"2007-12-30T12:51:00","date_gmt":"2007-12-30T11:51:00","guid":{"rendered":"https:\/\/www.walk.si\/uncategorized\/ribadeo-mondonedo\/"},"modified":"2007-12-30T12:51:00","modified_gmt":"2007-12-30T11:51:00","slug":"ribadeo-mondonedo","status":"publish","type":"post","link":"https:\/\/www.gogreen.si\/?p=193","title":{"rendered":"Ribadeo &#8211; Mondo\u00f1edo"},"content":{"rendered":"<div style=\"clear: both; text-align: center;\"><a href=\"http:\/\/4.bp.blogspot.com\/_wfRQwsEuJjI\/TSHEevDKFbI\/AAAAAAAACIs\/W5FWR1a8UAY\/s1600\/IMG_1130.jpg\" style=\"clear: left; float: left; margin-bottom: 1em; margin-right: 1em;\"><img loading=\"lazy\" decoding=\"async\" border=\"0\" src=\"http:\/\/4.bp.blogspot.com\/_wfRQwsEuJjI\/TSHEevDKFbI\/AAAAAAAACIs\/W5FWR1a8UAY\/s320\/IMG_1130.jpg\" height=\"213\" width=\"320\" \/><\/a><\/div>\n<p>Jutro je prehitro tu in danes se na pot odpravim \u017ee pred deveto uro, a je zunaj \u0161e precej temno. Tu se pri\u010dne daniti pribli\u017eno eno uro kasneje kot v Sloveniji, zato tudi sonce sveti zve\u010der toliko dlje. A za danes je napovedan de\u017e, zato se tako tudi oble\u010dem.<br \/>V mirnem nedeljskem jutru najprej poskrbim za nekaj zaloge hrane, nakar se odpravim do prve vasi Vilela. Pot se strmo dvigne in od tu si \u0161e zadnji\u010d letos ogledam morje.<br \/>Danes je tak dan, zaradi katerega ostane Camino nepozaben. Hodim po gozdovih, mir kalijo le ptice in veter. Oblaki se po\u010dasi red\u010dijo in ozra\u010dje je vedno toplej\u0161e. Idealno za hojo, okrog 16 stopinj, sonce pa se skriva za tankimi oblaki.<br \/>Nikamor se mi ne mudi, zato si bom vzel ve\u010d \u010dasa za fotografijo.<br \/>Po evkvaliptusih ska\u010dejo veverice, a so zelo pla\u0161ne. Okrog poldneva se poka\u017ee sonce v svoji polni mo\u010di. Povsod okrog temni oblaki, ravno nad menoj pa modro nebo. Danes me resni\u010dno spremlja sre\u010da. Pot se ponovno dvigne do Villamartin grande, na 340m.<br \/>Pot po Galiciji je ozna\u010dena bolje, kot kjerkoli, Ozna\u010devalci so se res potrudili. Velja pa eno opozorilo. Do sedaj je \u0161koljka obrnjena v obliki E pomenila smer v levo. V Galiciji enako obrnjena \u0161koljka pomeni smer v desno.<br \/>Sledi \u0161e zadnji spust v Lourenza-o. Pot me pripelje naravnost pred hostel.<br \/>\u010caka me le \u0161e telefonski&#8230;. Ne, na vratih ni lista s telefonsko \u0161tevilko temve\u010d obvestilo o prenovi, zato je zaprt. Naslednji je v 9km oddaljenem Monde\u00f1edu. Tu bi se zagotovo na\u0161la tudi kak\u0161na druga mo\u017enost preno\u010ditve, a dan bom izkoristil do konca. \u010ce na poti ne bom imel te\u017eav pridem do preno\u010di\u0161\u010da v dobrih dveh urah.<br \/>A te\u017eave pridejo vedno v paru. Prehodim dober kilometer, ko pridem do gradbi\u0161\u010da. Odstranil so vse smerne kamne. Po nekaj neuspelih poskusih kon\u010dno najdem pravo pot. Le ta zavije v gozd. Gozd pa postaj vse temnej\u0161i in gostej\u0161i, stezice pa vse o\u017eje (znano?).<br \/>Pozno zve\u010der se le prebijem do dana\u0161njega cilja. Klju\u010d moram poiskati v mestni hi\u0161i, pri lokalni policiji. Pri tem mi pomaajo doma\u010dini. V zameno za klju\u010d jim moram pustiti dnevnik s pe\u010dati. Jutri zjutraj pa ponovno zamenjamo, se mi zasmeji policist. Pa se mu zasmejim nazaj, ob pol osmih? Debelo me gleda, ob devtih, desetih&#8230; V redu, naj ti bo, ob pol osmih.<br \/>Ko vstopim sem bil kar nekoliko za\u010duden. Tako lepo urejenega hostla \u0161e nisem videl. A bilo je ponovno mrzlo in za povrhu je imela vro\u010da voda le kak\u0161nih 25 stopinj. V kuhinji najdem posodo in ob odpiranju omar sem na\u0161el \u0161pagete. V pol ure je ve\u010derja pripravljena.<\/p>\n<p>Hrana: 5<br \/>No\u010ditev: 5<br \/><a href=\"https:\/\/connect.garmin.com\/modern\/activity\/837165813\">Trasa poti<\/a><\/p>\n","protected":false},"excerpt":{"rendered":"<p>Jutro je prehitro tu in danes se na pot odpravim \u017ee pred deveto uro, a je zunaj \u0161e precej temno. Tu se pri\u010dne daniti pribli\u017eno eno uro kasneje kot v Sloveniji, zato tudi sonce sveti zve\u010der toliko dlje. A za danes je napovedan de\u017e, zato se tako tudi oble\u010dem.V mirnem nedeljskem jutru najprej poskrbim za [&hellip;]<\/p>\n","protected":false},"author":1,"featured_media":0,"comment_status":"open","ping_status":"open","sticky":false,"template":"","format":"standard","meta":{"site-sidebar-layout":"default","site-content-layout":"","ast-site-content-layout":"","site-content-style":"default","site-sidebar-style":"default","ast-global-header-display":"","ast-banner-title-visibility":"","ast-main-header-display":"","ast-hfb-above-header-display":"","ast-hfb-below-header-display":"","ast-hfb-mobile-header-display":"","site-post-title":"","ast-breadcrumbs-content":"","ast-featured-img":"","footer-sml-layout":"","theme-transparent-header-meta":"","adv-header-id-meta":"","stick-header-meta":"","header-above-stick-meta":"","header-main-stick-meta":"","header-below-stick-meta":"","astra-migrate-meta-layouts":"default","ast-page-background-enabled":"default","ast-page-background-meta":{"desktop":{"background-color":"var(--ast-global-color-4)","background-image":"","background-repeat":"repeat","background-position":"center center","background-size":"auto","background-attachment":"scroll","background-type":"","background-media":"","overlay-type":"","overlay-color":"","overlay-opacity":"","overlay-gradient":""},"tablet":{"background-color":"","background-image":"","background-repeat":"repeat","background-position":"center center","background-size":"auto","background-attachment":"scroll","background-type":"","background-media":"","overlay-type":"","overlay-color":"","overlay-opacity":"","overlay-gradient":""},"mobile":{"background-color":"","background-image":"","background-repeat":"repeat","background-position":"center center","background-size":"auto","background-attachment":"scroll","background-type":"","background-media":"","overlay-type":"","overlay-color":"","overlay-opacity":"","overlay-gradient":""}},"ast-content-background-meta":{"desktop":{"background-color":"var(--ast-global-color-5)","background-image":"","background-repeat":"repeat","background-position":"center center","background-size":"auto","background-attachment":"scroll","background-type":"","background-media":"","overlay-type":"","overlay-color":"","overlay-opacity":"","overlay-gradient":""},"tablet":{"background-color":"var(--ast-global-color-5)","background-image":"","background-repeat":"repeat","background-position":"center center","background-size":"auto","background-attachment":"scroll","background-type":"","background-media":"","overlay-type":"","overlay-color":"","overlay-opacity":"","overlay-gradient":""},"mobile":{"background-color":"var(--ast-global-color-5)","background-image":"","background-repeat":"repeat","background-position":"center center","background-size":"auto","background-attachment":"scroll","background-type":"","background-media":"","overlay-type":"","overlay-color":"","overlay-opacity":"","overlay-gradient":""}},"footnotes":""},"categories":[6,7,14],"tags":[],"class_list":["post-193","post","type-post","status-publish","format-standard","hentry","category-camino","category-camino-del-norte-2007","category-trekking"],"aioseo_notices":[],"_links":{"self":[{"href":"https:\/\/www.gogreen.si\/index.php?rest_route=\/wp\/v2\/posts\/193","targetHints":{"allow":["GET"]}}],"collection":[{"href":"https:\/\/www.gogreen.si\/index.php?rest_route=\/wp\/v2\/posts"}],"about":[{"href":"https:\/\/www.gogreen.si\/index.php?rest_route=\/wp\/v2\/types\/post"}],"author":[{"embeddable":true,"href":"https:\/\/www.gogreen.si\/index.php?rest_route=\/wp\/v2\/users\/1"}],"replies":[{"embeddable":true,"href":"https:\/\/www.gogreen.si\/index.php?rest_route=%2Fwp%2Fv2%2Fcomments&post=193"}],"version-history":[{"count":0,"href":"https:\/\/www.gogreen.si\/index.php?rest_route=\/wp\/v2\/posts\/193\/revisions"}],"wp:attachment":[{"href":"https:\/\/www.gogreen.si\/index.php?rest_route=%2Fwp%2Fv2%2Fmedia&parent=193"}],"wp:term":[{"taxonomy":"category","embeddable":true,"href":"https:\/\/www.gogreen.si\/index.php?rest_route=%2Fwp%2Fv2%2Fcategories&post=193"},{"taxonomy":"post_tag","embeddable":true,"href":"https:\/\/www.gogreen.si\/index.php?rest_route=%2Fwp%2Fv2%2Ftags&post=193"}],"curies":[{"name":"wp","href":"https:\/\/api.w.org\/{rel}","templated":true}]}}