{"id":190,"date":"2008-01-02T11:43:00","date_gmt":"2008-01-02T10:43:00","guid":{"rendered":"https:\/\/www.walk.si\/uncategorized\/baamonde-miraz\/"},"modified":"2008-01-02T11:43:00","modified_gmt":"2008-01-02T10:43:00","slug":"baamonde-miraz","status":"publish","type":"post","link":"https:\/\/www.gogreen.si\/?p=190","title":{"rendered":"Baamonde &#8211; Miraz"},"content":{"rendered":"<p><a href=\"http:\/\/1.bp.blogspot.com\/_wfRQwsEuJjI\/TSHEqF5K7hI\/AAAAAAAACKQ\/fBH_A5enS6U\/s1600\/IMG_1263.jpg\" style=\"clear: left; float: left; margin-bottom: 1em; margin-right: 1em;\"><img loading=\"lazy\" decoding=\"async\" border=\"0\" src=\"http:\/\/1.bp.blogspot.com\/_wfRQwsEuJjI\/TSHEqF5K7hI\/AAAAAAAACKQ\/fBH_A5enS6U\/s320\/IMG_1263.jpg\" height=\"213\" width=\"320\" \/><\/a>Prva no\u010d po novem letu je bila prav topla, morda celo prevro\u010da, saj sem imel radiator poleg postelje.<br \/>Danes sem se odlo\u010dil, da potujem le do Miraz-a. Naslednji postanki bodo odvisni predvsem od vremena in razpolo\u017eenja. Nikamor se mi ne mudi in v postelji le\u017eim do pol devetih, saj je zunaj temno. Po zajtrku se zjasni in posije sonce.<br \/>Nakupiti moram \u0161e nekaj dodatne hrane, saj do Sobrado-a ni ve\u010djega kraja in vpra\u0161anje, \u010de je kje kak\u0161na trgovina. Prodajalko vpra\u0161am \u0161e za vreme, saj je zunaj skoraj popolnoma jasno.<br \/>Slabo, de\u017e in veliko vode. Ponovno pogledam v son\u010dno nebo in se odpravim. Doma\u010dini \u017ee vedo&#8230;<br \/>Do San Alberte pot vodi po cesti N-VI, tu pa pre\u010dka progo in zavije levo v gozd, mimo neke cerkve oz. kapele. Hrano pospravim v nahrbtnik in \u0161e predno se pripravim za nadaljevanje, za\u010dne de\u017eevati. Tu se vreme spremeni v desetih minutah. <br \/>Izogibanje prvim lu\u017eam kmalu postane \u010disti nesmisel, saj so steze hitro povsem razmo\u010dene, Prej lo\u010dene lu\u017ee pa postanejo mo\u010dvirje.<br \/>Do Seix\u00f3n-a hodim za nosom in gledam le to, da ne zaidem s poti. Tu se naenkrat pojavijo ob poti kamnite klopi in mize, z neba pa posveti sonce. Hitro pojem malico, saj \u017ee v naslednjem trenutku ponovno de\u017euje. S hi\u0161e ob cesti mi maha mo\u0161ki, ki se smeji in dere, da mora pozdraviti prvega romarja letos. Za\u017eeli mi \u0161e bon viaje in izgine za ovinkom.<br \/>Naslednjih 6 kilometrov do Miraz-a, vasice z nekaj hi\u0161ami, mine hitro. Hostel je od poti oddaljen le nekaj metrov. Odprl naj bi se ob treh, zato po\u010dakam v bli\u017enjem baru. Ob pol \u0161tirih ni \u0161e nikogar a to\u010dajka mi zagotovi, da skrbnika prideta kmalu.<br \/>Malo po \u010detrti se pred hostel pripelje avto in tudi sam se po\u010dasi odpravim v tej smeri.<br \/>Ko pozvonim me preseneti pozdrav skrbnice v popolni angle\u0161\u010dini spregovorila ni niti besedice \u0161pansko.<br \/>Odlo\u017eim prtljago in v kuhinji mi pripravi \u010daj, ob katerem se v miru pogovorimo. Sofija(?) je iz Anglije, Rob pa Nizozemec. \u017divita v Avstraliji, in sta tu na dopustu, obenem pa skrbita za hostel. <br \/>Ponudita mi pranje in su\u0161enje perila, \u010desar pohodniki ponavadi niso dele\u017eni, saj je za pranje perila ro\u010dna pralnica. Nekaj bo opranega, ve\u010dina pa ne, saj imata tudi sama celo goro perila. <br \/>Popoldne jima z bli\u017enjega bara prinesm plinsko jeklenko, onadva pa pripravita obilno ve\u010derjo. Medtem mi Rob v \u010dasopisu poka\u017ee naslov: -Eslovenia, primer pa\u00eds ex comunista que asume la presidencia de la UE-. Pred tem smo imeli debato o Sloveniji in tudi o predsedovnju EU. Za sladico imamo tradicionalni angle\u0161ki -Christmas pudding- in kuhana doma\u010da jabolka.<br \/>Ko pospravimo posodo v dnevnem prostoru \u0161e malo posedimo, in se kmalu odpravimo spat. Do sedmega januarja je napovedan de\u017e in upam, da se tu vremenoslovci motijo \u0161e bolj kot pri nas.<\/p>\n<p>Hrana: 9<br \/>No\u010ditev+ve\u010derja+pranje perila: 10<br \/><a href=\"https:\/\/connect.garmin.com\/modern\/activity\/837009421\">Trasa poti<\/a><\/p>\n","protected":false},"excerpt":{"rendered":"<p>Prva no\u010d po novem letu je bila prav topla, morda celo prevro\u010da, saj sem imel radiator poleg postelje.Danes sem se odlo\u010dil, da potujem le do Miraz-a. Naslednji postanki bodo odvisni predvsem od vremena in razpolo\u017eenja. Nikamor se mi ne mudi in v postelji le\u017eim do pol devetih, saj je zunaj temno. Po zajtrku se zjasni [&hellip;]<\/p>\n","protected":false},"author":1,"featured_media":0,"comment_status":"open","ping_status":"open","sticky":false,"template":"","format":"standard","meta":{"site-sidebar-layout":"default","site-content-layout":"","ast-site-content-layout":"","site-content-style":"default","site-sidebar-style":"default","ast-global-header-display":"","ast-banner-title-visibility":"","ast-main-header-display":"","ast-hfb-above-header-display":"","ast-hfb-below-header-display":"","ast-hfb-mobile-header-display":"","site-post-title":"","ast-breadcrumbs-content":"","ast-featured-img":"","footer-sml-layout":"","theme-transparent-header-meta":"","adv-header-id-meta":"","stick-header-meta":"","header-above-stick-meta":"","header-main-stick-meta":"","header-below-stick-meta":"","astra-migrate-meta-layouts":"default","ast-page-background-enabled":"default","ast-page-background-meta":{"desktop":{"background-color":"var(--ast-global-color-4)","background-image":"","background-repeat":"repeat","background-position":"center center","background-size":"auto","background-attachment":"scroll","background-type":"","background-media":"","overlay-type":"","overlay-color":"","overlay-opacity":"","overlay-gradient":""},"tablet":{"background-color":"","background-image":"","background-repeat":"repeat","background-position":"center center","background-size":"auto","background-attachment":"scroll","background-type":"","background-media":"","overlay-type":"","overlay-color":"","overlay-opacity":"","overlay-gradient":""},"mobile":{"background-color":"","background-image":"","background-repeat":"repeat","background-position":"center center","background-size":"auto","background-attachment":"scroll","background-type":"","background-media":"","overlay-type":"","overlay-color":"","overlay-opacity":"","overlay-gradient":""}},"ast-content-background-meta":{"desktop":{"background-color":"var(--ast-global-color-5)","background-image":"","background-repeat":"repeat","background-position":"center center","background-size":"auto","background-attachment":"scroll","background-type":"","background-media":"","overlay-type":"","overlay-color":"","overlay-opacity":"","overlay-gradient":""},"tablet":{"background-color":"var(--ast-global-color-5)","background-image":"","background-repeat":"repeat","background-position":"center center","background-size":"auto","background-attachment":"scroll","background-type":"","background-media":"","overlay-type":"","overlay-color":"","overlay-opacity":"","overlay-gradient":""},"mobile":{"background-color":"var(--ast-global-color-5)","background-image":"","background-repeat":"repeat","background-position":"center center","background-size":"auto","background-attachment":"scroll","background-type":"","background-media":"","overlay-type":"","overlay-color":"","overlay-opacity":"","overlay-gradient":""}},"footnotes":""},"categories":[6,7,14],"tags":[],"class_list":["post-190","post","type-post","status-publish","format-standard","hentry","category-camino","category-camino-del-norte-2007","category-trekking"],"aioseo_notices":[],"_links":{"self":[{"href":"https:\/\/www.gogreen.si\/index.php?rest_route=\/wp\/v2\/posts\/190","targetHints":{"allow":["GET"]}}],"collection":[{"href":"https:\/\/www.gogreen.si\/index.php?rest_route=\/wp\/v2\/posts"}],"about":[{"href":"https:\/\/www.gogreen.si\/index.php?rest_route=\/wp\/v2\/types\/post"}],"author":[{"embeddable":true,"href":"https:\/\/www.gogreen.si\/index.php?rest_route=\/wp\/v2\/users\/1"}],"replies":[{"embeddable":true,"href":"https:\/\/www.gogreen.si\/index.php?rest_route=%2Fwp%2Fv2%2Fcomments&post=190"}],"version-history":[{"count":0,"href":"https:\/\/www.gogreen.si\/index.php?rest_route=\/wp\/v2\/posts\/190\/revisions"}],"wp:attachment":[{"href":"https:\/\/www.gogreen.si\/index.php?rest_route=%2Fwp%2Fv2%2Fmedia&parent=190"}],"wp:term":[{"taxonomy":"category","embeddable":true,"href":"https:\/\/www.gogreen.si\/index.php?rest_route=%2Fwp%2Fv2%2Fcategories&post=190"},{"taxonomy":"post_tag","embeddable":true,"href":"https:\/\/www.gogreen.si\/index.php?rest_route=%2Fwp%2Fv2%2Ftags&post=190"}],"curies":[{"name":"wp","href":"https:\/\/api.w.org\/{rel}","templated":true}]}}