{"id":186,"date":"2008-01-06T11:48:00","date_gmt":"2008-01-06T10:48:00","guid":{"rendered":"https:\/\/www.walk.si\/uncategorized\/santiago-de-compostela-negreira\/"},"modified":"2008-01-06T11:48:00","modified_gmt":"2008-01-06T10:48:00","slug":"santiago-de-compostela-negreira","status":"publish","type":"post","link":"https:\/\/www.gogreen.si\/?p=186","title":{"rendered":"Santiago de Compostela &#8211; Negreira"},"content":{"rendered":"<p><a href=\"http:\/\/1.bp.blogspot.com\/_wfRQwsEuJjI\/TSHE4mtON9I\/AAAAAAAACMc\/tIR6ZHAWe9g\/s1600\/IMG_1471.jpg\" style=\"clear: left; float: left; margin-bottom: 1em; margin-right: 1em;\"><img loading=\"lazy\" decoding=\"async\" border=\"0\" src=\"http:\/\/1.bp.blogspot.com\/_wfRQwsEuJjI\/TSHE4mtON9I\/AAAAAAAACMc\/tIR6ZHAWe9g\/s320\/IMG_1471.jpg\" height=\"213\" width=\"320\" \/><\/a>Zbudim se pozno, ker bom imel danes le 21km etapo. Po v\u010deraj\u0161njih 42km se bo prav prilegla, pa tudi nisem ravno najbolje razpolo\u017een za hojo. Najlep\u0161e od vsega pa je bilo zjutraj oble\u010di le delno posu\u0161ena hladna obla\u010dila. Presene\u010denje me \u010daka tudi ko obujm \u010develj, saj se mi je v\u010deraj v mokrih \u010devljih naredil kar konkreten \u017eulj, ki pe\u010de, kot bi hodil po \u017eerjavici.<br \/>Zajtrkujem v baru moje gostiteljice, ki je napoti proti Negreira-i. Dogovlriva se tudi za dodatno no\u010ditev, ko prispem nazaj.<br \/>Pot vodi iz mesta skozi park, nato proti zahodu preko gri\u010dev in dolin. Mi ogrede si priskrbim malico, saj je nedelja in ne vem, \u010de bo kje \u0161e odprta kak\u0161na trgovina.<br \/>Pot mi je znana, in ni prav ni\u010d zanimiva. Temu pripomore tudi vreme. Vsake toliko \u010dasa malo de\u017euje, a proti v\u010deraj\u0161njemu de\u017eju je odli\u010dno.<br \/>Ko priracam do Negreire, sledi \u0161e veliki finale polurnega de\u017eevja z vetrom.<br \/>V hostlu sva ob mojem prihodu le dva. Kasneje se nama pridru\u017eita \u0161e kolesarja in pozno popoldan \u0161e starej\u0161i pohodnici.<br \/>Jutri bo ponovno potrebno veliko hoditi, zato sklenem, da grem za spremembo spat \u017ee pred 23h.<br \/>\u0160panec, s katerim si deliva desno spalnico zaspi \u0161e ob pol osmih, ostali nem\u0161ki \u010dlani z leve spalnice pa ob pol devetih \u0161ele pri\u010dno s kuhanjem ve\u010derje.<br \/>Zunaj je pri\u010delo zelooo pihati in de\u017eevati. Ravno pravo vreme za spanje.<br \/>\u010clanki so \u010dedalje kraj\u0161i, ker imam ob\u010dutek da se \u017ee vse ponavlja in sem vse \u017ee 30x povedal. Prosim za predloge o \u010dem naj \u0161e pi\u0161em.<\/p>\n<p>Hrana: 4<br \/>No\u010ditev: 3<br \/><a href=\"https:\/\/connect.garmin.com\/modern\/activity\/836916272\">Trasa poti<\/a><\/p>\n","protected":false},"excerpt":{"rendered":"<p>Zbudim se pozno, ker bom imel danes le 21km etapo. Po v\u010deraj\u0161njih 42km se bo prav prilegla, pa tudi nisem ravno najbolje razpolo\u017een za hojo. Najlep\u0161e od vsega pa je bilo zjutraj oble\u010di le delno posu\u0161ena hladna obla\u010dila. Presene\u010denje me \u010daka tudi ko obujm \u010develj, saj se mi je v\u010deraj v mokrih \u010devljih naredil kar [&hellip;]<\/p>\n","protected":false},"author":1,"featured_media":0,"comment_status":"open","ping_status":"open","sticky":false,"template":"","format":"standard","meta":{"site-sidebar-layout":"default","site-content-layout":"","ast-site-content-layout":"","site-content-style":"default","site-sidebar-style":"default","ast-global-header-display":"","ast-banner-title-visibility":"","ast-main-header-display":"","ast-hfb-above-header-display":"","ast-hfb-below-header-display":"","ast-hfb-mobile-header-display":"","site-post-title":"","ast-breadcrumbs-content":"","ast-featured-img":"","footer-sml-layout":"","theme-transparent-header-meta":"","adv-header-id-meta":"","stick-header-meta":"","header-above-stick-meta":"","header-main-stick-meta":"","header-below-stick-meta":"","astra-migrate-meta-layouts":"default","ast-page-background-enabled":"default","ast-page-background-meta":{"desktop":{"background-color":"var(--ast-global-color-4)","background-image":"","background-repeat":"repeat","background-position":"center center","background-size":"auto","background-attachment":"scroll","background-type":"","background-media":"","overlay-type":"","overlay-color":"","overlay-opacity":"","overlay-gradient":""},"tablet":{"background-color":"","background-image":"","background-repeat":"repeat","background-position":"center center","background-size":"auto","background-attachment":"scroll","background-type":"","background-media":"","overlay-type":"","overlay-color":"","overlay-opacity":"","overlay-gradient":""},"mobile":{"background-color":"","background-image":"","background-repeat":"repeat","background-position":"center center","background-size":"auto","background-attachment":"scroll","background-type":"","background-media":"","overlay-type":"","overlay-color":"","overlay-opacity":"","overlay-gradient":""}},"ast-content-background-meta":{"desktop":{"background-color":"var(--ast-global-color-5)","background-image":"","background-repeat":"repeat","background-position":"center center","background-size":"auto","background-attachment":"scroll","background-type":"","background-media":"","overlay-type":"","overlay-color":"","overlay-opacity":"","overlay-gradient":""},"tablet":{"background-color":"var(--ast-global-color-5)","background-image":"","background-repeat":"repeat","background-position":"center center","background-size":"auto","background-attachment":"scroll","background-type":"","background-media":"","overlay-type":"","overlay-color":"","overlay-opacity":"","overlay-gradient":""},"mobile":{"background-color":"var(--ast-global-color-5)","background-image":"","background-repeat":"repeat","background-position":"center center","background-size":"auto","background-attachment":"scroll","background-type":"","background-media":"","overlay-type":"","overlay-color":"","overlay-opacity":"","overlay-gradient":""}},"footnotes":""},"categories":[6,7,14],"tags":[],"class_list":["post-186","post","type-post","status-publish","format-standard","hentry","category-camino","category-camino-del-norte-2007","category-trekking"],"aioseo_notices":[],"_links":{"self":[{"href":"https:\/\/www.gogreen.si\/index.php?rest_route=\/wp\/v2\/posts\/186","targetHints":{"allow":["GET"]}}],"collection":[{"href":"https:\/\/www.gogreen.si\/index.php?rest_route=\/wp\/v2\/posts"}],"about":[{"href":"https:\/\/www.gogreen.si\/index.php?rest_route=\/wp\/v2\/types\/post"}],"author":[{"embeddable":true,"href":"https:\/\/www.gogreen.si\/index.php?rest_route=\/wp\/v2\/users\/1"}],"replies":[{"embeddable":true,"href":"https:\/\/www.gogreen.si\/index.php?rest_route=%2Fwp%2Fv2%2Fcomments&post=186"}],"version-history":[{"count":0,"href":"https:\/\/www.gogreen.si\/index.php?rest_route=\/wp\/v2\/posts\/186\/revisions"}],"wp:attachment":[{"href":"https:\/\/www.gogreen.si\/index.php?rest_route=%2Fwp%2Fv2%2Fmedia&parent=186"}],"wp:term":[{"taxonomy":"category","embeddable":true,"href":"https:\/\/www.gogreen.si\/index.php?rest_route=%2Fwp%2Fv2%2Fcategories&post=186"},{"taxonomy":"post_tag","embeddable":true,"href":"https:\/\/www.gogreen.si\/index.php?rest_route=%2Fwp%2Fv2%2Ftags&post=186"}],"curies":[{"name":"wp","href":"https:\/\/api.w.org\/{rel}","templated":true}]}}