{"id":184,"date":"2008-01-08T19:59:00","date_gmt":"2008-01-08T18:59:00","guid":{"rendered":"https:\/\/www.walk.si\/uncategorized\/olveiroa-finisterre-fisterra\/"},"modified":"2008-01-08T19:59:00","modified_gmt":"2008-01-08T18:59:00","slug":"olveiroa-finisterre-fisterra","status":"publish","type":"post","link":"https:\/\/www.gogreen.si\/?p=184","title":{"rendered":"Olveiroa &#8211; Finisterre (Fisterra)"},"content":{"rendered":"<div style=\"clear: both; text-align: center;\"><a href=\"http:\/\/4.bp.blogspot.com\/_wfRQwsEuJjI\/TSHFBzZtIgI\/AAAAAAAACN0\/d5atgP4eM6s\/s1600\/IMG_1599.jpg\" style=\"clear: left; float: left; margin-bottom: 1em; margin-right: 1em;\"><img loading=\"lazy\" decoding=\"async\" border=\"0\" src=\"http:\/\/4.bp.blogspot.com\/_wfRQwsEuJjI\/TSHFBzZtIgI\/AAAAAAAACN0\/d5atgP4eM6s\/s320\/IMG_1599.jpg\" height=\"213\" width=\"320\" \/><\/a><\/div>\n<p>Pono\u010di se v zgornji kopalnici sli\u0161ijo \u010dudni zvoki. Mislim, da imata Ameri\u010danki po v\u010deraj\u0161nji ve\u010derji prebavne motnje.<br \/>Zaradi te\u017eav z vremenom, ki jih pri\u010dakujem danes, pri\u010dnem nekoliko prej. Vreme je obla\u010dno a zaenkrat \u0161e ne ka\u017ee na de\u017e. Vzpnem se na prvi hrib, in po petih kilometrih se na odcepu Finisterre-Muxia odlo\u010dim za prvo. Sledim pu\u0161\u010dici levo.<br \/>\u017de po nekaj metrih pri\u010dne rahlo de\u017eevati, in naslednje pol ure se de\u017eevje le stopnjuje. Ker nimam vodoodpornega ohi\u0161ja za fotoaparat, ga pospravim na varno v nahrbtnik.<br \/>Kmalu pri\u010dne \u0161e mo\u010dno pihati in hribovje prekrije megla. Slab\u0161ega vremena si skoraj ne bi mogel omisliti. Kapljice de\u017eja, ki jih nosi mo\u010dan veter skoraj vodoravno, se zaletavajo v obraz in v veliki meri kon\u010dajo nekje za vratom.<br \/>A tudi to je Camino. Potoki vode, ki so zapolnili ozke poti mi ve\u010dkrat oblijejo \u010devlje. Po dobrih \u0161etih urah, ko se spustim v dolino, pri\u010dnejo popu\u0161\u010dati tako jakna, kot hla\u010de in \u010devlji. Naliv je vedno mo\u010dnej\u0161i in ni\u010d ne ka\u017ee, da bi popustil. Nekoliko se umiri le veter.<br \/>V dolini kon\u010dno pridem do bara in zaslu\u017eene malice. Obla\u010dila, ki jih odlo\u017eim na naslonjalu stola po nekaj minutah povzro\u010dijo pravo poplavo. Vsi gledamo ven, kjer mo\u010dan naliv ustvarja po cesti prave potoke vode.<br \/>Do Finisterre me \u010daka le \u0161e 12 kilometrov. Tokrat niti ne pomislim, da bi od\u0161el do rta, saj to pomeni dodatnih 7 kilometrov hoje.<br \/>Po naslednjih treh urah kon\u010dno pridem do te\u017eko pri\u010dakovane vasi. Tudi de\u017eevje se umiri. Le \u0161e tu in tam pade kak\u0161na kapljica.<br \/>V bli\u017enji trgovini nakupim hrane za ve\u010derjo. V tokratnem hostlu je kuhinja in prilegla se bo doma skuhana hrana. Kot sta obljubila \u017ee v Negreira-i, sta tu tudi mlaj\u0161a nem\u0161ka kolesarja iz Dresdna. Skupaj zlo\u017eimo hrano in pripravimo ve\u010derjo, na katero povabimo tudi hospetalierja &#8211; Irca ki trenutno tu pomaga pri sprejemu gostov. Prispeva odli\u010dno sladico, ki jo kljub obilni ve\u010derji pojemo do zadnje drobtinice.<br \/>Ob devetih se spravimo v spalnico, kjer se pogovarjamo \u0161e dolgo v no\u010d.<br \/>\u010ce bo jutri ponovno tako zelo slabo vreme, bom na tej to\u010dki zaklju\u010dil s Caminom in se po\u010dasi odpravil proti Santiagu.<br \/>\u017dal mi je le zaradi izgubljenega popoldneva, ki je, tako kot je bil dana\u0161nji, lahko res prijeten.<br \/>Morda pa si vreme le premisli.<\/p>\n<p>Hrana: 21<br \/>No\u010ditev: 5<br \/><a href=\"https:\/\/connect.garmin.com\/modern\/activity\/837008133\">Trasa poti<\/a><\/p>\n","protected":false},"excerpt":{"rendered":"<p>Pono\u010di se v zgornji kopalnici sli\u0161ijo \u010dudni zvoki. Mislim, da imata Ameri\u010danki po v\u010deraj\u0161nji ve\u010derji prebavne motnje.Zaradi te\u017eav z vremenom, ki jih pri\u010dakujem danes, pri\u010dnem nekoliko prej. Vreme je obla\u010dno a zaenkrat \u0161e ne ka\u017ee na de\u017e. Vzpnem se na prvi hrib, in po petih kilometrih se na odcepu Finisterre-Muxia odlo\u010dim za prvo. Sledim pu\u0161\u010dici [&hellip;]<\/p>\n","protected":false},"author":1,"featured_media":0,"comment_status":"open","ping_status":"open","sticky":false,"template":"","format":"standard","meta":{"site-sidebar-layout":"default","site-content-layout":"","ast-site-content-layout":"","site-content-style":"default","site-sidebar-style":"default","ast-global-header-display":"","ast-banner-title-visibility":"","ast-main-header-display":"","ast-hfb-above-header-display":"","ast-hfb-below-header-display":"","ast-hfb-mobile-header-display":"","site-post-title":"","ast-breadcrumbs-content":"","ast-featured-img":"","footer-sml-layout":"","theme-transparent-header-meta":"","adv-header-id-meta":"","stick-header-meta":"","header-above-stick-meta":"","header-main-stick-meta":"","header-below-stick-meta":"","astra-migrate-meta-layouts":"default","ast-page-background-enabled":"default","ast-page-background-meta":{"desktop":{"background-color":"var(--ast-global-color-4)","background-image":"","background-repeat":"repeat","background-position":"center center","background-size":"auto","background-attachment":"scroll","background-type":"","background-media":"","overlay-type":"","overlay-color":"","overlay-opacity":"","overlay-gradient":""},"tablet":{"background-color":"","background-image":"","background-repeat":"repeat","background-position":"center center","background-size":"auto","background-attachment":"scroll","background-type":"","background-media":"","overlay-type":"","overlay-color":"","overlay-opacity":"","overlay-gradient":""},"mobile":{"background-color":"","background-image":"","background-repeat":"repeat","background-position":"center center","background-size":"auto","background-attachment":"scroll","background-type":"","background-media":"","overlay-type":"","overlay-color":"","overlay-opacity":"","overlay-gradient":""}},"ast-content-background-meta":{"desktop":{"background-color":"var(--ast-global-color-5)","background-image":"","background-repeat":"repeat","background-position":"center center","background-size":"auto","background-attachment":"scroll","background-type":"","background-media":"","overlay-type":"","overlay-color":"","overlay-opacity":"","overlay-gradient":""},"tablet":{"background-color":"var(--ast-global-color-5)","background-image":"","background-repeat":"repeat","background-position":"center center","background-size":"auto","background-attachment":"scroll","background-type":"","background-media":"","overlay-type":"","overlay-color":"","overlay-opacity":"","overlay-gradient":""},"mobile":{"background-color":"var(--ast-global-color-5)","background-image":"","background-repeat":"repeat","background-position":"center center","background-size":"auto","background-attachment":"scroll","background-type":"","background-media":"","overlay-type":"","overlay-color":"","overlay-opacity":"","overlay-gradient":""}},"footnotes":""},"categories":[6,7,14],"tags":[],"class_list":["post-184","post","type-post","status-publish","format-standard","hentry","category-camino","category-camino-del-norte-2007","category-trekking"],"aioseo_notices":[],"_links":{"self":[{"href":"https:\/\/www.gogreen.si\/index.php?rest_route=\/wp\/v2\/posts\/184","targetHints":{"allow":["GET"]}}],"collection":[{"href":"https:\/\/www.gogreen.si\/index.php?rest_route=\/wp\/v2\/posts"}],"about":[{"href":"https:\/\/www.gogreen.si\/index.php?rest_route=\/wp\/v2\/types\/post"}],"author":[{"embeddable":true,"href":"https:\/\/www.gogreen.si\/index.php?rest_route=\/wp\/v2\/users\/1"}],"replies":[{"embeddable":true,"href":"https:\/\/www.gogreen.si\/index.php?rest_route=%2Fwp%2Fv2%2Fcomments&post=184"}],"version-history":[{"count":0,"href":"https:\/\/www.gogreen.si\/index.php?rest_route=\/wp\/v2\/posts\/184\/revisions"}],"wp:attachment":[{"href":"https:\/\/www.gogreen.si\/index.php?rest_route=%2Fwp%2Fv2%2Fmedia&parent=184"}],"wp:term":[{"taxonomy":"category","embeddable":true,"href":"https:\/\/www.gogreen.si\/index.php?rest_route=%2Fwp%2Fv2%2Fcategories&post=184"},{"taxonomy":"post_tag","embeddable":true,"href":"https:\/\/www.gogreen.si\/index.php?rest_route=%2Fwp%2Fv2%2Ftags&post=184"}],"curies":[{"name":"wp","href":"https:\/\/api.w.org\/{rel}","templated":true}]}}