{"id":182,"date":"2008-01-10T11:35:00","date_gmt":"2008-01-10T10:35:00","guid":{"rendered":"https:\/\/www.walk.si\/uncategorized\/severna-pot-camino-de-santiago-zakljucek\/"},"modified":"2008-01-10T11:35:00","modified_gmt":"2008-01-10T10:35:00","slug":"severna-pot-camino-de-santiago-zakljucek","status":"publish","type":"post","link":"https:\/\/www.gogreen.si\/?p=182","title":{"rendered":"Severna pot Camino de Santiago &#8211; Zaklju\u010dek"},"content":{"rendered":"\n<div class=\"inherit-container-width wp-block-group is-layout-constrained wp-block-group-is-layout-constrained\">\n<figure class=\"wp-block-image size-medium is-style-default\" style=\"border-radius:5px\"><img decoding=\"async\" src=\"https:\/\/www.gogreen.si\/wp-content\/uploads\/2008\/01\/20080110-102309-300x200.jpg\" alt=\"\" class=\"wp-image-733\"\/><\/figure>\n\n\n\n<p><span style=\"text-align: center;\">V Muxiji sre\u010dam pri svetilniku nem\u0161ka romarja, ki sta z avtom pri\u0161la iz Santiaga. Ponosno se pohvalita s pridobljenim potrdilom o prehojeni poti. Prehodila sva vseh 100km. Pogled se mi ustavi na GPSu obe\u0161enim na nahrbtniku. \u0160tevec kilometrov se je ustavil nekaj kilometrov pred magi\u010dno \u0161tevilko 1000. Posmejim se jima, spregovorimo nekaj besed nato odidemo vsak v svojo smer. Odpravim se do hladnega, lepo urejenega preno\u010di\u0161\u010da, v katerem sem ponovno sam. \u010ce sem bil \u0161e lani prepri\u010dan, da vem kak\u0161en je pravi El Camino, zdaj vem, da tega ne bom nikoli izvedel.<\/span><\/p>\n\n\n\n<p><span style=\"text-align: center;\">In kak\u0161en v resnici je?<\/span> <span style=\"text-align: center;\">Vsakokrat druga\u010den, vsakokrat edinstven a vedno poln nepozabnih do\u017eivetij, trenutkov veselja, radosti. Bole\u010dine in tegobe pa so bile pozabljene \u017ee v\u010deraj.<\/span><\/p>\n\n\n\n<p><span style=\"text-align: center;\">Razlika med Caminom Frances in Camino del Norte je o\u010ditna. Francoska pot je bolj turisti\u010dna, bolj obiskana in temu primerno bolje opremljena. Na severni pa je precej te\u017eje najti samo pot, poceni preno\u010di\u0161\u010d namenjenih romarjem je manj in v zimskem \u010dasu jih je veliko zaprtih. Pot je precej zahtevnej\u0161a, ve\u010d je vzponov (za \u010detrtino) in manj asfaltnih povr\u0161in. V zimskem \u010dasu je potrebnih veliko odlo\u010ditev in sprejemanje kompromisov. Uporabiti prevoz, spati v hotelu, uporabiti dalj\u0161o a la\u017ejo pot&#8230; Na poti je potrebno sprejeti vsako pomo\u010d v trenutku ko ti je ponujena, ta trenutek se kasneje, ko jo bo\u0161 rabil ne bo ve\u010d vrnil. Na tej poti so mi jo ljudje ve\u010dkrat ponudili. Vedno sem jo sprejel in prav za nobeno mi ni \u017eal, saj mi je vsaka omogo\u010dila korak bli\u017ee kon\u010dnemu cilju.<\/span><\/p>\n\n\n\n<p class=\"wp-embed-aspect-16-9 wp-has-aspect-ratio\"><a href=\"https:\/\/youtu.be\/VvyFPMEc_eE\">Video utrinki s poti<\/a><\/p>\n\n\n\n<p>Zaradi vsega tega dobi ta pot poseben \u010dar. Po poti hodi\u0161 sam, okolica ni obremenjena s smetmi in vrezanimi \u010drkami v drevju, no\u010ditev ni sama po sebi umevna, ljudje ob poti so te veseli, ponujajo pomo\u010d, ve\u010d je stika s prebivalci, hospitalerji ob desetih ne ugasnejo lu\u010di in odidejo temve\u010d se popoldne oz. zve\u010der \u017eelijo pogovarjati, svetujejo skuhajo ve\u010derjo&#8230; Vsem udele\u017eencem ob poti nekaj pomeni\u0161 in za vse to v nekaterih preno\u010di\u0161\u010dih celo zavra\u010dajo prostovoljne prispevke.<\/p>\n\n\n\n<p>Komu bi priporo\u010dil tak Camino? Hm&#8230; Nikomur&#8230; Vsem&#8230; \u010ce ste vsaj be\u017eno prebrali dnevnik, ste \u017ee izvedeli, da je pot te\u017eka. Torej dobro pripravljenim. Hostle je te\u017eko najti in dokler se ne ule\u017ee\u0161 v posteljo ne ve\u0161, \u010de bo\u0161 spal na suhem. Torej vsem, ki se ne vznemirjate, \u010de ne veste kje boste spali. Poti so prazne, nikjer ni nikogar. Torej tistim, ki vas ni strah hoditi po samotnih \u0161irnih gozdovih.<\/p>\n\n\n\n<p>Vse to pa je bogato popla\u010dano s \u010dudovitim mesecem popotovanja.<br>Ob trenutnih oznakah priporo\u010dam kak\u0161no novej\u0161o navigacijsko napravo (GPS), ki vas ne bo pustila na cedilu niti v ozkih, z drevjem poraslih soteskah. Prihranila bo marsikateri kilometer. Sam si poti v zimskem \u010dasu brez tega pripomo\u010dka ne predstavljam.<\/p>\n\n\n\n<p>In kot se spodobi, na koncu \u0161e zahvale.<\/p>\n\n\n\n<p>Najprej seveda \u017eeni in sinu, ki sta me pustila na pot :), me ves \u010das spodbujala in spremljala. Ostalim doma\u010dim za vso podporo, delodajalcu in nadrejenim za odobritev tako dolgega dopusta, sodelavcem za nadome\u0161\u010danje, vsem Vam, ki ste me na poti spremljali z mislimi in komentarji in seveda vsem udele\u017eencem ob poti.<\/p>\n\n\n\n<p>Ta \u010dlanek bom v prihodnjih dneh po vsej verjetnosti dopolnjeval. Za nocoj pa naj bo dovolj.<\/p>\n\n\n\n<p>Jutri me \u010daka le \u0161e celodnevno potovanje in ob dvajsetih se bom z odhodom iz letali\u0161\u010da proti doma\u010di hi\u0161i dokon\u010dno poslovil od tokratnega Camina.<\/p>\n\n\n\n<p>Za vse \u0161tevilk \u017eeljne pa \u0161e nekaj statisti\u010dnih podatkov (matematika mi ni nikoli le\u017eala, zato ne prera\u010dunavajte preve\u010d \ud83d\ude42<\/p>\n\n\n\n<p>Skupne vrednosti:<br>Prehojena razdalja: 980 km<br>Vzponi: 20500 m<br>Spusti: 20550 m<br>&#8212;&#8211;<br>No\u010ditve: 350 eur<br>Hrana: 320 eur<br>Ostalo: 251 eur (Letalski in ostali prevozi, dodatna zavarovanja in ostale stvari kupljene v trajanju Camina)<\/p>\n\n\n\n<p>Dnevna povpre\u010dja zaokro\u017eena na cele \u0161tevilke:<br>Kilometri: 29<br>Vzponi: 603<br>Spusti: 604<br>&#8212;&#8211;<br>No\u010ditev: 10 eur<br>Hrana: 9 eur<br>Ostalo: 1 eur (brez letalskega prevoza in zavarovanja)<br>&#8212;&#8211;<br>Suhih dni: 19<br>De\u017eevnih dni: 14<br>No\u010ditev: 13<br>Hrana: 13<br>Prevoz: 6<\/p>\n<\/div>\n","protected":false},"excerpt":{"rendered":"<p>V Muxiji sre\u010dam pri svetilniku nem\u0161ka romarja, ki sta z avtom pri\u0161la iz Santiaga. Ponosno se pohvalita s pridobljenim potrdilom o prehojeni poti. Prehodila sva vseh 100km. Pogled se mi ustavi na GPSu obe\u0161enim na nahrbtniku. \u0160tevec kilometrov se je ustavil nekaj kilometrov pred magi\u010dno \u0161tevilko 1000. Posmejim se jima, spregovorimo nekaj besed nato odidemo [&hellip;]<\/p>\n","protected":false},"author":1,"featured_media":0,"comment_status":"open","ping_status":"open","sticky":false,"template":"","format":"standard","meta":{"site-sidebar-layout":"default","site-content-layout":"","ast-site-content-layout":"","site-content-style":"default","site-sidebar-style":"default","ast-global-header-display":"","ast-banner-title-visibility":"","ast-main-header-display":"","ast-hfb-above-header-display":"","ast-hfb-below-header-display":"","ast-hfb-mobile-header-display":"","site-post-title":"","ast-breadcrumbs-content":"","ast-featured-img":"","footer-sml-layout":"","theme-transparent-header-meta":"","adv-header-id-meta":"","stick-header-meta":"","header-above-stick-meta":"","header-main-stick-meta":"","header-below-stick-meta":"","astra-migrate-meta-layouts":"default","ast-page-background-enabled":"default","ast-page-background-meta":{"desktop":{"background-color":"var(--ast-global-color-4)","background-image":"","background-repeat":"repeat","background-position":"center center","background-size":"auto","background-attachment":"scroll","background-type":"","background-media":"","overlay-type":"","overlay-color":"","overlay-opacity":"","overlay-gradient":""},"tablet":{"background-color":"","background-image":"","background-repeat":"repeat","background-position":"center center","background-size":"auto","background-attachment":"scroll","background-type":"","background-media":"","overlay-type":"","overlay-color":"","overlay-opacity":"","overlay-gradient":""},"mobile":{"background-color":"","background-image":"","background-repeat":"repeat","background-position":"center center","background-size":"auto","background-attachment":"scroll","background-type":"","background-media":"","overlay-type":"","overlay-color":"","overlay-opacity":"","overlay-gradient":""}},"ast-content-background-meta":{"desktop":{"background-color":"var(--ast-global-color-5)","background-image":"","background-repeat":"repeat","background-position":"center center","background-size":"auto","background-attachment":"scroll","background-type":"","background-media":"","overlay-type":"","overlay-color":"","overlay-opacity":"","overlay-gradient":""},"tablet":{"background-color":"var(--ast-global-color-5)","background-image":"","background-repeat":"repeat","background-position":"center center","background-size":"auto","background-attachment":"scroll","background-type":"","background-media":"","overlay-type":"","overlay-color":"","overlay-opacity":"","overlay-gradient":""},"mobile":{"background-color":"var(--ast-global-color-5)","background-image":"","background-repeat":"repeat","background-position":"center center","background-size":"auto","background-attachment":"scroll","background-type":"","background-media":"","overlay-type":"","overlay-color":"","overlay-opacity":"","overlay-gradient":""}},"footnotes":""},"categories":[6,7,14],"tags":[],"class_list":["post-182","post","type-post","status-publish","format-standard","hentry","category-camino","category-camino-del-norte-2007","category-trekking"],"aioseo_notices":[],"_links":{"self":[{"href":"https:\/\/www.gogreen.si\/index.php?rest_route=\/wp\/v2\/posts\/182","targetHints":{"allow":["GET"]}}],"collection":[{"href":"https:\/\/www.gogreen.si\/index.php?rest_route=\/wp\/v2\/posts"}],"about":[{"href":"https:\/\/www.gogreen.si\/index.php?rest_route=\/wp\/v2\/types\/post"}],"author":[{"embeddable":true,"href":"https:\/\/www.gogreen.si\/index.php?rest_route=\/wp\/v2\/users\/1"}],"replies":[{"embeddable":true,"href":"https:\/\/www.gogreen.si\/index.php?rest_route=%2Fwp%2Fv2%2Fcomments&post=182"}],"version-history":[{"count":0,"href":"https:\/\/www.gogreen.si\/index.php?rest_route=\/wp\/v2\/posts\/182\/revisions"}],"wp:attachment":[{"href":"https:\/\/www.gogreen.si\/index.php?rest_route=%2Fwp%2Fv2%2Fmedia&parent=182"}],"wp:term":[{"taxonomy":"category","embeddable":true,"href":"https:\/\/www.gogreen.si\/index.php?rest_route=%2Fwp%2Fv2%2Fcategories&post=182"},{"taxonomy":"post_tag","embeddable":true,"href":"https:\/\/www.gogreen.si\/index.php?rest_route=%2Fwp%2Fv2%2Ftags&post=182"}],"curies":[{"name":"wp","href":"https:\/\/api.w.org\/{rel}","templated":true}]}}