{"id":174,"date":"2008-10-30T12:05:00","date_gmt":"2008-10-30T11:05:00","guid":{"rendered":"https:\/\/www.walk.si\/uncategorized\/padron-cadavo\/"},"modified":"2008-10-30T12:05:00","modified_gmt":"2008-10-30T11:05:00","slug":"padron-cadavo","status":"publish","type":"post","link":"https:\/\/www.gogreen.si\/?p=174","title":{"rendered":"Padron &#8211; Cadavo"},"content":{"rendered":"<div style=\"clear: both; text-align: center;\"><\/div>\n<div style=\"clear: both; text-align: center;\"><a href=\"http:\/\/2.bp.blogspot.com\/_wfRQwsEuJjI\/TQ8uj0TdPJI\/AAAAAAAAANk\/-tWfp9S8pMc\/s1600\/IMG_3683.jpg\" style=\"clear: left; float: left; margin-bottom: 1em; margin-right: 1em;\"><img loading=\"lazy\" decoding=\"async\" border=\"0\" height=\"213\" src=\"http:\/\/2.bp.blogspot.com\/_wfRQwsEuJjI\/TQ8uj0TdPJI\/AAAAAAAAANk\/-tWfp9S8pMc\/s320\/IMG_3683.jpg\" width=\"320\" \/><\/a><\/div>\n<p>Jutro je ponovno temno in hladno. Tudi veter in de\u017e ne popu\u0161\u010data. Z Luisem pri\u010dnemo pot skupaj, a ker je hitrej\u0161i nadaljujemo vsak s svojim tempom.<br \/>Zaradi de\u017eja in nizkih oblakov oz. megle je pot precej dolgo\u010dasna. Pot postaja vedno bolj razmo\u010dena in v\u010dasih je potrebno prav paziti, da \u010develj ne ostane v blatu \ud83d\ude42<br \/>Lep del poti sva imela spremstvo treh lovskih psov, ki so po nekaj kilometrih obupali.<br \/>Pot je potekala ve\u010dinoma po botovem in kostanjevem gozdu. Evkvaliptusov je bilo le za vzorec.<br \/>Prepri\u010dana, da bomo v hostlu ponovno le trije, se prav presene\u010dena ozreva na mno\u017eico enajstih pohodnikov. Kasneje izveva, da so z Malorce, z izjemo finca, ki ima tam le hi\u0161o, in da nadaljujejo pot, ki so jo lani tu zaklju\u010dili.<br \/><a href=\"http:\/\/www.endomondo.com\/workouts\/oRRQ3gqknb8\">Prehodila sva 25km ter 745m vzponov in 875m spustov.<\/a><\/p>\n","protected":false},"excerpt":{"rendered":"<p>Jutro je ponovno temno in hladno. Tudi veter in de\u017e ne popu\u0161\u010data. Z Luisem pri\u010dnemo pot skupaj, a ker je hitrej\u0161i nadaljujemo vsak s svojim tempom.Zaradi de\u017eja in nizkih oblakov oz. megle je pot precej dolgo\u010dasna. Pot postaja vedno bolj razmo\u010dena in v\u010dasih je potrebno prav paziti, da \u010develj ne ostane v blatu \ud83d\ude42Lep del [&hellip;]<\/p>\n","protected":false},"author":1,"featured_media":0,"comment_status":"open","ping_status":"open","sticky":false,"template":"","format":"standard","meta":{"site-sidebar-layout":"default","site-content-layout":"","ast-site-content-layout":"","site-content-style":"default","site-sidebar-style":"default","ast-global-header-display":"","ast-banner-title-visibility":"","ast-main-header-display":"","ast-hfb-above-header-display":"","ast-hfb-below-header-display":"","ast-hfb-mobile-header-display":"","site-post-title":"","ast-breadcrumbs-content":"","ast-featured-img":"","footer-sml-layout":"","theme-transparent-header-meta":"","adv-header-id-meta":"","stick-header-meta":"","header-above-stick-meta":"","header-main-stick-meta":"","header-below-stick-meta":"","astra-migrate-meta-layouts":"default","ast-page-background-enabled":"default","ast-page-background-meta":{"desktop":{"background-color":"var(--ast-global-color-4)","background-image":"","background-repeat":"repeat","background-position":"center center","background-size":"auto","background-attachment":"scroll","background-type":"","background-media":"","overlay-type":"","overlay-color":"","overlay-opacity":"","overlay-gradient":""},"tablet":{"background-color":"","background-image":"","background-repeat":"repeat","background-position":"center center","background-size":"auto","background-attachment":"scroll","background-type":"","background-media":"","overlay-type":"","overlay-color":"","overlay-opacity":"","overlay-gradient":""},"mobile":{"background-color":"","background-image":"","background-repeat":"repeat","background-position":"center center","background-size":"auto","background-attachment":"scroll","background-type":"","background-media":"","overlay-type":"","overlay-color":"","overlay-opacity":"","overlay-gradient":""}},"ast-content-background-meta":{"desktop":{"background-color":"var(--ast-global-color-5)","background-image":"","background-repeat":"repeat","background-position":"center center","background-size":"auto","background-attachment":"scroll","background-type":"","background-media":"","overlay-type":"","overlay-color":"","overlay-opacity":"","overlay-gradient":""},"tablet":{"background-color":"var(--ast-global-color-5)","background-image":"","background-repeat":"repeat","background-position":"center center","background-size":"auto","background-attachment":"scroll","background-type":"","background-media":"","overlay-type":"","overlay-color":"","overlay-opacity":"","overlay-gradient":""},"mobile":{"background-color":"var(--ast-global-color-5)","background-image":"","background-repeat":"repeat","background-position":"center center","background-size":"auto","background-attachment":"scroll","background-type":"","background-media":"","overlay-type":"","overlay-color":"","overlay-opacity":"","overlay-gradient":""}},"footnotes":""},"categories":[6,11,14],"tags":[],"class_list":["post-174","post","type-post","status-publish","format-standard","hentry","category-camino","category-camino-primitivo-2008","category-trekking"],"aioseo_notices":[],"_links":{"self":[{"href":"https:\/\/www.gogreen.si\/index.php?rest_route=\/wp\/v2\/posts\/174","targetHints":{"allow":["GET"]}}],"collection":[{"href":"https:\/\/www.gogreen.si\/index.php?rest_route=\/wp\/v2\/posts"}],"about":[{"href":"https:\/\/www.gogreen.si\/index.php?rest_route=\/wp\/v2\/types\/post"}],"author":[{"embeddable":true,"href":"https:\/\/www.gogreen.si\/index.php?rest_route=\/wp\/v2\/users\/1"}],"replies":[{"embeddable":true,"href":"https:\/\/www.gogreen.si\/index.php?rest_route=%2Fwp%2Fv2%2Fcomments&post=174"}],"version-history":[{"count":0,"href":"https:\/\/www.gogreen.si\/index.php?rest_route=\/wp\/v2\/posts\/174\/revisions"}],"wp:attachment":[{"href":"https:\/\/www.gogreen.si\/index.php?rest_route=%2Fwp%2Fv2%2Fmedia&parent=174"}],"wp:term":[{"taxonomy":"category","embeddable":true,"href":"https:\/\/www.gogreen.si\/index.php?rest_route=%2Fwp%2Fv2%2Fcategories&post=174"},{"taxonomy":"post_tag","embeddable":true,"href":"https:\/\/www.gogreen.si\/index.php?rest_route=%2Fwp%2Fv2%2Ftags&post=174"}],"curies":[{"name":"wp","href":"https:\/\/api.w.org\/{rel}","templated":true}]}}