{"id":167,"date":"2008-11-06T10:36:00","date_gmt":"2008-11-06T09:36:00","guid":{"rendered":"https:\/\/www.walk.si\/uncategorized\/negreira-olveiroa\/"},"modified":"2008-11-06T10:36:00","modified_gmt":"2008-11-06T09:36:00","slug":"negreira-olveiroa","status":"publish","type":"post","link":"https:\/\/www.gogreen.si\/?p=167","title":{"rendered":"Negreira &#8211; Olveiroa"},"content":{"rendered":"<div style=\"clear: both; text-align: center;\"><a href=\"http:\/\/3.bp.blogspot.com\/_wfRQwsEuJjI\/TQ8t9w4EbVI\/AAAAAAAAAHI\/yXGKO5GS1vs\/s1600\/IMG_4092.jpg\" style=\"clear: left; float: left; margin-bottom: 1em; margin-right: 1em;\"><img loading=\"lazy\" decoding=\"async\" border=\"0\" height=\"213\" src=\"http:\/\/3.bp.blogspot.com\/_wfRQwsEuJjI\/TQ8t9w4EbVI\/AAAAAAAAAHI\/yXGKO5GS1vs\/s320\/IMG_4092.jpg\" width=\"320\" \/><\/a><\/div>\n<p>Jutro je megleno in s hojo pri\u010dneva \u0161e v mraku. Prepri\u010dana, da bo prav kmalu zasijalo sonce si ne nadaneva de\u017ene opreme. Po dobri uri pa se izka\u017ee da bo le ta danes \u0161e potrebna.<br \/>Do prvega bara naju prehiti nekaj pohodnikov, izmed katerih si trije naro\u010dijo taksi. \u017de vedo.<br \/>Kilometri be\u017eijo hitro, sam pa se med potjo spominjam dogodkov iz prej\u0161njih dveh Caminov, ko sem zadnjih nekaj dni hodil po isti poti. Vsak izmed njih je bil edinstven in te\u017eko bi jih primerjal med seboj.<br \/>Zaradi de\u017eja in megle dana\u0161nji dan ni prav primeren za ogled \u010dudovite okolice, saj se ne vidi dlje kot 100 metrov, je pa zato prav primeren za razmi\u0161ljanje.<br \/><a href=\"http:\/\/www.endomondo.com\/workouts\/kgq62DbIkZE\">Po dolgih 33km ter 710m vzponov in 560m spustov<\/a> prideva v \u017ee znan hostel, kjer ponovno spoznava nekaj ljudi. Tokrat so se mi zdeli zanimivi Brazilci, saj prihajajo iz istega mesta, kot dobra znanka iz Camina Frances.<br \/>Med prvimi si skuhava ve\u010derjo, nato pa kakor naju je nau\u010dil Luis, za trenutek pri\u017egeva di\u0161e\u010do indijsko pali\u010dico, da omiliva vonjave 16 ljudi ki su\u0161ijo perilo in se spraviva k po\u010ditku in pisanju. Ostali \u010dlani na\u0161e spalnice bodo po izku\u0161njah prej\u0161njega dne pri\u0161li naj minut pred 22.00.<\/p>\n","protected":false},"excerpt":{"rendered":"<p>Jutro je megleno in s hojo pri\u010dneva \u0161e v mraku. Prepri\u010dana, da bo prav kmalu zasijalo sonce si ne nadaneva de\u017ene opreme. Po dobri uri pa se izka\u017ee da bo le ta danes \u0161e potrebna.Do prvega bara naju prehiti nekaj pohodnikov, izmed katerih si trije naro\u010dijo taksi. \u017de vedo.Kilometri be\u017eijo hitro, sam pa se med [&hellip;]<\/p>\n","protected":false},"author":1,"featured_media":0,"comment_status":"open","ping_status":"open","sticky":false,"template":"","format":"standard","meta":{"site-sidebar-layout":"default","site-content-layout":"","ast-site-content-layout":"","site-content-style":"default","site-sidebar-style":"default","ast-global-header-display":"","ast-banner-title-visibility":"","ast-main-header-display":"","ast-hfb-above-header-display":"","ast-hfb-below-header-display":"","ast-hfb-mobile-header-display":"","site-post-title":"","ast-breadcrumbs-content":"","ast-featured-img":"","footer-sml-layout":"","theme-transparent-header-meta":"","adv-header-id-meta":"","stick-header-meta":"","header-above-stick-meta":"","header-main-stick-meta":"","header-below-stick-meta":"","astra-migrate-meta-layouts":"default","ast-page-background-enabled":"default","ast-page-background-meta":{"desktop":{"background-color":"var(--ast-global-color-4)","background-image":"","background-repeat":"repeat","background-position":"center center","background-size":"auto","background-attachment":"scroll","background-type":"","background-media":"","overlay-type":"","overlay-color":"","overlay-opacity":"","overlay-gradient":""},"tablet":{"background-color":"","background-image":"","background-repeat":"repeat","background-position":"center center","background-size":"auto","background-attachment":"scroll","background-type":"","background-media":"","overlay-type":"","overlay-color":"","overlay-opacity":"","overlay-gradient":""},"mobile":{"background-color":"","background-image":"","background-repeat":"repeat","background-position":"center center","background-size":"auto","background-attachment":"scroll","background-type":"","background-media":"","overlay-type":"","overlay-color":"","overlay-opacity":"","overlay-gradient":""}},"ast-content-background-meta":{"desktop":{"background-color":"var(--ast-global-color-5)","background-image":"","background-repeat":"repeat","background-position":"center center","background-size":"auto","background-attachment":"scroll","background-type":"","background-media":"","overlay-type":"","overlay-color":"","overlay-opacity":"","overlay-gradient":""},"tablet":{"background-color":"var(--ast-global-color-5)","background-image":"","background-repeat":"repeat","background-position":"center center","background-size":"auto","background-attachment":"scroll","background-type":"","background-media":"","overlay-type":"","overlay-color":"","overlay-opacity":"","overlay-gradient":""},"mobile":{"background-color":"var(--ast-global-color-5)","background-image":"","background-repeat":"repeat","background-position":"center center","background-size":"auto","background-attachment":"scroll","background-type":"","background-media":"","overlay-type":"","overlay-color":"","overlay-opacity":"","overlay-gradient":""}},"footnotes":""},"categories":[6,11,14],"tags":[],"class_list":["post-167","post","type-post","status-publish","format-standard","hentry","category-camino","category-camino-primitivo-2008","category-trekking"],"aioseo_notices":[],"_links":{"self":[{"href":"https:\/\/www.gogreen.si\/index.php?rest_route=\/wp\/v2\/posts\/167","targetHints":{"allow":["GET"]}}],"collection":[{"href":"https:\/\/www.gogreen.si\/index.php?rest_route=\/wp\/v2\/posts"}],"about":[{"href":"https:\/\/www.gogreen.si\/index.php?rest_route=\/wp\/v2\/types\/post"}],"author":[{"embeddable":true,"href":"https:\/\/www.gogreen.si\/index.php?rest_route=\/wp\/v2\/users\/1"}],"replies":[{"embeddable":true,"href":"https:\/\/www.gogreen.si\/index.php?rest_route=%2Fwp%2Fv2%2Fcomments&post=167"}],"version-history":[{"count":0,"href":"https:\/\/www.gogreen.si\/index.php?rest_route=\/wp\/v2\/posts\/167\/revisions"}],"wp:attachment":[{"href":"https:\/\/www.gogreen.si\/index.php?rest_route=%2Fwp%2Fv2%2Fmedia&parent=167"}],"wp:term":[{"taxonomy":"category","embeddable":true,"href":"https:\/\/www.gogreen.si\/index.php?rest_route=%2Fwp%2Fv2%2Fcategories&post=167"},{"taxonomy":"post_tag","embeddable":true,"href":"https:\/\/www.gogreen.si\/index.php?rest_route=%2Fwp%2Fv2%2Ftags&post=167"}],"curies":[{"name":"wp","href":"https:\/\/api.w.org\/{rel}","templated":true}]}}