{"id":164,"date":"2009-02-24T22:20:00","date_gmt":"2009-02-24T21:20:00","guid":{"rendered":"https:\/\/www.walk.si\/uncategorized\/via-de-la-plata-2009\/"},"modified":"2009-02-24T22:20:00","modified_gmt":"2009-02-24T21:20:00","slug":"via-de-la-plata-2009","status":"publish","type":"post","link":"https:\/\/www.gogreen.si\/?p=164","title":{"rendered":"Via de la Plata 2009"},"content":{"rendered":"<div style=\"clear: both; text-align: center;\"><a href=\"http:\/\/1.bp.blogspot.com\/_wfRQwsEuJjI\/TSG--LThzlI\/AAAAAAAABXI\/ulg-rzqDzjo\/s1600\/IMG_4507.jpg\" style=\"clear: left; float: left; margin-bottom: 1em; margin-right: 1em;\"><img loading=\"lazy\" decoding=\"async\" border=\"0\" height=\"213\" src=\"http:\/\/1.bp.blogspot.com\/_wfRQwsEuJjI\/TSG--LThzlI\/AAAAAAAABXI\/ulg-rzqDzjo\/s320\/IMG_4507.jpg\" width=\"320\" \/><\/a><\/div>\n<p>V dnevni sobi iz nahrbtnika zlo\u017eim vse stvari in pri\u010dnem razmi\u0161ljati o ve\u010dni dilemi pred dalj\u0161im trekkingom. \u010cesa v naslednjih dneh ne bom potreboval? Kon\u010dno se odlo\u010dim, da doma ostane ultra lahki de\u017enik in originalna knjiga.<br \/>Ko je nahrbtnik ponovno nalo\u017een, stopim na tehtnico. Celih 40 dag manj. Skoraj pol kilograma&#8230; \u0160e vedno sta dva preve\u010d. \u010casa za razmislek imam \u0161e celo no\u010d in dopoldan.<br \/>Kaj pa palerina? Pomislim na de\u017eevne dni Camina Primitivo in jo prav hitro pospravim nazaj. Morda pa dodaten flis? Misli mi uidejo na severni Camino in no\u010di, ki sem jih prespal z rokavicami in kapo&#8230; Vse to ostane v nahrbtniku, pa \u0161e topla spalna vre\u010da povrhu. Morda pol kilogramski \u0161portni copati? Ne, popoldnevi v te\u017ekih pohodnih \u010devljih niso prav ni\u010d zabavni in kak\u0161en dan udobne hoje je prav prijeten. Tudi gorilnik in mala posodica znata priti prav v hostlih brez kuhinje. Bolje da nosim kak\u0161en kilogram ve\u010d kot da la\u010den zmrzujem sredi \u0160panije. Morda mobilni telefon in vsa ostala tehnika? Res bi se prav rad neko\u010d odpravil na pot brez te novodobne navlake. Toda \u017eelim ostati v stiku z najdra\u017ejimi. Morda bodo te objave komu neko\u010d celo koristile. Torej mobilni telefon ostane&#8230;<br \/>\u010caka me dolga pot in ura je \u017ee pozna, zato zaprem nahrbtnik in se odpravim v mehko toplo posteljo.<\/p>\n","protected":false},"excerpt":{"rendered":"<p>V dnevni sobi iz nahrbtnika zlo\u017eim vse stvari in pri\u010dnem razmi\u0161ljati o ve\u010dni dilemi pred dalj\u0161im trekkingom. \u010cesa v naslednjih dneh ne bom potreboval? Kon\u010dno se odlo\u010dim, da doma ostane ultra lahki de\u017enik in originalna knjiga.Ko je nahrbtnik ponovno nalo\u017een, stopim na tehtnico. Celih 40 dag manj. Skoraj pol kilograma&#8230; \u0160e vedno sta dva preve\u010d. [&hellip;]<\/p>\n","protected":false},"author":1,"featured_media":0,"comment_status":"open","ping_status":"open","sticky":false,"template":"","format":"standard","meta":{"site-sidebar-layout":"default","site-content-layout":"","ast-site-content-layout":"","site-content-style":"default","site-sidebar-style":"default","ast-global-header-display":"","ast-banner-title-visibility":"","ast-main-header-display":"","ast-hfb-above-header-display":"","ast-hfb-below-header-display":"","ast-hfb-mobile-header-display":"","site-post-title":"","ast-breadcrumbs-content":"","ast-featured-img":"","footer-sml-layout":"","theme-transparent-header-meta":"","adv-header-id-meta":"","stick-header-meta":"","header-above-stick-meta":"","header-main-stick-meta":"","header-below-stick-meta":"","astra-migrate-meta-layouts":"default","ast-page-background-enabled":"default","ast-page-background-meta":{"desktop":{"background-color":"var(--ast-global-color-4)","background-image":"","background-repeat":"repeat","background-position":"center center","background-size":"auto","background-attachment":"scroll","background-type":"","background-media":"","overlay-type":"","overlay-color":"","overlay-opacity":"","overlay-gradient":""},"tablet":{"background-color":"","background-image":"","background-repeat":"repeat","background-position":"center center","background-size":"auto","background-attachment":"scroll","background-type":"","background-media":"","overlay-type":"","overlay-color":"","overlay-opacity":"","overlay-gradient":""},"mobile":{"background-color":"","background-image":"","background-repeat":"repeat","background-position":"center center","background-size":"auto","background-attachment":"scroll","background-type":"","background-media":"","overlay-type":"","overlay-color":"","overlay-opacity":"","overlay-gradient":""}},"ast-content-background-meta":{"desktop":{"background-color":"var(--ast-global-color-5)","background-image":"","background-repeat":"repeat","background-position":"center center","background-size":"auto","background-attachment":"scroll","background-type":"","background-media":"","overlay-type":"","overlay-color":"","overlay-opacity":"","overlay-gradient":""},"tablet":{"background-color":"var(--ast-global-color-5)","background-image":"","background-repeat":"repeat","background-position":"center center","background-size":"auto","background-attachment":"scroll","background-type":"","background-media":"","overlay-type":"","overlay-color":"","overlay-opacity":"","overlay-gradient":""},"mobile":{"background-color":"var(--ast-global-color-5)","background-image":"","background-repeat":"repeat","background-position":"center center","background-size":"auto","background-attachment":"scroll","background-type":"","background-media":"","overlay-type":"","overlay-color":"","overlay-opacity":"","overlay-gradient":""}},"footnotes":""},"categories":[6,14,68],"tags":[],"class_list":["post-164","post","type-post","status-publish","format-standard","hentry","category-camino","category-trekking","category-camino-via-de-la-plata-2009"],"aioseo_notices":[],"_links":{"self":[{"href":"https:\/\/www.gogreen.si\/index.php?rest_route=\/wp\/v2\/posts\/164","targetHints":{"allow":["GET"]}}],"collection":[{"href":"https:\/\/www.gogreen.si\/index.php?rest_route=\/wp\/v2\/posts"}],"about":[{"href":"https:\/\/www.gogreen.si\/index.php?rest_route=\/wp\/v2\/types\/post"}],"author":[{"embeddable":true,"href":"https:\/\/www.gogreen.si\/index.php?rest_route=\/wp\/v2\/users\/1"}],"replies":[{"embeddable":true,"href":"https:\/\/www.gogreen.si\/index.php?rest_route=%2Fwp%2Fv2%2Fcomments&post=164"}],"version-history":[{"count":0,"href":"https:\/\/www.gogreen.si\/index.php?rest_route=\/wp\/v2\/posts\/164\/revisions"}],"wp:attachment":[{"href":"https:\/\/www.gogreen.si\/index.php?rest_route=%2Fwp%2Fv2%2Fmedia&parent=164"}],"wp:term":[{"taxonomy":"category","embeddable":true,"href":"https:\/\/www.gogreen.si\/index.php?rest_route=%2Fwp%2Fv2%2Fcategories&post=164"},{"taxonomy":"post_tag","embeddable":true,"href":"https:\/\/www.gogreen.si\/index.php?rest_route=%2Fwp%2Fv2%2Ftags&post=164"}],"curies":[{"name":"wp","href":"https:\/\/api.w.org\/{rel}","templated":true}]}}