{"id":163,"date":"2009-02-25T16:48:00","date_gmt":"2009-02-25T15:48:00","guid":{"rendered":"https:\/\/www.walk.si\/uncategorized\/sevilla-guillena\/"},"modified":"2009-02-25T16:48:00","modified_gmt":"2009-02-25T15:48:00","slug":"sevilla-guillena","status":"publish","type":"post","link":"https:\/\/www.gogreen.si\/?p=163","title":{"rendered":"Sevilla &#8211; Guillena"},"content":{"rendered":"<p><a href=\"http:\/\/3.bp.blogspot.com\/_wfRQwsEuJjI\/TSG_AFnmLeI\/AAAAAAAABXc\/ydwpGEm3NFM\/s1600\/IMG_4560.jpg\" style=\"clear: left; float: left; margin-bottom: 1em; margin-right: 1em;\"><img loading=\"lazy\" decoding=\"async\" border=\"0\" height=\"213\" src=\"http:\/\/3.bp.blogspot.com\/_wfRQwsEuJjI\/TSG_AFnmLeI\/AAAAAAAABXc\/ydwpGEm3NFM\/s320\/IMG_4560.jpg\" width=\"320\" \/><\/a>Danes smo celo no\u010d in jutro potovali, zato bom tudi \u010dlanek skraj\u0161al na minimum in se posvetil spanju.<br \/>\u010ce izvzamemo potnika, ki je na letalu omedlel, je vse potekalo po na\u010drtih. V centru Seville smo bili okrog 10.00 in nakupili nekaj najnujnej\u0161ih stvari.<br \/>Ura je bila kar naenkrat 12 in bil je skrajni \u010das, da se odpravim iz mesta proti Santiponce.<br \/>Sonce pripeka in vreme spominja na lep poletni dan, kar se zve\u010der pozna na mojem vratu. Pot iz seville je lepo ozna\u010dena, le nekateri avtomobili zakrivajo male rumene pu\u0161\u010dice.<br \/>Kon\u010dno se znebim mesta, a pot je \u0161e vedno asfaltna. V Santiponce pa pot kon\u010dno zavije na makedam in zagledam sliko, ki sem jo pri\u010dakoval morda nekoliko kasneje. Levo polje, desno polje, v sredini pa pot, kateri ni videti konca. Tudi po eni uri je podobno, le da je slika enaka tudi za menoj.<br \/>Sredi ceste pa se nenadoma pojvi ogromna lu\u017ea. Kmalu ugotovim, da je to reka, ki ima nenavadno strugo in se je bo potrebno lotiti druga\u010de. Grem po najbolj shojeni poti, na levo stran ceste. Ta pot me privede do zasilnega -mostu-, narejenega iz vej. \u017dal je voda pregloboka in poskusim \u0161e na desno stran. Tokrat potok pre\u010dkam preko podrtega drevesa, ki se \u0161e vedno trdno dr\u017ei v zemlji.<br \/>Do Guillena pot zaradi podrte ceste, ki jo je odnesla voda nekoliko skrene iz za\u010drtane poti, a se ji centru mesta ponovno pridru\u017ei.<br \/>Sledi slavno iskanje Hostla in klju\u010dev in po vseh zapetljajih le dobim klju\u010de. Tu\u0161 ima seveda le ledeno mrzlo vodo in tu\u0161iranje &#8211; \u010de temu lahko tako re\u010dem opravim v ultra kratkem \u010dasu.<br \/>V bli\u017enji trgovini se oskrbim s hrano, hitro pojem in sedaj grem nadoknaditi v\u010deraj\u0161njo in dana\u0161njo no\u010d.<\/p>\n","protected":false},"excerpt":{"rendered":"<p>Danes smo celo no\u010d in jutro potovali, zato bom tudi \u010dlanek skraj\u0161al na minimum in se posvetil spanju.\u010ce izvzamemo potnika, ki je na letalu omedlel, je vse potekalo po na\u010drtih. V centru Seville smo bili okrog 10.00 in nakupili nekaj najnujnej\u0161ih stvari.Ura je bila kar naenkrat 12 in bil je skrajni \u010das, da se odpravim [&hellip;]<\/p>\n","protected":false},"author":1,"featured_media":0,"comment_status":"open","ping_status":"open","sticky":false,"template":"","format":"standard","meta":{"site-sidebar-layout":"default","site-content-layout":"","ast-site-content-layout":"","site-content-style":"default","site-sidebar-style":"default","ast-global-header-display":"","ast-banner-title-visibility":"","ast-main-header-display":"","ast-hfb-above-header-display":"","ast-hfb-below-header-display":"","ast-hfb-mobile-header-display":"","site-post-title":"","ast-breadcrumbs-content":"","ast-featured-img":"","footer-sml-layout":"","theme-transparent-header-meta":"","adv-header-id-meta":"","stick-header-meta":"","header-above-stick-meta":"","header-main-stick-meta":"","header-below-stick-meta":"","astra-migrate-meta-layouts":"default","ast-page-background-enabled":"default","ast-page-background-meta":{"desktop":{"background-color":"var(--ast-global-color-4)","background-image":"","background-repeat":"repeat","background-position":"center center","background-size":"auto","background-attachment":"scroll","background-type":"","background-media":"","overlay-type":"","overlay-color":"","overlay-opacity":"","overlay-gradient":""},"tablet":{"background-color":"","background-image":"","background-repeat":"repeat","background-position":"center center","background-size":"auto","background-attachment":"scroll","background-type":"","background-media":"","overlay-type":"","overlay-color":"","overlay-opacity":"","overlay-gradient":""},"mobile":{"background-color":"","background-image":"","background-repeat":"repeat","background-position":"center center","background-size":"auto","background-attachment":"scroll","background-type":"","background-media":"","overlay-type":"","overlay-color":"","overlay-opacity":"","overlay-gradient":""}},"ast-content-background-meta":{"desktop":{"background-color":"var(--ast-global-color-5)","background-image":"","background-repeat":"repeat","background-position":"center center","background-size":"auto","background-attachment":"scroll","background-type":"","background-media":"","overlay-type":"","overlay-color":"","overlay-opacity":"","overlay-gradient":""},"tablet":{"background-color":"var(--ast-global-color-5)","background-image":"","background-repeat":"repeat","background-position":"center center","background-size":"auto","background-attachment":"scroll","background-type":"","background-media":"","overlay-type":"","overlay-color":"","overlay-opacity":"","overlay-gradient":""},"mobile":{"background-color":"var(--ast-global-color-5)","background-image":"","background-repeat":"repeat","background-position":"center center","background-size":"auto","background-attachment":"scroll","background-type":"","background-media":"","overlay-type":"","overlay-color":"","overlay-opacity":"","overlay-gradient":""}},"footnotes":""},"categories":[6,14,68],"tags":[],"class_list":["post-163","post","type-post","status-publish","format-standard","hentry","category-camino","category-trekking","category-camino-via-de-la-plata-2009"],"aioseo_notices":[],"_links":{"self":[{"href":"https:\/\/www.gogreen.si\/index.php?rest_route=\/wp\/v2\/posts\/163","targetHints":{"allow":["GET"]}}],"collection":[{"href":"https:\/\/www.gogreen.si\/index.php?rest_route=\/wp\/v2\/posts"}],"about":[{"href":"https:\/\/www.gogreen.si\/index.php?rest_route=\/wp\/v2\/types\/post"}],"author":[{"embeddable":true,"href":"https:\/\/www.gogreen.si\/index.php?rest_route=\/wp\/v2\/users\/1"}],"replies":[{"embeddable":true,"href":"https:\/\/www.gogreen.si\/index.php?rest_route=%2Fwp%2Fv2%2Fcomments&post=163"}],"version-history":[{"count":0,"href":"https:\/\/www.gogreen.si\/index.php?rest_route=\/wp\/v2\/posts\/163\/revisions"}],"wp:attachment":[{"href":"https:\/\/www.gogreen.si\/index.php?rest_route=%2Fwp%2Fv2%2Fmedia&parent=163"}],"wp:term":[{"taxonomy":"category","embeddable":true,"href":"https:\/\/www.gogreen.si\/index.php?rest_route=%2Fwp%2Fv2%2Fcategories&post=163"},{"taxonomy":"post_tag","embeddable":true,"href":"https:\/\/www.gogreen.si\/index.php?rest_route=%2Fwp%2Fv2%2Ftags&post=163"}],"curies":[{"name":"wp","href":"https:\/\/api.w.org\/{rel}","templated":true}]}}