{"id":162,"date":"2009-02-26T16:17:00","date_gmt":"2009-02-26T15:17:00","guid":{"rendered":"https:\/\/www.walk.si\/uncategorized\/guillena-castilblanco-de-los-arroyos\/"},"modified":"2009-02-26T16:17:00","modified_gmt":"2009-02-26T15:17:00","slug":"guillena-castilblanco-de-los-arroyos","status":"publish","type":"post","link":"https:\/\/www.gogreen.si\/?p=162","title":{"rendered":"Guillena &#8211; Castilblanco de los Arroyos"},"content":{"rendered":"<div style=\"clear: both; text-align: center;\"><a href=\"http:\/\/4.bp.blogspot.com\/_wfRQwsEuJjI\/TSG_EAH-PGI\/AAAAAAAABYA\/R55EhooNhpQ\/s1600\/IMG_4607.jpg\" style=\"clear: left; float: left; margin-bottom: 1em; margin-right: 1em;\"><img loading=\"lazy\" decoding=\"async\" border=\"0\" height=\"213\" src=\"http:\/\/4.bp.blogspot.com\/_wfRQwsEuJjI\/TSG_EAH-PGI\/AAAAAAAABYA\/R55EhooNhpQ\/s320\/IMG_4607.jpg\" width=\"320\" \/><\/a><\/div>\n<p>Po prespani no\u010di se zbudim \u0161e v temnem jutru. Navaditi se bom moral, da ima tu sonce v primerjavi s Slovenijo enourno zamudo. V Albergu sicer ni bilo tople vode, ima pa namesto te klimo, ki me je prav lepo grela.<br \/>Danes v nahrbtnik pospravim pohodne \u010devlje in si nadanem \u0161portne copate. \u017de dolgo ni de\u017eevalo in ne pri\u010dakujem blata. Toda z njimi je nahrbtnik te\u017eji \u0161e za slab kilogram. Glede te\u017ee nahrbtnika bom moral kaj postoriti.<br \/>Po odhodu pod vrata porinem klju\u010de in pogledam na streho. Tam se v vsem svojem bli\u0161\u010du svetita dva son\u010dna panela za toplo vodo. Res ne vem, zakaj je ni bilo.<br \/>Pot nadaljujem \u010dez potok, mimo industrijske cone, kjer po 2km kon\u010dno zavije v levo na makedamsko pot. Makedam je tu bolj mivka in ker veter zelo piha, jo nosi vse povsod.<br \/>Pot se ves \u010das dviguje ob olj\u010dnem nasadu na levi strani ter nasadu pomaran\u010d na desni. Neko drevje mo\u010dno cveti vendar se za vrsto ne bi mogel odlo\u010diti, saj to presega moje botani\u010dno znanje. Na tleh je polno pomaran\u010d, ve\u010dina gnilih, a nekaj jih je \u0161e uporabnih, zato se odlo\u010dim, da si enkrat privo\u0161\u010dim prave \u0161panske pomaran\u010de, ki so bile \u0161e pred kratkim na drevju. So so\u010dne, sladke, skratka odli\u010dne.<br \/>Pot se vije po gozdovih, hribih in dolinah. Po dveh dneh hoje se naselja in ljudje zdijo bolj naklju\u010dje kot pravilo, zato si moram pred pri\u010detkom hoje zagotoviti vode in hrane za cel dan, kar \u0161e mo\u010dno pove\u010da te\u017eo nahrbtnika.<br \/>Danes se mi zdi odli\u010den dan za ponavljanje \u0161pan\u0161\u010dine, kar je tudi en izmed mojih ciljev Camina. A po dobri uri mi zaradi nepazljivosti veter odnese list, na katerem imam izpisanih prvih 12 strani zvezka. Bom nadaljeval jutri, z drugim listom, na katerega bom bolj pazil.<br \/>Po 19km se ponovno prika\u017ee civilizacija in poiskati moram klju\u010de preno\u010di\u0161\u010da. Ti se nahajajo na bencinski \u010drpalki. Mimogrede, super 98 &#8211; 0,995 super 95 &#8211; 0,880 in dizel 0,825.<br \/>Alberge je \u010dist in juhu, ima toplo vodo. Po prhi se odpravim v mesto, kjer mi kmet, ki prodaja sadje v roke potisne dve ravnokar odtrgani pomaran\u010di. Tu jih imajo o\u010ditno res v izobilju in ne vedo kam bi z njimi.<br \/>V kotu sosednje sobe najdem pripomo\u010dek za mojo toplo ve\u010derjo. Toda \u0161tedilnik je potrebno najprej usposobiti, saj ni priklju\u010den na jeklenko plina. V \u0160paniji imajo nek poseben sistem priklju\u010dkov, za katerega ni potrebno orodje. Ventil se le potisne na vrh jeklenke in topla ve\u010derja je \u017ee na mizi. \u0160e dobro, da imam s seboj posodo, saj le te v hostlu ni.<br \/>Tokrat v prostorih ni klime in ker se pono\u010di mo\u010dno shladi, me bo grel majhen elektri\u010dni grelnik.<\/p>\n","protected":false},"excerpt":{"rendered":"<p>Po prespani no\u010di se zbudim \u0161e v temnem jutru. Navaditi se bom moral, da ima tu sonce v primerjavi s Slovenijo enourno zamudo. V Albergu sicer ni bilo tople vode, ima pa namesto te klimo, ki me je prav lepo grela.Danes v nahrbtnik pospravim pohodne \u010devlje in si nadanem \u0161portne copate. \u017de dolgo ni de\u017eevalo [&hellip;]<\/p>\n","protected":false},"author":1,"featured_media":0,"comment_status":"open","ping_status":"open","sticky":false,"template":"","format":"standard","meta":{"site-sidebar-layout":"default","site-content-layout":"","ast-site-content-layout":"","site-content-style":"default","site-sidebar-style":"default","ast-global-header-display":"","ast-banner-title-visibility":"","ast-main-header-display":"","ast-hfb-above-header-display":"","ast-hfb-below-header-display":"","ast-hfb-mobile-header-display":"","site-post-title":"","ast-breadcrumbs-content":"","ast-featured-img":"","footer-sml-layout":"","theme-transparent-header-meta":"","adv-header-id-meta":"","stick-header-meta":"","header-above-stick-meta":"","header-main-stick-meta":"","header-below-stick-meta":"","astra-migrate-meta-layouts":"default","ast-page-background-enabled":"default","ast-page-background-meta":{"desktop":{"background-color":"var(--ast-global-color-4)","background-image":"","background-repeat":"repeat","background-position":"center center","background-size":"auto","background-attachment":"scroll","background-type":"","background-media":"","overlay-type":"","overlay-color":"","overlay-opacity":"","overlay-gradient":""},"tablet":{"background-color":"","background-image":"","background-repeat":"repeat","background-position":"center center","background-size":"auto","background-attachment":"scroll","background-type":"","background-media":"","overlay-type":"","overlay-color":"","overlay-opacity":"","overlay-gradient":""},"mobile":{"background-color":"","background-image":"","background-repeat":"repeat","background-position":"center center","background-size":"auto","background-attachment":"scroll","background-type":"","background-media":"","overlay-type":"","overlay-color":"","overlay-opacity":"","overlay-gradient":""}},"ast-content-background-meta":{"desktop":{"background-color":"var(--ast-global-color-5)","background-image":"","background-repeat":"repeat","background-position":"center center","background-size":"auto","background-attachment":"scroll","background-type":"","background-media":"","overlay-type":"","overlay-color":"","overlay-opacity":"","overlay-gradient":""},"tablet":{"background-color":"var(--ast-global-color-5)","background-image":"","background-repeat":"repeat","background-position":"center center","background-size":"auto","background-attachment":"scroll","background-type":"","background-media":"","overlay-type":"","overlay-color":"","overlay-opacity":"","overlay-gradient":""},"mobile":{"background-color":"var(--ast-global-color-5)","background-image":"","background-repeat":"repeat","background-position":"center center","background-size":"auto","background-attachment":"scroll","background-type":"","background-media":"","overlay-type":"","overlay-color":"","overlay-opacity":"","overlay-gradient":""}},"footnotes":""},"categories":[6,14,68],"tags":[],"class_list":["post-162","post","type-post","status-publish","format-standard","hentry","category-camino","category-trekking","category-camino-via-de-la-plata-2009"],"aioseo_notices":[],"_links":{"self":[{"href":"https:\/\/www.gogreen.si\/index.php?rest_route=\/wp\/v2\/posts\/162","targetHints":{"allow":["GET"]}}],"collection":[{"href":"https:\/\/www.gogreen.si\/index.php?rest_route=\/wp\/v2\/posts"}],"about":[{"href":"https:\/\/www.gogreen.si\/index.php?rest_route=\/wp\/v2\/types\/post"}],"author":[{"embeddable":true,"href":"https:\/\/www.gogreen.si\/index.php?rest_route=\/wp\/v2\/users\/1"}],"replies":[{"embeddable":true,"href":"https:\/\/www.gogreen.si\/index.php?rest_route=%2Fwp%2Fv2%2Fcomments&post=162"}],"version-history":[{"count":0,"href":"https:\/\/www.gogreen.si\/index.php?rest_route=\/wp\/v2\/posts\/162\/revisions"}],"wp:attachment":[{"href":"https:\/\/www.gogreen.si\/index.php?rest_route=%2Fwp%2Fv2%2Fmedia&parent=162"}],"wp:term":[{"taxonomy":"category","embeddable":true,"href":"https:\/\/www.gogreen.si\/index.php?rest_route=%2Fwp%2Fv2%2Fcategories&post=162"},{"taxonomy":"post_tag","embeddable":true,"href":"https:\/\/www.gogreen.si\/index.php?rest_route=%2Fwp%2Fv2%2Ftags&post=162"}],"curies":[{"name":"wp","href":"https:\/\/api.w.org\/{rel}","templated":true}]}}