{"id":160,"date":"2009-02-28T10:32:00","date_gmt":"2009-02-28T09:32:00","guid":{"rendered":"https:\/\/www.walk.si\/uncategorized\/almaden-de-la-plata-monesterio\/"},"modified":"2009-02-28T10:32:00","modified_gmt":"2009-02-28T09:32:00","slug":"almaden-de-la-plata-monesterio","status":"publish","type":"post","link":"https:\/\/www.gogreen.si\/?p=160","title":{"rendered":"Alm\u00e1den de la Plata &#8211; Monesterio"},"content":{"rendered":"<div style=\"clear: both; text-align: center;\"><a href=\"http:\/\/2.bp.blogspot.com\/_wfRQwsEuJjI\/TSG_KbItMQI\/AAAAAAAABY8\/7b6O6_bRcpo\/s1600\/IMG_4768.jpg\" style=\"clear: left; float: left; margin-bottom: 1em; margin-right: 1em;\"><img loading=\"lazy\" decoding=\"async\" border=\"0\" height=\"213\" src=\"http:\/\/2.bp.blogspot.com\/_wfRQwsEuJjI\/TSG_KbItMQI\/AAAAAAAABY8\/7b6O6_bRcpo\/s320\/IMG_4768.jpg\" width=\"320\" \/><\/a><\/div>\n<p>Pred menoj je 16km dolga etapa, za katero pi\u0161e, da je precej te\u017eka. <br \/>Iz mesta vodi pot levo, mimo oz. skozi son\u010dno elektrarno. Sam imam na strehi 7 panelov in mislim da sem glavni na vasi. Tu pa sem jih na palec pre\u0161tel okrog 4.000 (\u0161tiri tiso\u010d). Brez besed se podam na hrib. Za hribom vedno pride dolina in tu se jih naniza cel kup.<br \/>Sledi nekaj farm, kjer je polno pujsev in ovac. Mirno se valjajo v prahu in se zame niti ne zmenijo. Prav tako leni so tudi tukaj\u0161nji psi, ki le\u017eijo na travnikih, ki so tu v \u0160paniji prav posebno zeleni. Pri nas take zelene barve \u0161e nisem videl.<br \/>Pot je pra\u0161na, kot da nebi videla de\u017eja vsaj eno leto, toda vsakih nekaj kilometrov \u010dez cesto te\u010de potok, ki je precej globok in \u0161irok. Brez pohodnih \u010devljev bi bil po\u0161teno moker.<br \/>Danes je vreme precej obla\u010dno in sonce se le redko prika\u017ee. Kljub temu je toplo (16\u00b0C). Za danes je napovedano malo de\u017eja, jutri pa naj bi de\u017eevalo precej ve\u010d.<br \/>Po 15 kilometrih pridem do El Real de la Jara. Tokrat nimam prav veliko te\u017eav z imeni krajev, saj zankrat med za\u010detno in kon\u010dno to\u010dko ni ni\u010desar. Nada. Ura je \u0161ele 12 in pogledam, kako je z naslednjo etapo. Monesterio je oddaljen dobrih 21km, torej okrog 5 ur. Edina te\u017eava je, da tam ni Albergeja. Z naslednjo etapo pa ga tudi ne bi rad zdru\u017eil, saj je dolga naslednjih 22km. To je eden izmed petih krajev, kjer si bo potrebno poiskati kak\u0161no dra\u017eje preno\u010di\u0161\u010de.<br \/>Odlo\u010dim se, da etapo prehodim danes in pridobljeni dan raje izkoristim za dodatno postajo med prihajajo\u010dimi 45, 48 in 49 kilometerskimi etapami.<br \/>Pot je odli\u010dna. Sicer ne bi rad hvalil poti pred Santiagom, a zaenkrat je \u010disti u\u017eitek. Mo\u017egani na off, \u010divkanje pti\u010dev, \u0161umenje potokov in dreves v vetru&#8230; Manjka le \u0161e kak\u0161en majhen de\u017eek. Camino brez de\u017eja? Kot juha brez soli.<br \/>Torej pri lete\u010demu prodajalcu kupim kruh in zapustim de\u017eelo flamenca. Podam se v menda najrevnej\u0161o pokrajino Extremaduro.<br \/>Pot je enoli\u010dna in ne vem kdaj zapustim Parque natural Sierra Norte. Ugotovim tudi, da mi sojin napitek pri zama\u0161ku pu\u0161\u010da in iz stranskega \u017eepa nahrbtnika veselo kaplja. Za name\u010dek sem mu dodal \u0161e Cola Cao in vse skupaj je prav prijetno lepljivo. Neprecenljiv ob\u010dutek \ud83d\ude42<br \/>Sledi hoja levo in desno ob glavni cesti, kar me spominja na <a href=\"http:\/\/www.walk.si\/tag\/camino-del-norte\/?orderby=date&amp;order=asc\">Camino del Norte<\/a>.<br \/>Ob treh se precej poobla\u010di in pri\u010dnejo padati posamezne kapljice. Uro kasneje si komaj \u0161e uspem nadeti palerino. Do dana\u0161njega cilja je \u0161e slabo uro hoje. Tu si poi\u0161\u010dem Hostal, se stu\u0161iram, obi\u0161\u010dem trgovino, nato pa se po 36km zvalim v sve\u017ee urejeno posteljo \ud83d\ude42<br \/>Sledi obredno kurjenje di\u0161e\u010dih indijskih pali\u010dic, \u010desar sem se nau\u010dil pri Luisu. Gracias, Luis. Nekaj \u010dasa posvetim sebi nato pa spanju do jutranjih ur (6.30).<\/p>\n","protected":false},"excerpt":{"rendered":"<p>Pred menoj je 16km dolga etapa, za katero pi\u0161e, da je precej te\u017eka. Iz mesta vodi pot levo, mimo oz. skozi son\u010dno elektrarno. Sam imam na strehi 7 panelov in mislim da sem glavni na vasi. Tu pa sem jih na palec pre\u0161tel okrog 4.000 (\u0161tiri tiso\u010d). Brez besed se podam na hrib. Za hribom [&hellip;]<\/p>\n","protected":false},"author":1,"featured_media":0,"comment_status":"open","ping_status":"open","sticky":false,"template":"","format":"standard","meta":{"site-sidebar-layout":"default","site-content-layout":"","ast-site-content-layout":"","site-content-style":"default","site-sidebar-style":"default","ast-global-header-display":"","ast-banner-title-visibility":"","ast-main-header-display":"","ast-hfb-above-header-display":"","ast-hfb-below-header-display":"","ast-hfb-mobile-header-display":"","site-post-title":"","ast-breadcrumbs-content":"","ast-featured-img":"","footer-sml-layout":"","theme-transparent-header-meta":"","adv-header-id-meta":"","stick-header-meta":"","header-above-stick-meta":"","header-main-stick-meta":"","header-below-stick-meta":"","astra-migrate-meta-layouts":"default","ast-page-background-enabled":"default","ast-page-background-meta":{"desktop":{"background-color":"var(--ast-global-color-4)","background-image":"","background-repeat":"repeat","background-position":"center center","background-size":"auto","background-attachment":"scroll","background-type":"","background-media":"","overlay-type":"","overlay-color":"","overlay-opacity":"","overlay-gradient":""},"tablet":{"background-color":"","background-image":"","background-repeat":"repeat","background-position":"center center","background-size":"auto","background-attachment":"scroll","background-type":"","background-media":"","overlay-type":"","overlay-color":"","overlay-opacity":"","overlay-gradient":""},"mobile":{"background-color":"","background-image":"","background-repeat":"repeat","background-position":"center center","background-size":"auto","background-attachment":"scroll","background-type":"","background-media":"","overlay-type":"","overlay-color":"","overlay-opacity":"","overlay-gradient":""}},"ast-content-background-meta":{"desktop":{"background-color":"var(--ast-global-color-5)","background-image":"","background-repeat":"repeat","background-position":"center center","background-size":"auto","background-attachment":"scroll","background-type":"","background-media":"","overlay-type":"","overlay-color":"","overlay-opacity":"","overlay-gradient":""},"tablet":{"background-color":"var(--ast-global-color-5)","background-image":"","background-repeat":"repeat","background-position":"center center","background-size":"auto","background-attachment":"scroll","background-type":"","background-media":"","overlay-type":"","overlay-color":"","overlay-opacity":"","overlay-gradient":""},"mobile":{"background-color":"var(--ast-global-color-5)","background-image":"","background-repeat":"repeat","background-position":"center center","background-size":"auto","background-attachment":"scroll","background-type":"","background-media":"","overlay-type":"","overlay-color":"","overlay-opacity":"","overlay-gradient":""}},"footnotes":""},"categories":[6,14,68],"tags":[],"class_list":["post-160","post","type-post","status-publish","format-standard","hentry","category-camino","category-trekking","category-camino-via-de-la-plata-2009"],"aioseo_notices":[],"_links":{"self":[{"href":"https:\/\/www.gogreen.si\/index.php?rest_route=\/wp\/v2\/posts\/160","targetHints":{"allow":["GET"]}}],"collection":[{"href":"https:\/\/www.gogreen.si\/index.php?rest_route=\/wp\/v2\/posts"}],"about":[{"href":"https:\/\/www.gogreen.si\/index.php?rest_route=\/wp\/v2\/types\/post"}],"author":[{"embeddable":true,"href":"https:\/\/www.gogreen.si\/index.php?rest_route=\/wp\/v2\/users\/1"}],"replies":[{"embeddable":true,"href":"https:\/\/www.gogreen.si\/index.php?rest_route=%2Fwp%2Fv2%2Fcomments&post=160"}],"version-history":[{"count":0,"href":"https:\/\/www.gogreen.si\/index.php?rest_route=\/wp\/v2\/posts\/160\/revisions"}],"wp:attachment":[{"href":"https:\/\/www.gogreen.si\/index.php?rest_route=%2Fwp%2Fv2%2Fmedia&parent=160"}],"wp:term":[{"taxonomy":"category","embeddable":true,"href":"https:\/\/www.gogreen.si\/index.php?rest_route=%2Fwp%2Fv2%2Fcategories&post=160"},{"taxonomy":"post_tag","embeddable":true,"href":"https:\/\/www.gogreen.si\/index.php?rest_route=%2Fwp%2Fv2%2Ftags&post=160"}],"curies":[{"name":"wp","href":"https:\/\/api.w.org\/{rel}","templated":true}]}}