{"id":157,"date":"2009-03-03T15:21:00","date_gmt":"2009-03-03T14:21:00","guid":{"rendered":"https:\/\/www.walk.si\/uncategorized\/los-santos-de-maimona-villafranca-de-los-barros\/"},"modified":"2009-03-03T15:21:00","modified_gmt":"2009-03-03T14:21:00","slug":"los-santos-de-maimona-villafranca-de-los-barros","status":"publish","type":"post","link":"https:\/\/www.gogreen.si\/?p=157","title":{"rendered":"Los Santos de Maimona &#8211; Villafranca de los Barros"},"content":{"rendered":"<div style=\"clear: both; text-align: center;\"><a href=\"http:\/\/1.bp.blogspot.com\/_wfRQwsEuJjI\/TSG_UxExCyI\/AAAAAAAABag\/og7jnh6FsQw\/s1600\/IMG_5018.jpg\" style=\"clear: left; float: left; margin-bottom: 1em; margin-right: 1em;\"><img loading=\"lazy\" decoding=\"async\" border=\"0\" height=\"213\" src=\"http:\/\/1.bp.blogspot.com\/_wfRQwsEuJjI\/TSG_UxExCyI\/AAAAAAAABag\/og7jnh6FsQw\/s320\/IMG_5018.jpg\" width=\"320\" \/><\/a><\/div>\n<p>V\u010deraj mi prijazni \u0160panci naseljeni v hostlu ponujajo, naj si za ve\u010derjo iz hladilnika vzamem kar \u017eelim &#8211; ko ga mo\u0161ki odpre so znotraj le\u017eali sami kosi mesa, razlagajo, da mi ga bodo spekli, itd. Bolj ko jim razlagam, da sem \u017ee jedel ve\u010derjo in da mesa nikakor ne jem, da sem vegeterjanec, bolj se spogledujejo in ne morejo verjeti u\u0161esom. Tu o\u010ditno potrebujejo nekoga, da sadje in zelenjavo pre\u017eve\u010di namesto njih.<br \/>Danes je moja pot kraj\u0161a in v mestu ponovno ne bo alberga. Tudi jutri sledi podoben scenarij, le da bo razdalja blizu 30km. Zunaj de\u017euje, zato se mi nikamor ne mudi in prav po\u010dasi se pripravim za de\u017e. Po zajtrku se spustim iz hriba v center naselja, kjer na policiji oddam klju\u010de. Ura je \u017ee pol desetih.<br \/>Pot kmalu zvije na makedam in zagledam tipi\u010den Camino razgled. Makedamska pot, polna \u0161irokih in globokih lu\u017e ter popolnoma ravna cesta, katere konec izgine nekaj kilometrov naprej za hribom.<br \/>V dana\u0161nji no\u010di sta se pesek in blato prav lepo napojila vode in z vsakim korakom sem nekoliko vi\u0161ji in te\u017eji. Plasti blata se namre\u010d nabirajo na podplatih, kar upo\u010dasni moj dana\u0161nji tempo. Podobno se mi je godilo \u017ee v\u010deraj a v bistveno manj\u0161ih koli\u010dinah.<br \/>Po poljih in vinogradih ska\u010dejo divji zajci in to je tudi dana\u0161nji najve\u010dji dogodek. Cel dan de\u017euje in tudi palerina je po nekaj urah popustila de\u017eju.<br \/>V naselje pridem zelo zgodaj, okrog 14h, a do nadaljnih 28km oddaljene Torremegie je za tako pozno uro predale\u010d.<br \/>Do hostala Case Perin me pospremi gospod, ki mi med potjo razlaga, kako je njegov prijatelj na konju prepotoval Portugalsko. Hostal je v redu, ima celo kuhinjo in TV. Le temperatura je nizka (12 st.). Upam da bo grelnik kaj pomagal.<br \/>Popoldne se mi v hostalu pridru\u017ei \u0160panski pohodnik, ki jutri navsezgodaj nadaljuje pot do M\u00e9ride (44km). Tudi sam bom \u0161el zgodaj spat, jutri pa bom videl, kak\u0161na bo pot in kako dale\u010d me bodo nosile noge.<\/p>\n","protected":false},"excerpt":{"rendered":"<p>V\u010deraj mi prijazni \u0160panci naseljeni v hostlu ponujajo, naj si za ve\u010derjo iz hladilnika vzamem kar \u017eelim &#8211; ko ga mo\u0161ki odpre so znotraj le\u017eali sami kosi mesa, razlagajo, da mi ga bodo spekli, itd. Bolj ko jim razlagam, da sem \u017ee jedel ve\u010derjo in da mesa nikakor ne jem, da sem vegeterjanec, bolj se [&hellip;]<\/p>\n","protected":false},"author":1,"featured_media":0,"comment_status":"open","ping_status":"open","sticky":false,"template":"","format":"standard","meta":{"site-sidebar-layout":"default","site-content-layout":"","ast-site-content-layout":"","site-content-style":"default","site-sidebar-style":"default","ast-global-header-display":"","ast-banner-title-visibility":"","ast-main-header-display":"","ast-hfb-above-header-display":"","ast-hfb-below-header-display":"","ast-hfb-mobile-header-display":"","site-post-title":"","ast-breadcrumbs-content":"","ast-featured-img":"","footer-sml-layout":"","theme-transparent-header-meta":"","adv-header-id-meta":"","stick-header-meta":"","header-above-stick-meta":"","header-main-stick-meta":"","header-below-stick-meta":"","astra-migrate-meta-layouts":"default","ast-page-background-enabled":"default","ast-page-background-meta":{"desktop":{"background-color":"var(--ast-global-color-4)","background-image":"","background-repeat":"repeat","background-position":"center center","background-size":"auto","background-attachment":"scroll","background-type":"","background-media":"","overlay-type":"","overlay-color":"","overlay-opacity":"","overlay-gradient":""},"tablet":{"background-color":"","background-image":"","background-repeat":"repeat","background-position":"center center","background-size":"auto","background-attachment":"scroll","background-type":"","background-media":"","overlay-type":"","overlay-color":"","overlay-opacity":"","overlay-gradient":""},"mobile":{"background-color":"","background-image":"","background-repeat":"repeat","background-position":"center center","background-size":"auto","background-attachment":"scroll","background-type":"","background-media":"","overlay-type":"","overlay-color":"","overlay-opacity":"","overlay-gradient":""}},"ast-content-background-meta":{"desktop":{"background-color":"var(--ast-global-color-5)","background-image":"","background-repeat":"repeat","background-position":"center center","background-size":"auto","background-attachment":"scroll","background-type":"","background-media":"","overlay-type":"","overlay-color":"","overlay-opacity":"","overlay-gradient":""},"tablet":{"background-color":"var(--ast-global-color-5)","background-image":"","background-repeat":"repeat","background-position":"center center","background-size":"auto","background-attachment":"scroll","background-type":"","background-media":"","overlay-type":"","overlay-color":"","overlay-opacity":"","overlay-gradient":""},"mobile":{"background-color":"var(--ast-global-color-5)","background-image":"","background-repeat":"repeat","background-position":"center center","background-size":"auto","background-attachment":"scroll","background-type":"","background-media":"","overlay-type":"","overlay-color":"","overlay-opacity":"","overlay-gradient":""}},"footnotes":""},"categories":[6,14,68],"tags":[],"class_list":["post-157","post","type-post","status-publish","format-standard","hentry","category-camino","category-trekking","category-camino-via-de-la-plata-2009"],"aioseo_notices":[],"_links":{"self":[{"href":"https:\/\/www.gogreen.si\/index.php?rest_route=\/wp\/v2\/posts\/157","targetHints":{"allow":["GET"]}}],"collection":[{"href":"https:\/\/www.gogreen.si\/index.php?rest_route=\/wp\/v2\/posts"}],"about":[{"href":"https:\/\/www.gogreen.si\/index.php?rest_route=\/wp\/v2\/types\/post"}],"author":[{"embeddable":true,"href":"https:\/\/www.gogreen.si\/index.php?rest_route=\/wp\/v2\/users\/1"}],"replies":[{"embeddable":true,"href":"https:\/\/www.gogreen.si\/index.php?rest_route=%2Fwp%2Fv2%2Fcomments&post=157"}],"version-history":[{"count":0,"href":"https:\/\/www.gogreen.si\/index.php?rest_route=\/wp\/v2\/posts\/157\/revisions"}],"wp:attachment":[{"href":"https:\/\/www.gogreen.si\/index.php?rest_route=%2Fwp%2Fv2%2Fmedia&parent=157"}],"wp:term":[{"taxonomy":"category","embeddable":true,"href":"https:\/\/www.gogreen.si\/index.php?rest_route=%2Fwp%2Fv2%2Fcategories&post=157"},{"taxonomy":"post_tag","embeddable":true,"href":"https:\/\/www.gogreen.si\/index.php?rest_route=%2Fwp%2Fv2%2Ftags&post=157"}],"curies":[{"name":"wp","href":"https:\/\/api.w.org\/{rel}","templated":true}]}}