{"id":156,"date":"2009-03-04T16:08:00","date_gmt":"2009-03-04T15:08:00","guid":{"rendered":"https:\/\/www.walk.si\/uncategorized\/villafranca-de-los-barros-merida\/"},"modified":"2009-03-04T16:08:00","modified_gmt":"2009-03-04T15:08:00","slug":"villafranca-de-los-barros-merida","status":"publish","type":"post","link":"https:\/\/www.gogreen.si\/?p=156","title":{"rendered":"Villafranca de los Barros &#8211; M\u00e9rida"},"content":{"rendered":"<div style=\"clear: both; text-align: center;\"><a href=\"http:\/\/4.bp.blogspot.com\/_wfRQwsEuJjI\/TSG_aBwV-2I\/AAAAAAAABbU\/r_JTX37V-A4\/s1600\/IMG_5129.jpg\" style=\"clear: left; float: left; margin-bottom: 1em; margin-right: 1em;\"><img loading=\"lazy\" decoding=\"async\" border=\"0\" height=\"213\" src=\"http:\/\/4.bp.blogspot.com\/_wfRQwsEuJjI\/TSG_aBwV-2I\/AAAAAAAABbU\/r_JTX37V-A4\/s320\/IMG_5129.jpg\" width=\"320\" \/><\/a><\/div>\n<p>Ob pol sedmih prav po\u010dasi zlezem iz postelje, saj je v spalnici \u0161e kar mrzlo in pogledam proti sobi, kjer je spal drugi peregrino. Od\u0161el je \u0161e predno sem se zbudil.Po\u0161teno se pripravim na dana\u0161nji dan, saj so v\u010deraj \u0160panci za sever napovedali hude padavine, za pokrajine zahodno od Via de la Plate pa orkanski veter.<br \/>Hoditi pri\u010dnem zgodaj, saj morda izpustim Torremegijo, v kateri ni alberga. Ravno ko zapu\u0161\u010dam mesto pri\u010dne vzhajati sonce, a se \u017ee po nekaj minutah skrije za oblake. Trenutno \u0161e ne de\u017euje, pot je odli\u010dna, zato nekoliko pospe\u0161im. V dobrih dveh urah sem oddaljen \u017ee 11km in ker se je ponovno mo\u010dno stemnilo, na prvem kamnu z oznako camina pomalicam. Rad bi izkoristl ta kamen in suho obdobje, saj med kraji &#8211; ponavadi sta v enem dnevu dva ali trije &#8211; tam kjer za\u010dnem in tam, kjer se ustavim, ni prostora, kamor bi se lahko usedel ali polo\u017eil nahrbtnik. \u010ce je suho ni te\u017eav, saj zna biti trava prav prijetna. Ob de\u017eju pa obstajajo le blato in lu\u017ee.<br \/>Veselje ne traja dolgo, saj pot kmalu zavije na blatno stezo, oblaki pa pri\u010dno pu\u0161\u010dati. \u010ce sem \u0161e v\u010deraj mislil, da se zemlja prijema podplatov, sem se mo\u010dno motil. Podlaga kakr\u0161na je danes je prav obupna. Na podplatih imam vse, od blata, kamenja do vseh vejic, ki mi pridejo pod noge. \u010cevlji so tako te\u017eki, da bi se mi sezuvali, \u010de prej ne bi malical in tudi \u010de jih o\u010distim so po desetih korakih enaki. Naselje po vsej verjetnosti nima zastonj takega imena. Barro &#8211; blato.<br \/>Dragi izdelovalci podplatov, naredite kaj, da se blato ne bo prijemalo.<br \/>A tokrat se ne dam in nadaljujem svoj tempo, pa \u010deprav se z vsakim korakom nekoliko odpeljem po svoje.<br \/>In kot da vsega \u0161e ni dovolj, za\u010dne mo\u010dno, res mo\u010dno, pihati. Na sre\u010do imam rad zelo vetrovno vreme, kar mi da dodatne energije. Kljub temu le ste\u017eka dr\u017eim zastavljeno smer.<br \/>V Torremegijo pridem ob pol dveh. Tu ni hostla in ker se po\u010dutim ve\u010d kot odli\u010dno, nadaljujem svojo pot. \u0160e vedno zelo mo\u010dno piha, de\u017eevati pa je ravnokar nehalo. Celo nekoliko se je razjasnilo. Nekaj \u010dasa hodim po cesti, nato pot ponovno zavije med vinograde in \u017eito. \u010ce bi bilo \u017eito nekoliko vi\u0161je, bi se po\u010dutil kot v Gladiatorju.<br \/>Merida je nekoliko ve\u010dje naselje &#8211; mesto, a ima svoj Alberge. Pot do njega pa ni ozna\u010dena, zato se odpravim do Ayuntamienta &#8211; mestne hi\u0161e, kjer mi prijazna uslu\u017ebenka razlo\u017ei pot, nalo\u017ei \u0161e cel kup papirjev o znamentostih, ter po\u017eigosa dnevnik.<br \/>V albergu sem prav presene\u010den, ker ne sre\u010dam v\u010deraj\u0161njega popotnika in sem ponovno sam. Hostelier pa je tudi prav posebne sorte. Gleda televizijo, cigarete, ki le\u017eijo prav povsod pri\u017eiga eno z drugo in se pogovarja sam s sabo. Sicer pa tako umazanega hostla \u017ee lep \u010das nisem videl.<br \/>Sledi nakup hrane, nekaj hitrih posnetkov zahoda in tole pisanje.<br \/>Jutri me ponovno \u010daka zajeten kup\u010dek kilometrov, zato grem kar takoj spat.<\/p>\n","protected":false},"excerpt":{"rendered":"<p>Ob pol sedmih prav po\u010dasi zlezem iz postelje, saj je v spalnici \u0161e kar mrzlo in pogledam proti sobi, kjer je spal drugi peregrino. Od\u0161el je \u0161e predno sem se zbudil.Po\u0161teno se pripravim na dana\u0161nji dan, saj so v\u010deraj \u0160panci za sever napovedali hude padavine, za pokrajine zahodno od Via de la Plate pa orkanski [&hellip;]<\/p>\n","protected":false},"author":1,"featured_media":0,"comment_status":"open","ping_status":"open","sticky":false,"template":"","format":"standard","meta":{"site-sidebar-layout":"default","site-content-layout":"","ast-site-content-layout":"","site-content-style":"default","site-sidebar-style":"default","ast-global-header-display":"","ast-banner-title-visibility":"","ast-main-header-display":"","ast-hfb-above-header-display":"","ast-hfb-below-header-display":"","ast-hfb-mobile-header-display":"","site-post-title":"","ast-breadcrumbs-content":"","ast-featured-img":"","footer-sml-layout":"","theme-transparent-header-meta":"","adv-header-id-meta":"","stick-header-meta":"","header-above-stick-meta":"","header-main-stick-meta":"","header-below-stick-meta":"","astra-migrate-meta-layouts":"default","ast-page-background-enabled":"default","ast-page-background-meta":{"desktop":{"background-color":"var(--ast-global-color-4)","background-image":"","background-repeat":"repeat","background-position":"center center","background-size":"auto","background-attachment":"scroll","background-type":"","background-media":"","overlay-type":"","overlay-color":"","overlay-opacity":"","overlay-gradient":""},"tablet":{"background-color":"","background-image":"","background-repeat":"repeat","background-position":"center center","background-size":"auto","background-attachment":"scroll","background-type":"","background-media":"","overlay-type":"","overlay-color":"","overlay-opacity":"","overlay-gradient":""},"mobile":{"background-color":"","background-image":"","background-repeat":"repeat","background-position":"center center","background-size":"auto","background-attachment":"scroll","background-type":"","background-media":"","overlay-type":"","overlay-color":"","overlay-opacity":"","overlay-gradient":""}},"ast-content-background-meta":{"desktop":{"background-color":"var(--ast-global-color-5)","background-image":"","background-repeat":"repeat","background-position":"center center","background-size":"auto","background-attachment":"scroll","background-type":"","background-media":"","overlay-type":"","overlay-color":"","overlay-opacity":"","overlay-gradient":""},"tablet":{"background-color":"var(--ast-global-color-5)","background-image":"","background-repeat":"repeat","background-position":"center center","background-size":"auto","background-attachment":"scroll","background-type":"","background-media":"","overlay-type":"","overlay-color":"","overlay-opacity":"","overlay-gradient":""},"mobile":{"background-color":"var(--ast-global-color-5)","background-image":"","background-repeat":"repeat","background-position":"center center","background-size":"auto","background-attachment":"scroll","background-type":"","background-media":"","overlay-type":"","overlay-color":"","overlay-opacity":"","overlay-gradient":""}},"footnotes":""},"categories":[6,14,68],"tags":[],"class_list":["post-156","post","type-post","status-publish","format-standard","hentry","category-camino","category-trekking","category-camino-via-de-la-plata-2009"],"aioseo_notices":[],"_links":{"self":[{"href":"https:\/\/www.gogreen.si\/index.php?rest_route=\/wp\/v2\/posts\/156","targetHints":{"allow":["GET"]}}],"collection":[{"href":"https:\/\/www.gogreen.si\/index.php?rest_route=\/wp\/v2\/posts"}],"about":[{"href":"https:\/\/www.gogreen.si\/index.php?rest_route=\/wp\/v2\/types\/post"}],"author":[{"embeddable":true,"href":"https:\/\/www.gogreen.si\/index.php?rest_route=\/wp\/v2\/users\/1"}],"replies":[{"embeddable":true,"href":"https:\/\/www.gogreen.si\/index.php?rest_route=%2Fwp%2Fv2%2Fcomments&post=156"}],"version-history":[{"count":0,"href":"https:\/\/www.gogreen.si\/index.php?rest_route=\/wp\/v2\/posts\/156\/revisions"}],"wp:attachment":[{"href":"https:\/\/www.gogreen.si\/index.php?rest_route=%2Fwp%2Fv2%2Fmedia&parent=156"}],"wp:term":[{"taxonomy":"category","embeddable":true,"href":"https:\/\/www.gogreen.si\/index.php?rest_route=%2Fwp%2Fv2%2Fcategories&post=156"},{"taxonomy":"post_tag","embeddable":true,"href":"https:\/\/www.gogreen.si\/index.php?rest_route=%2Fwp%2Fv2%2Ftags&post=156"}],"curies":[{"name":"wp","href":"https:\/\/api.w.org\/{rel}","templated":true}]}}