{"id":155,"date":"2009-03-05T17:20:00","date_gmt":"2009-03-05T16:20:00","guid":{"rendered":"https:\/\/www.walk.si\/uncategorized\/merida-aljucen\/"},"modified":"2009-03-05T17:20:00","modified_gmt":"2009-03-05T16:20:00","slug":"merida-aljucen","status":"publish","type":"post","link":"https:\/\/www.gogreen.si\/?p=155","title":{"rendered":"M\u00e9rida &#8211; Aljuc\u00e9n"},"content":{"rendered":"<div style=\"clear: both; text-align: center;\"><a href=\"http:\/\/2.bp.blogspot.com\/_wfRQwsEuJjI\/TSG_dBRUr7I\/AAAAAAAABbw\/TWKy67cmjq4\/s1600\/IMG_5189.jpg\" style=\"clear: left; float: left; margin-bottom: 1em; margin-right: 1em;\"><img loading=\"lazy\" decoding=\"async\" border=\"0\" height=\"213\" src=\"http:\/\/2.bp.blogspot.com\/_wfRQwsEuJjI\/TSG_dBRUr7I\/AAAAAAAABbw\/TWKy67cmjq4\/s320\/IMG_5189.jpg\" width=\"320\" \/><\/a><\/div>\n<p>Poleg mene danes v albergu prespi \u0161e znanec hostelierja. Zjutraj se zbudim \u0161ele ob 7h in sem prepri\u010dan, da je \u017ee od\u0161el, ker je popolna ti\u0161ina. A ko se zbudi tudi on, se mu je tako mudilo, da se je komaj oblekel in \u017ee ga ni bilo ve\u010d.<br \/>Zunaj \u0161e vedno de\u017euje in piha veter. Sledim pu\u0161\u010dicam, a \u017ee po nekaj minutah pridem do gradbi\u0161\u010da, kjer ne morem nadaljevati. Doma\u010dini me napotijo okrog, a za to potrebujem kar nekaj dodatnega \u010dasa in ko po nekaj napa\u010dnih ulicah in posvetovanju s policistom na sredini velikega kro\u017enega kri\u017ei\u0161\u010da le zapustim mesto, je ura \u017ee precej preve\u010d.<br \/>Na sre\u010do je le nehalo de\u017eevati, a pri\u010delo je po\u0161teno pihati. Morda se bo vreme le spremenilo.<br \/>V vodi\u010du je pot narisana ob levi strani glavne ceste, toda oznake vseskozi vodijo na desno stran. Izgleda, da se je v zadnjih nekaj letih tudi pot spremenila. Sicer pa vodita proti santiagu dve poti. Ena je starodavna romanska, ozna\u010dena z zeleno, pri kateri je vedno opozorilo, naj se je popotniki raje izogibajo, ker ni vedno prehodna, ter druga, ki se v\u010dasih zdru\u017ei s prvo in je prijazna do pohodnikov. Ozna\u010dena je z rumeno barvo.<br \/>Kar sem vedno gledal po televiziji in mi ni bilo nikoli jasno, tu sedaj spremljam v \u017eivo. Po tleh veter nosi gmote vejevja spredene v velike \u017eoge. Pa sem vedno mislil, da se to dogaja le na divjem zahodu.<br \/>Hodim po poti iz mivke, v kateri so globoki \u017elebovi, ki jih je pustilo nedavno de\u017eevje. Prav tako se borim tudi z mogo\u010dnimi lu\u017eami, katere moram na \u0161iroko obhoditi.<br \/>Danes mi veter dela preglavice celo pri malici. Nahrbtnik vseskozi pada, karkoli \u017eelim pojesti bi odpihnilo, \u010de ne bi dr\u017eal&#8230;<br \/>Pot me vodi mimo moto kros proge z imenom Via de la Plata, do vasi Aljuc\u00e9n. Veter je \u0161e vedno neznosen, sveti sonce, ura pa je \u017ee 14. Prehodil sem \u0161ele 19km, a do naslednjega mesta jih je \u0161e 21. Odlo\u010dim se, da bom tu preno\u010dil, se odpo\u010dil pred naslednjimi etapami, ter si kon\u010dno ponovno opral vse perilo, saj bo v vetru hitro suho. Ker je vas majhna, hitro najdem gospo s klju\u010di, se oprham in operem perilo. Upam, da ga kljub dobrim \u0161\u010dipalkam ne bo odneslo.<br \/>Popoldne imam \u010das za po\u010ditek, kuhanje ve\u010derje in takti\u010dno pripravo naslednjih etap.<\/p>\n","protected":false},"excerpt":{"rendered":"<p>Poleg mene danes v albergu prespi \u0161e znanec hostelierja. Zjutraj se zbudim \u0161ele ob 7h in sem prepri\u010dan, da je \u017ee od\u0161el, ker je popolna ti\u0161ina. A ko se zbudi tudi on, se mu je tako mudilo, da se je komaj oblekel in \u017ee ga ni bilo ve\u010d.Zunaj \u0161e vedno de\u017euje in piha veter. Sledim [&hellip;]<\/p>\n","protected":false},"author":1,"featured_media":0,"comment_status":"open","ping_status":"open","sticky":false,"template":"","format":"standard","meta":{"site-sidebar-layout":"default","site-content-layout":"","ast-site-content-layout":"","site-content-style":"default","site-sidebar-style":"default","ast-global-header-display":"","ast-banner-title-visibility":"","ast-main-header-display":"","ast-hfb-above-header-display":"","ast-hfb-below-header-display":"","ast-hfb-mobile-header-display":"","site-post-title":"","ast-breadcrumbs-content":"","ast-featured-img":"","footer-sml-layout":"","theme-transparent-header-meta":"","adv-header-id-meta":"","stick-header-meta":"","header-above-stick-meta":"","header-main-stick-meta":"","header-below-stick-meta":"","astra-migrate-meta-layouts":"default","ast-page-background-enabled":"default","ast-page-background-meta":{"desktop":{"background-color":"var(--ast-global-color-4)","background-image":"","background-repeat":"repeat","background-position":"center center","background-size":"auto","background-attachment":"scroll","background-type":"","background-media":"","overlay-type":"","overlay-color":"","overlay-opacity":"","overlay-gradient":""},"tablet":{"background-color":"","background-image":"","background-repeat":"repeat","background-position":"center center","background-size":"auto","background-attachment":"scroll","background-type":"","background-media":"","overlay-type":"","overlay-color":"","overlay-opacity":"","overlay-gradient":""},"mobile":{"background-color":"","background-image":"","background-repeat":"repeat","background-position":"center center","background-size":"auto","background-attachment":"scroll","background-type":"","background-media":"","overlay-type":"","overlay-color":"","overlay-opacity":"","overlay-gradient":""}},"ast-content-background-meta":{"desktop":{"background-color":"var(--ast-global-color-5)","background-image":"","background-repeat":"repeat","background-position":"center center","background-size":"auto","background-attachment":"scroll","background-type":"","background-media":"","overlay-type":"","overlay-color":"","overlay-opacity":"","overlay-gradient":""},"tablet":{"background-color":"var(--ast-global-color-5)","background-image":"","background-repeat":"repeat","background-position":"center center","background-size":"auto","background-attachment":"scroll","background-type":"","background-media":"","overlay-type":"","overlay-color":"","overlay-opacity":"","overlay-gradient":""},"mobile":{"background-color":"var(--ast-global-color-5)","background-image":"","background-repeat":"repeat","background-position":"center center","background-size":"auto","background-attachment":"scroll","background-type":"","background-media":"","overlay-type":"","overlay-color":"","overlay-opacity":"","overlay-gradient":""}},"footnotes":""},"categories":[6,14,68],"tags":[],"class_list":["post-155","post","type-post","status-publish","format-standard","hentry","category-camino","category-trekking","category-camino-via-de-la-plata-2009"],"aioseo_notices":[],"_links":{"self":[{"href":"https:\/\/www.gogreen.si\/index.php?rest_route=\/wp\/v2\/posts\/155","targetHints":{"allow":["GET"]}}],"collection":[{"href":"https:\/\/www.gogreen.si\/index.php?rest_route=\/wp\/v2\/posts"}],"about":[{"href":"https:\/\/www.gogreen.si\/index.php?rest_route=\/wp\/v2\/types\/post"}],"author":[{"embeddable":true,"href":"https:\/\/www.gogreen.si\/index.php?rest_route=\/wp\/v2\/users\/1"}],"replies":[{"embeddable":true,"href":"https:\/\/www.gogreen.si\/index.php?rest_route=%2Fwp%2Fv2%2Fcomments&post=155"}],"version-history":[{"count":0,"href":"https:\/\/www.gogreen.si\/index.php?rest_route=\/wp\/v2\/posts\/155\/revisions"}],"wp:attachment":[{"href":"https:\/\/www.gogreen.si\/index.php?rest_route=%2Fwp%2Fv2%2Fmedia&parent=155"}],"wp:term":[{"taxonomy":"category","embeddable":true,"href":"https:\/\/www.gogreen.si\/index.php?rest_route=%2Fwp%2Fv2%2Fcategories&post=155"},{"taxonomy":"post_tag","embeddable":true,"href":"https:\/\/www.gogreen.si\/index.php?rest_route=%2Fwp%2Fv2%2Ftags&post=155"}],"curies":[{"name":"wp","href":"https:\/\/api.w.org\/{rel}","templated":true}]}}