{"id":154,"date":"2009-03-06T17:47:00","date_gmt":"2009-03-06T16:47:00","guid":{"rendered":"https:\/\/www.walk.si\/uncategorized\/aljucen-aldea-de-cano\/"},"modified":"2009-03-06T17:47:00","modified_gmt":"2009-03-06T16:47:00","slug":"aljucen-aldea-de-cano","status":"publish","type":"post","link":"https:\/\/www.gogreen.si\/?p=154","title":{"rendered":"Aljuc\u00e9n &#8211; Aldea de Cano"},"content":{"rendered":"<div style=\"clear: both; text-align: center;\"><a href=\"http:\/\/3.bp.blogspot.com\/_wfRQwsEuJjI\/TSG_h_WH52I\/AAAAAAAABcc\/ZmZWd-1W7BM\/s1600\/IMG_5252.jpg\" style=\"clear: left; float: left; margin-bottom: 1em; margin-right: 1em;\"><img loading=\"lazy\" decoding=\"async\" border=\"0\" height=\"213\" src=\"http:\/\/3.bp.blogspot.com\/_wfRQwsEuJjI\/TSG_h_WH52I\/AAAAAAAABcc\/ZmZWd-1W7BM\/s320\/IMG_5252.jpg\" width=\"320\" \/><\/a><\/div>\n<p>V\u010deraj pozno popoldne se mi v Albergu pridru\u017ei kolesar David, ki \u017eivi z \u017eeno in otrokm v Malagi, od koder je tudi pri\u010del, sicer pa je doma iz Californije. Tako sva lahko pogovarjala \u010disto normalno, ne da bi se lomil s \u0161pan\u0161\u010dino.<br \/>Ker je bila ura \u017ee pozna, sva se oba kmalu odpravila spat.<br \/>Danes sem ob 7:30 \u017ee pripravljen in stopam nivim dogodiv\u0161\u010dinam naproti. Ker je bil ve\u010der popolnoma jasen, si nisem omislil palerine in nepremo\u010dljivih hla\u010d, a se je \u017ee \u010dez nekaj kilometrov izkazalo, da je bila odlo\u010ditev napa\u010dna.<br \/>Kak\u0161en kilometer hodim po glavni cesti N-630, nato pa pot zavije desno. Tu v vsakem grmu ti\u010di kak\u0161en zajec &#8211; dobesedno. Vzpnem se na gri\u010d, kjer kmetje pospravljajo po gozdu in kurijo vejevje. Samo to mi ni jasno, zakaj tako smrdi po za\u017egani plastiki in ne po lesu.<br \/>Vseskozi je obla\u010dno, tu in tam posije sonce izza oblakov. Vsaj de\u017eevati je nehalo.<br \/>Pot je pribli\u017eno enaka kot zadnjih nekaj dni, le nekoliko bolj vi\u0161insko razgibana. Del ceste kjer poteka Camino na novo urejajo in vseskozi mimo vozijo tovornjaki in delovni stroji.<br \/>V Alcu\u00e9scar-ju ne bom prespal, saj je moj dana\u0161nji cilj nekoliko dlje, iz razloga, da skraj\u0161am etape dolge ve\u010d kot 40km in nekoliko podalj\u0161am tiste kraj\u0161e od 30. V povpre\u010dju bom od danes naprej, naslednjih nekaj dni, hodil med 35-39km.<br \/>Po pa\u0161nikih, kjer se pasejo ovce le\u017ei kar nekaj okostnjakov &#8211; ov\u010djih seveda a o\u010ditno doma\u010dinov ni\u010d ne motijo.<br \/>Sprehajam se tudi mimo Romanskih najdbi\u0161\u010d ter mostov, ki se bolj pogosto za\u010dnejo ponavljati v Casas de Don Antonio. Od tu do hostla mi ostane \u0161e okrog 6km.<br \/>Hostel kjer nocoj preno\u010dujem je pravo razko\u0161je. Klju\u010di zanj se skrivajo v va\u0161kem baru, cena pa je prav sme\u0161na. Premore dve spalnici s po dvema posteljama, kuhinjo, \u010dudovito kopalnico z omarami in brisa\u010dami, ki jih sicer ne uporabljam &#8211; kdove, kaj se skra v njih, pralno-su\u0161ilni stroj, hladilnik, kaloriferji itd. itd.<br \/>Prva stvar, ki jo storim po tu\u0161iranju je pranje vseh obla\u010dil, takoj za tem pa lov na trgovino, saj so bile v\u010deraj popoldne vse zaprte in so mi zaloge \u017ee skoraj po\u0161le.<br \/>Po posvetu z doma\u010dini za enimi \u010disto obi\u010dajnimi vrati najdem pekarno, za drugimi pa se skriva va\u0161ka trgovina, kakr\u0161ne smo poznali pred mnogo leti. Prodajalec za pultom ti lepo prinese vse, \u010desar si za\u017eeli\u0161, po nakupu pa dobi\u0161 lepo na roko napisan ra\u010dun. Pa \u0161e prav poceni je bilo vse skupaj.<br \/>Zve\u010der imam ponovno obiske. Tokrat prispeta dva popotnika, mo\u017e in \u017eena. Malo se trudimo po \u0160pansko, a ima prav \u010duden naglas. Ko kon\u010dno pridemo tudi do teme, od kje smo, se predstavita kot Portugalca. \u017divela sta tudi v \u0160paniji, tako da znata, predvsem mo\u017e, govoriti \u0161pansko. In ko enkrat pri\u010dne govoriti, ga ni za ustaviti.<br \/>Imata pa sme\u0161en na\u010din potovanja, ki ga prav danes zaklju\u010dujeta. \u017dena z avtom vozi hrano in opremo, mo\u017e pa se sprehaja. In ko naredi 30km, ga \u017eena pobere in pelje v prvi alberge \ud83d\ude42<br \/>Skupaj pove\u010derjamo nekaj sadja, nato pa gremo vsak v svojo spalnico spat.<\/p>\n","protected":false},"excerpt":{"rendered":"<p>V\u010deraj pozno popoldne se mi v Albergu pridru\u017ei kolesar David, ki \u017eivi z \u017eeno in otrokm v Malagi, od koder je tudi pri\u010del, sicer pa je doma iz Californije. Tako sva lahko pogovarjala \u010disto normalno, ne da bi se lomil s \u0161pan\u0161\u010dino.Ker je bila ura \u017ee pozna, sva se oba kmalu odpravila spat.Danes sem ob [&hellip;]<\/p>\n","protected":false},"author":1,"featured_media":0,"comment_status":"open","ping_status":"open","sticky":false,"template":"","format":"standard","meta":{"site-sidebar-layout":"default","site-content-layout":"","ast-site-content-layout":"","site-content-style":"default","site-sidebar-style":"default","ast-global-header-display":"","ast-banner-title-visibility":"","ast-main-header-display":"","ast-hfb-above-header-display":"","ast-hfb-below-header-display":"","ast-hfb-mobile-header-display":"","site-post-title":"","ast-breadcrumbs-content":"","ast-featured-img":"","footer-sml-layout":"","theme-transparent-header-meta":"","adv-header-id-meta":"","stick-header-meta":"","header-above-stick-meta":"","header-main-stick-meta":"","header-below-stick-meta":"","astra-migrate-meta-layouts":"default","ast-page-background-enabled":"default","ast-page-background-meta":{"desktop":{"background-color":"var(--ast-global-color-4)","background-image":"","background-repeat":"repeat","background-position":"center center","background-size":"auto","background-attachment":"scroll","background-type":"","background-media":"","overlay-type":"","overlay-color":"","overlay-opacity":"","overlay-gradient":""},"tablet":{"background-color":"","background-image":"","background-repeat":"repeat","background-position":"center center","background-size":"auto","background-attachment":"scroll","background-type":"","background-media":"","overlay-type":"","overlay-color":"","overlay-opacity":"","overlay-gradient":""},"mobile":{"background-color":"","background-image":"","background-repeat":"repeat","background-position":"center center","background-size":"auto","background-attachment":"scroll","background-type":"","background-media":"","overlay-type":"","overlay-color":"","overlay-opacity":"","overlay-gradient":""}},"ast-content-background-meta":{"desktop":{"background-color":"var(--ast-global-color-5)","background-image":"","background-repeat":"repeat","background-position":"center center","background-size":"auto","background-attachment":"scroll","background-type":"","background-media":"","overlay-type":"","overlay-color":"","overlay-opacity":"","overlay-gradient":""},"tablet":{"background-color":"var(--ast-global-color-5)","background-image":"","background-repeat":"repeat","background-position":"center center","background-size":"auto","background-attachment":"scroll","background-type":"","background-media":"","overlay-type":"","overlay-color":"","overlay-opacity":"","overlay-gradient":""},"mobile":{"background-color":"var(--ast-global-color-5)","background-image":"","background-repeat":"repeat","background-position":"center center","background-size":"auto","background-attachment":"scroll","background-type":"","background-media":"","overlay-type":"","overlay-color":"","overlay-opacity":"","overlay-gradient":""}},"footnotes":""},"categories":[6,14,68],"tags":[],"class_list":["post-154","post","type-post","status-publish","format-standard","hentry","category-camino","category-trekking","category-camino-via-de-la-plata-2009"],"aioseo_notices":[],"_links":{"self":[{"href":"https:\/\/www.gogreen.si\/index.php?rest_route=\/wp\/v2\/posts\/154","targetHints":{"allow":["GET"]}}],"collection":[{"href":"https:\/\/www.gogreen.si\/index.php?rest_route=\/wp\/v2\/posts"}],"about":[{"href":"https:\/\/www.gogreen.si\/index.php?rest_route=\/wp\/v2\/types\/post"}],"author":[{"embeddable":true,"href":"https:\/\/www.gogreen.si\/index.php?rest_route=\/wp\/v2\/users\/1"}],"replies":[{"embeddable":true,"href":"https:\/\/www.gogreen.si\/index.php?rest_route=%2Fwp%2Fv2%2Fcomments&post=154"}],"version-history":[{"count":0,"href":"https:\/\/www.gogreen.si\/index.php?rest_route=\/wp\/v2\/posts\/154\/revisions"}],"wp:attachment":[{"href":"https:\/\/www.gogreen.si\/index.php?rest_route=%2Fwp%2Fv2%2Fmedia&parent=154"}],"wp:term":[{"taxonomy":"category","embeddable":true,"href":"https:\/\/www.gogreen.si\/index.php?rest_route=%2Fwp%2Fv2%2Fcategories&post=154"},{"taxonomy":"post_tag","embeddable":true,"href":"https:\/\/www.gogreen.si\/index.php?rest_route=%2Fwp%2Fv2%2Ftags&post=154"}],"curies":[{"name":"wp","href":"https:\/\/api.w.org\/{rel}","templated":true}]}}