{"id":153,"date":"2009-03-07T19:28:00","date_gmt":"2009-03-07T18:28:00","guid":{"rendered":"https:\/\/www.walk.si\/uncategorized\/aldea-de-cano-casar-de-caceres\/"},"modified":"2009-03-07T19:28:00","modified_gmt":"2009-03-07T18:28:00","slug":"aldea-de-cano-casar-de-caceres","status":"publish","type":"post","link":"https:\/\/www.gogreen.si\/?p=153","title":{"rendered":"Aldea de Cano &#8211; Casar de C\u00e1ceres"},"content":{"rendered":"<div style=\"clear: both; text-align: center;\"><a href=\"http:\/\/1.bp.blogspot.com\/_wfRQwsEuJjI\/TSG_kqMgOXI\/AAAAAAAABc4\/8Ei5ZtowKEU\/s1600\/IMG_5362.jpg\" style=\"clear: left; float: left; margin-bottom: 1em; margin-right: 1em;\"><img loading=\"lazy\" decoding=\"async\" border=\"0\" height=\"213\" src=\"http:\/\/1.bp.blogspot.com\/_wfRQwsEuJjI\/TSG_kqMgOXI\/AAAAAAAABc4\/8Ei5ZtowKEU\/s320\/IMG_5362.jpg\" width=\"320\" \/><\/a><\/div>\n<p>Zjutraj si ob zvonenju telefona re\u010dem, da bom \u0161e malo zadremal, a ta dreme\u017e traja ve\u010d kot pol ure, zato se hitro oble\u010dem in pripravim za hojo. Ura je \u017ee pol osmih, in zajtrk si bom pripravil zunaj na prostem. Zbudim \u0161e Alvina(?), kot sem mu obljubil, da bo za menoj zaklenil vrata.<br \/>Jutro je mrzlo, a zato kon\u010dno po dolgem \u010dasu jasno. Po nekaj kilometrih se ustavim ob enem od kamnov, ki ozna\u010dujejo pot in pojem zajtrk. Pot bo danes \u0161e dolga in ne smem pretiravati s hitrostjo.<br \/>Sonce ob 11h \u017ee prav mo\u010dno pripeka. Ozra\u010dje ima 16\u00b0C a je zaradi vetra prijetno hladno.<br \/>Vasi so \u010dedalje pogostej\u0161e, a ne vem, ali je to posledica gostej\u0161e naseljenosti ali mojih dalj\u0161ih razdalj.<br \/>Pred Valdesorjem pre\u010dkam \u0161portno letali\u0161\u010de, ki je na dana\u0161njo soboto osamljeno in brez letal. Tu in tam pristane kak\u0161na \u0161torklja, a to se dogaja \u017ee od Seville. Tu imajo v bajerjih dovolj \u017eab.<br \/>Pred C\u00e1ceresom dolgo hodim mimo voja\u0161kih zemlji\u0161\u010d, pa tudi pot skozi dobro ozna\u010deno mesto traja dobro uro. Mesto je precej veliko, s starim delom dvignjenim na hribu. Danes je, verjetno tudi zaradi sobote, veliko turistov.<br \/>Tu se ne bom ustavil, a tudi \u010de bi se hotel, bi si moral preno\u010di\u0161\u010de poiskati v kak\u0161nem Hostalu ali hotelu. Turisti\u010dni alberge &#8211; kjer lahko preno\u010dijo tudi \u010disto navadni turisti je namre\u010d \u017ee ob dveh popolnoma poln. Temperatura se je dvignila \u017ee na 22\u00b0C, pot pa naslednjih nekaj kilometrov vodi po asfaltni cesti. Po slabih 30 kilometrih je to za \u017ee utrujene podplate vse prej kot balzam.<br \/>Na sre\u010do zadnjih nekaj kilometrov pot le zavije na pe\u0161\u010deno stezo, kjer so na kamnih zlo\u017eene lobanje krav in konj, \u010de se kaj spoznam na \u017eivalsko anatomijo.<br \/>Hostel je na drugem koncu mesta in ker je danes menda sobota, so popoldne vse trgovine zaprte. Za ve\u010derjo izpraznim nekaj zalog, in ker je jutri ponovno dolg dan, se mi res ne da ve\u010d pisati. Aja, Tudi danes bom prespal z nekim kolesarjem iz Seville.<\/p>\n","protected":false},"excerpt":{"rendered":"<p>Zjutraj si ob zvonenju telefona re\u010dem, da bom \u0161e malo zadremal, a ta dreme\u017e traja ve\u010d kot pol ure, zato se hitro oble\u010dem in pripravim za hojo. Ura je \u017ee pol osmih, in zajtrk si bom pripravil zunaj na prostem. Zbudim \u0161e Alvina(?), kot sem mu obljubil, da bo za menoj zaklenil vrata.Jutro je mrzlo, [&hellip;]<\/p>\n","protected":false},"author":1,"featured_media":0,"comment_status":"open","ping_status":"open","sticky":false,"template":"","format":"standard","meta":{"site-sidebar-layout":"default","site-content-layout":"","ast-site-content-layout":"","site-content-style":"default","site-sidebar-style":"default","ast-global-header-display":"","ast-banner-title-visibility":"","ast-main-header-display":"","ast-hfb-above-header-display":"","ast-hfb-below-header-display":"","ast-hfb-mobile-header-display":"","site-post-title":"","ast-breadcrumbs-content":"","ast-featured-img":"","footer-sml-layout":"","theme-transparent-header-meta":"","adv-header-id-meta":"","stick-header-meta":"","header-above-stick-meta":"","header-main-stick-meta":"","header-below-stick-meta":"","astra-migrate-meta-layouts":"default","ast-page-background-enabled":"default","ast-page-background-meta":{"desktop":{"background-color":"var(--ast-global-color-4)","background-image":"","background-repeat":"repeat","background-position":"center center","background-size":"auto","background-attachment":"scroll","background-type":"","background-media":"","overlay-type":"","overlay-color":"","overlay-opacity":"","overlay-gradient":""},"tablet":{"background-color":"","background-image":"","background-repeat":"repeat","background-position":"center center","background-size":"auto","background-attachment":"scroll","background-type":"","background-media":"","overlay-type":"","overlay-color":"","overlay-opacity":"","overlay-gradient":""},"mobile":{"background-color":"","background-image":"","background-repeat":"repeat","background-position":"center center","background-size":"auto","background-attachment":"scroll","background-type":"","background-media":"","overlay-type":"","overlay-color":"","overlay-opacity":"","overlay-gradient":""}},"ast-content-background-meta":{"desktop":{"background-color":"var(--ast-global-color-5)","background-image":"","background-repeat":"repeat","background-position":"center center","background-size":"auto","background-attachment":"scroll","background-type":"","background-media":"","overlay-type":"","overlay-color":"","overlay-opacity":"","overlay-gradient":""},"tablet":{"background-color":"var(--ast-global-color-5)","background-image":"","background-repeat":"repeat","background-position":"center center","background-size":"auto","background-attachment":"scroll","background-type":"","background-media":"","overlay-type":"","overlay-color":"","overlay-opacity":"","overlay-gradient":""},"mobile":{"background-color":"var(--ast-global-color-5)","background-image":"","background-repeat":"repeat","background-position":"center center","background-size":"auto","background-attachment":"scroll","background-type":"","background-media":"","overlay-type":"","overlay-color":"","overlay-opacity":"","overlay-gradient":""}},"footnotes":""},"categories":[6,14,68],"tags":[],"class_list":["post-153","post","type-post","status-publish","format-standard","hentry","category-camino","category-trekking","category-camino-via-de-la-plata-2009"],"aioseo_notices":[],"_links":{"self":[{"href":"https:\/\/www.gogreen.si\/index.php?rest_route=\/wp\/v2\/posts\/153","targetHints":{"allow":["GET"]}}],"collection":[{"href":"https:\/\/www.gogreen.si\/index.php?rest_route=\/wp\/v2\/posts"}],"about":[{"href":"https:\/\/www.gogreen.si\/index.php?rest_route=\/wp\/v2\/types\/post"}],"author":[{"embeddable":true,"href":"https:\/\/www.gogreen.si\/index.php?rest_route=\/wp\/v2\/users\/1"}],"replies":[{"embeddable":true,"href":"https:\/\/www.gogreen.si\/index.php?rest_route=%2Fwp%2Fv2%2Fcomments&post=153"}],"version-history":[{"count":0,"href":"https:\/\/www.gogreen.si\/index.php?rest_route=\/wp\/v2\/posts\/153\/revisions"}],"wp:attachment":[{"href":"https:\/\/www.gogreen.si\/index.php?rest_route=%2Fwp%2Fv2%2Fmedia&parent=153"}],"wp:term":[{"taxonomy":"category","embeddable":true,"href":"https:\/\/www.gogreen.si\/index.php?rest_route=%2Fwp%2Fv2%2Fcategories&post=153"},{"taxonomy":"post_tag","embeddable":true,"href":"https:\/\/www.gogreen.si\/index.php?rest_route=%2Fwp%2Fv2%2Ftags&post=153"}],"curies":[{"name":"wp","href":"https:\/\/api.w.org\/{rel}","templated":true}]}}