{"id":149,"date":"2009-03-11T19:12:00","date_gmt":"2009-03-11T18:12:00","guid":{"rendered":"https:\/\/www.walk.si\/uncategorized\/aldeanueva-de-camino-fuenterroble-de-salvatierra\/"},"modified":"2009-03-11T19:12:00","modified_gmt":"2009-03-11T18:12:00","slug":"aldeanueva-de-camino-fuenterroble-de-salvatierra","status":"publish","type":"post","link":"https:\/\/www.gogreen.si\/?p=149","title":{"rendered":"Aldeanueva de Camino &#8211; Fuenterroble de Salvatierra"},"content":{"rendered":"<div style=\"clear: both; text-align: center;\"><a href=\"http:\/\/3.bp.blogspot.com\/_wfRQwsEuJjI\/TSG_2A4S6qI\/AAAAAAAABfc\/XYP8XcLwpJg\/s1600\/IMG_5715.jpg\" style=\"clear: left; float: left; margin-bottom: 1em; margin-right: 1em;\"><img loading=\"lazy\" decoding=\"async\" border=\"0\" height=\"213\" src=\"http:\/\/3.bp.blogspot.com\/_wfRQwsEuJjI\/TSG_2A4S6qI\/AAAAAAAABfc\/XYP8XcLwpJg\/s320\/IMG_5715.jpg\" width=\"320\" \/><\/a><\/div>\n<p>Za mano je ponovno dolg dan &#8211; 43km, zato bom zapis skraj\u0161al na minimum.Danes bom zapustil Extremaduro in pri\u010del hoditi po Castilla y Le\u00f3n. Pri\u010dnem ob obi\u010dajni uri, prav potiho, da ne zbudim ostalih dveh popotnic. Mislim, da se mi ni najbole posre\u010dilo. Kasneje jih nisem ve\u010d videl, \u010deprav me kolesarji navadno tekom dne prehitijo.<br \/>Moj dana\u0161nji cilj je prehoditi razdaljo do Valdelacasa. V Ba\u00f1os de Montemayor si nakupim nekaj hrane, nato pa se pot strmo dvigne. V Calzadi de B\u00e9jar, ki je na polovici poti izvem, da v Valdelacasi ni albergeja, zato moram ali preno\u010diti tu, ali pa pe\u0161a\u010diti do Fuenterroble. Odlo\u010dim se za slednje, saj nisem prehodil niti \u0161e polovico poti in imam le en dan vi\u0161ka, ki ga lahko \u0161e izkoristim za skraj\u0161evanje etap.<br \/>Po zadnjih nekaj napornih dneh se prav zadnji kilometri vle\u010dejo v neskon\u010dnost. Povrhu vsega je pot prav neprijetna. Blato, ki se je posu\u0161ilo po tem, ko je nekaj traktorjev peljalo \u010dezenj.<br \/>V albergu sre\u010dam \u0161e dva starej\u0161a pohodnika, Gottfried-a iz Nem\u010dije in \u0160panca.<br \/>Ve\u010d pa v prihodnjih dneh.<\/p>\n","protected":false},"excerpt":{"rendered":"<p>Za mano je ponovno dolg dan &#8211; 43km, zato bom zapis skraj\u0161al na minimum.Danes bom zapustil Extremaduro in pri\u010del hoditi po Castilla y Le\u00f3n. Pri\u010dnem ob obi\u010dajni uri, prav potiho, da ne zbudim ostalih dveh popotnic. Mislim, da se mi ni najbole posre\u010dilo. Kasneje jih nisem ve\u010d videl, \u010deprav me kolesarji navadno tekom dne prehitijo.Moj [&hellip;]<\/p>\n","protected":false},"author":1,"featured_media":0,"comment_status":"open","ping_status":"open","sticky":false,"template":"","format":"standard","meta":{"site-sidebar-layout":"default","site-content-layout":"","ast-site-content-layout":"","site-content-style":"default","site-sidebar-style":"default","ast-global-header-display":"","ast-banner-title-visibility":"","ast-main-header-display":"","ast-hfb-above-header-display":"","ast-hfb-below-header-display":"","ast-hfb-mobile-header-display":"","site-post-title":"","ast-breadcrumbs-content":"","ast-featured-img":"","footer-sml-layout":"","theme-transparent-header-meta":"","adv-header-id-meta":"","stick-header-meta":"","header-above-stick-meta":"","header-main-stick-meta":"","header-below-stick-meta":"","astra-migrate-meta-layouts":"default","ast-page-background-enabled":"default","ast-page-background-meta":{"desktop":{"background-color":"var(--ast-global-color-4)","background-image":"","background-repeat":"repeat","background-position":"center center","background-size":"auto","background-attachment":"scroll","background-type":"","background-media":"","overlay-type":"","overlay-color":"","overlay-opacity":"","overlay-gradient":""},"tablet":{"background-color":"","background-image":"","background-repeat":"repeat","background-position":"center center","background-size":"auto","background-attachment":"scroll","background-type":"","background-media":"","overlay-type":"","overlay-color":"","overlay-opacity":"","overlay-gradient":""},"mobile":{"background-color":"","background-image":"","background-repeat":"repeat","background-position":"center center","background-size":"auto","background-attachment":"scroll","background-type":"","background-media":"","overlay-type":"","overlay-color":"","overlay-opacity":"","overlay-gradient":""}},"ast-content-background-meta":{"desktop":{"background-color":"var(--ast-global-color-5)","background-image":"","background-repeat":"repeat","background-position":"center center","background-size":"auto","background-attachment":"scroll","background-type":"","background-media":"","overlay-type":"","overlay-color":"","overlay-opacity":"","overlay-gradient":""},"tablet":{"background-color":"var(--ast-global-color-5)","background-image":"","background-repeat":"repeat","background-position":"center center","background-size":"auto","background-attachment":"scroll","background-type":"","background-media":"","overlay-type":"","overlay-color":"","overlay-opacity":"","overlay-gradient":""},"mobile":{"background-color":"var(--ast-global-color-5)","background-image":"","background-repeat":"repeat","background-position":"center center","background-size":"auto","background-attachment":"scroll","background-type":"","background-media":"","overlay-type":"","overlay-color":"","overlay-opacity":"","overlay-gradient":""}},"footnotes":""},"categories":[6,14,68],"tags":[],"class_list":["post-149","post","type-post","status-publish","format-standard","hentry","category-camino","category-trekking","category-camino-via-de-la-plata-2009"],"aioseo_notices":[],"_links":{"self":[{"href":"https:\/\/www.gogreen.si\/index.php?rest_route=\/wp\/v2\/posts\/149","targetHints":{"allow":["GET"]}}],"collection":[{"href":"https:\/\/www.gogreen.si\/index.php?rest_route=\/wp\/v2\/posts"}],"about":[{"href":"https:\/\/www.gogreen.si\/index.php?rest_route=\/wp\/v2\/types\/post"}],"author":[{"embeddable":true,"href":"https:\/\/www.gogreen.si\/index.php?rest_route=\/wp\/v2\/users\/1"}],"replies":[{"embeddable":true,"href":"https:\/\/www.gogreen.si\/index.php?rest_route=%2Fwp%2Fv2%2Fcomments&post=149"}],"version-history":[{"count":0,"href":"https:\/\/www.gogreen.si\/index.php?rest_route=\/wp\/v2\/posts\/149\/revisions"}],"wp:attachment":[{"href":"https:\/\/www.gogreen.si\/index.php?rest_route=%2Fwp%2Fv2%2Fmedia&parent=149"}],"wp:term":[{"taxonomy":"category","embeddable":true,"href":"https:\/\/www.gogreen.si\/index.php?rest_route=%2Fwp%2Fv2%2Fcategories&post=149"},{"taxonomy":"post_tag","embeddable":true,"href":"https:\/\/www.gogreen.si\/index.php?rest_route=%2Fwp%2Fv2%2Ftags&post=149"}],"curies":[{"name":"wp","href":"https:\/\/api.w.org\/{rel}","templated":true}]}}