{"id":148,"date":"2009-03-12T15:33:00","date_gmt":"2009-03-12T14:33:00","guid":{"rendered":"https:\/\/www.walk.si\/uncategorized\/fuenterroble-de-salvatierra-san-pedro-de-rozados\/"},"modified":"2009-03-12T15:33:00","modified_gmt":"2009-03-12T14:33:00","slug":"fuenterroble-de-salvatierra-san-pedro-de-rozados","status":"publish","type":"post","link":"https:\/\/www.gogreen.si\/?p=148","title":{"rendered":"Fuenterroble de Salvatierra &#8211; San Pedro de Rozados"},"content":{"rendered":"<div style=\"clear: both; text-align: center;\"><a href=\"http:\/\/4.bp.blogspot.com\/_wfRQwsEuJjI\/TSG_5o6dd4I\/AAAAAAAABf8\/SDZUjUHg-xU\/s1600\/IMG_5784.jpg\" style=\"clear: left; float: left; margin-bottom: 1em; margin-right: 1em;\"><img loading=\"lazy\" decoding=\"async\" border=\"0\" height=\"213\" src=\"http:\/\/4.bp.blogspot.com\/_wfRQwsEuJjI\/TSG_5o6dd4I\/AAAAAAAABf8\/SDZUjUHg-xU\/s320\/IMG_5784.jpg\" width=\"320\" \/><\/a><\/div>\n<p>Prej\u0161nje tri dni zve\u010der res nisem imel ve\u010d prav veliko volje pisati teh \u010dlankov, saj sem v hostle pri\u0161el pozno popoldan (po 18h) in ko sem vse postoril, si skuhal in pojedel, je bila ura \u017ee vsaj 22. Zato se bom poskusil danes oddol\u017eiti za prej\u0161nje dni.Pot bo danes kon\u010dno nekoliko kraj\u0161a. 30km pot bo ponovno potekala le med dvema krajema, brez vmesnih trgovin ali barov. To pomeni, da bo v nahrbtniku poleg vse opreme \u0161e 2kg vode in ravno toliko, ali pa nekoliko manj hrane. \u0160panec me je celo prepri\u010deval, da v San Pedru ni trgovin in barov. Morda sem ga napa\u010dno razumel in jih ne bo DO San Pedra.<br \/>Ko se zbudim, najprej za\u010dutim noge, ki si \u0161e niso opomogle od preteklih dni. Tu resni\u010dno spozna\u0161, da so nekatere stvari, na katere nikoli niti ne pomisli\u0161 ali pa so same po sebi umevne, vredne veliko ve\u010d. Ravnokar sem mislil na noge \ud83d\ude42 in na to, koliko pozornosti jim ponavadi posvetim.<br \/>Ko stopim na trdno podlago, v stopalih za\u010dutim vsako kito posebaj. Ta bole\u010dina je le trenutna, saj po nekaj metrih hoje izgine, in dokon\u010dno bo izginila, ko bo za mano nekaj normalno dolgih etap. Upam.<br \/>V nahrbtnik zlo\u017eim stvari, ki le\u017eijo vse povprek, saj imam spalnico z 12 le\u017ei\u0161\u010di samo zase. V \u010dutaro in plastenko nalijem vodo in obte\u017eim nahrbnik ter se odpravim zajtrkovati.<br \/>Oba ostala popotnika sta \u017ee kon\u010dala in se pripravljata na odhod. Meni pa se danes ni\u010d ne mudi, zato si privo\u0161\u010dim zajtrk s sadjem vred.<br \/>Iz naselja z nekaj hi\u0161ami pridem v manj kot minuti. Lahko si bom ogledal \u0161e en son\u010dni vzhod. Obrnem se tudi na drugo stran, kjer ravno zahaja polna luna. \u010ce \u0161e ni pa \u0161e bo, ali pa je ravnokar \u017ee bila.<br \/>Travniki so lepo pobeljeni in temperatura je na 850m okrog -3\u00b0C Tudi lu\u017ee so lepo pomrznjene in sonce jih stopi \u0161ele po slabi uri.<br \/>Hodim po pa\u0161nikih, kjer se ni\u010d hudega slute\u010d pasejo krave in veliki \u010drni biki. Verjetno jih ne bodo redili zaradi mleka. Za vsak slu\u010daj pospravim rde\u010do -nogavico- s telefonom, ki binglja iz nekoliko manj rde\u010dega nahrbtnika. Kljub temu me bik \u0161e vedno opazuje s prav posebnim navdu\u0161enjem.<br \/>Pot se sedaj povzpne v hrib, od koder se lepo vidi \u0161tevilne veterne elektrarne, ki so zamenjale son\u010dne, na desni strani pa se prav \u017ealostno bohoti druga plat \u010dlove\u0161kega odnosa do zemlje &#8211; divje odlagali\u0161\u010de odpadkov.<br \/>Rumenih pu\u0161\u010dic je zmanjkalo, pot GR-100 ni ve\u010d ozna\u010dena in to bi lahko pomenilo le to, da sem nekoliko premalo gledal stvari, ki bi me morale zanimati.<br \/>K sre\u010di se iz kot bi padel z Lune pojavi avto. Ustavim ga in povpra\u0161am za pot. Mlaj\u0161i mo\u0161ki se na \u0161iroko zasmeji, saj o\u010ditno nisem prvi, ki je zgre\u0161il smer. Poka\u017ee na to\u010dko nekj dale\u010d in re\u010de: No tam zadaj je pa prava pot. Napoti me \u010dez njegov pa\u0161nik, kjer bo najbli\u017ee. Kasneje ugotovim, da sem si s tem pot morda za kak\u0161en meter celo skraj\u0161al.<br \/>Sledi vzpon na najvi\u0161jo to\u010dko do sedaj, in nekoliko naslednjih dni, 1100m visok hrib, katerega se vidi dale\u010d naokrog. Morda bom od tu videl V\u010deraj\u0161nja popotnika. Toda onadva sta izginila, kot bi se ugreznila v zemljo. Verjetno ju sre\u010dam popoldan v San Pedru, kamor sta namenjena. Vidim le dolgo ravno cesto, na kateri se znajdem takoj, ko se spustim iz hriba.<br \/>Ponovno tako znani pogled ravne \u010drte, ki se izgublja na vrhu hriba.<br \/>Po dobrih dveh urah cesta izgine izpred o\u010di, in prav tako signal mojega veselega mobilca. Sledi \u0161ezadnja ura, po poljski poti. Levo rjava, desno pa zelena povr\u0161ina. In kon\u010dno ob pol \u0161tirih na vidiku naselje z malo\u0161tevil\u010dnimi hi\u0161ami.<br \/>Pu\u0161\u010dice vodijo do Alberga, kamor pridem prvi. Po rezervnem telefonu s kartico -slovenskega ponudnika- pokli\u010dem hosteliero, ki mi zaupa, da je kju\u010d pod prepra\u017enikom. Sicer je rekla da zna malo, malo angle\u0161ko, a \u017ee po prvih besedah je jasno, da bova pri\u0161la s \u0161pan\u0161\u010dino bistveno dlje.<br \/>Alberge je lep, \u010dist, tuda brez kuhinje. Restavracija, za katero je nek gost napisal naj se je na dale\u010d izogibamo, pa zaprta. Obisk bli\u017enje tiende je bil neizogiben, saj se mi prav danes ne grizlja surovih makarnov.<br \/>V trgovini po \u010distem naklju\u010dju sre\u010dam lastnico sosednje pekarne, ki dela le dopoldan. Ta mi po nakupu prijazno odpre pekarno in ponudi \u010dokoladne roglji\u010dke in kruh, ki \u017ee cel dan le\u017ei na polici. Tudi to je sestavni del Camina.<br \/>Zve\u010der -ravno ob pisanju tega \u010dlanka- me obi\u0161\u010de lastnica alberga El Miliario, Nuria Rubio Bueno, predsednica Alvip. Za\u017eeli mi sre\u010den Camino in pove, da je moja \u0161pan\u0161\u010dina \u010disto v redu, in da sva se po telefonu prav lepo zmenila.<br \/>Pa sem ponovno dobil motivacijo za nadaljnje u\u010denje \ud83d\ude42<br \/>V\u010deraj\u0161njih pohodnikov ni od nikoder, sam pa bom po\u010dasi zadrgnil spalno vre\u010do in ugasnil lu\u010d.<br \/>&#8212;<br \/>Milan in ostali sodelavci, tudi sam v\u010dasih \ud83d\ude42 mislim na vas. Ko se vrnem, bom kon\u010dno pripravil povzetek vseh \u0161tirih Caminov in te dr\u017eal za besedo. <br \/>&#8212;<br \/>Zlatka, verjamem, da tega sporo\u010dila ne bo\u0161 ve\u010d brala, sicer pa sem ti napisal SMS. Za vse ostale, ki pa bodo to brali kot napotek:<br \/>Spalna vre\u010da je na Caminu obvezen pripomo\u010dek, saj v albergih dobi\u0161 le golo vzmetnico, ponekod jo celo za\u0161\u010ditijo s kak\u0161no prevleko, ki jo zamenjajo hkrati z novo vzmetnico \ud83d\ude42<br \/>V nekaterih (ve\u010dini) hostlov dobi\u0161 tudi blazino in morda kje kak\u0161no odejo. Seveda govorim za javne alberge (municipal). Privatni se nekoliko razlikujejo &#8211; tudi v ceni. Tam v\u010dasih dobi\u0161 celo rjuho. Seveda pa si lahko izbere\u0161 tudi hostal (Hs), kjer praviloma za 20-30 EUR dobi\u0161 tudi brisa\u010do in seveda hotel, za katerega je samo po sebi umeven kompleten komfort (nad 40 EUR).<br \/>Toda edini pravi Camino se vsak ve\u010der zaklju\u010di v Albergih.<br \/>Glede Pirinejev, se bo\u0161 morala odlo\u010diti sama. V kolikor je sne\u017eilo pred ve\u010d dnevi, verjetno ne bo te\u017eav, saj bo pot \u017ee shojena, sicer pa brez dobre navigacije sam ne bi tvegal. Pot do alberga je le dolga 27km. Posvetuj se z doma\u010dini v St. JPdP.<br \/>&#8212;<br \/>Branka, pot je res \u010dudovita, \u010deprav je osebno verjetno ne bi zamenjal za Severni Camino. Pri tem Caminu je najpomembneje to, da si ga resni\u010dno \u017eeli\u0161, ima\u0161 veliko, ne veliko, ogromno volje in vztrajnosti. Govorim za prvo polovico poti, saj me \u010daka \u0161e ve\u010d kot polovico drugega te\u017ejega dela.<br \/>Predvsem se mora\u0161 navaditi na to, da pri\u010dne\u0161 v enem kraju, hodi\u0161 po dolgi ravni poti, ki ji ni videti konca oz. se konec skrije za prvo neravnino, in ko pride\u0161 na vrh gri\u010da se to ponovi, in ko kon\u010dno le pride\u0161 popoldan na tisti hrib, kjer se vidi drugo naselje, te tam \u010daka (ali pa tudi ne) zaklenjen alberge in trgovine, ki so ponavadi popoldan zaprte. Seveda ni vmes ne krajev, ne vodnjakov in ne ljudi, ki bi ti lahko pomagali.<br \/>Toda ko to sprejme\u0161, te \u010daka pot, na kateri se lahko resni\u010dno -odklopi\u0161- in le neizmerno u\u017eiva\u0161 ter spoznava\u0161 samega sebe.<br \/>&#8212;<br \/>Sonja, tu je veliko konj, a le malo takih lepih belih, ki ti sami pridejo nasproti po pra\u0161ni cesti. Res ne vem, od kje se je vzel. Na Caminu \u010dlovek res do\u017eivi marsikaj.<br \/>\u0160pan\u0161ina&#8230; Hm, po moje bo imel Bojan \u0161e kar veliko dela. Moj namen je bil dober. Ponoviti vso snov in se vsak dan nau\u010diti vsaj 2 novi besedi. Tuda ko de\u017euje ne gre, ko piha veter tudi ne (en list mi je odneslo \u017ee na za\u010detku), ko je pot neravna tudi ne, saj bi rad ostal cel, ko pot sprminja smer tudi ne gre, sem se ravno danes celo brez \u0161pan\u0161\u010dine skoraj izgubil :), zve\u010der pa vedno ostane premalo \u010dasa. No ja, saj sre\u010dam kak\u0161nega \u0160panca, pa re\u010deva tudi kaj na to temo. Sem razmi\u0161ljal, da bi na kratko &#8211; res na kratko napisal povzetek dnevnikov v \u0161pan\u0161ini, saj me po poti spremlja tudi nekaj njih in ni\u010d ne razumejo, a mi \u017ee to pisanje vzame dnevno vsaj eno uro \u010dasa.<br \/>&#8212;<br \/>Nata\u0161a, res naj bi severne poti potekale po energetsko bogatih predelih. Namen mojega prvega Camina je bil med drugim prav to.<br \/>Morda pa je ravno ta tvoja izku\u0161nja &#8211; pa nisi edina, ki si Camino do\u017eivela tako, posledica zmajevih \u010drt. Menim, da je bil Camino najbolj pozitivna izku\u0161nja za ve\u010dino nas, ki smo ga prehodili.<br \/>Razmi\u0161ljal sem, da bi enkrat naredil predstavitev vseh \u0161tirih poti, zakaj in kako sem se zanje odlo\u010dil in kako sem jih sam do\u017eivljal. Nekako se mi zdi bolj primerno, kot na Internetu vsemu \u0161irnemu svetu razagati o tem in onem.<br \/>Seveda pa lahko kdorkoli in kadarkoli pi\u0161e na moj mail. (kontakt na www.nagaju.com)<br \/>&#8212;<br \/>In \u010de sem \u0161e koga pozabil, naj mi ne zameri \ud83d\ude42<\/p>\n","protected":false},"excerpt":{"rendered":"<p>Prej\u0161nje tri dni zve\u010der res nisem imel ve\u010d prav veliko volje pisati teh \u010dlankov, saj sem v hostle pri\u0161el pozno popoldan (po 18h) in ko sem vse postoril, si skuhal in pojedel, je bila ura \u017ee vsaj 22. Zato se bom poskusil danes oddol\u017eiti za prej\u0161nje dni.Pot bo danes kon\u010dno nekoliko kraj\u0161a. 30km pot bo [&hellip;]<\/p>\n","protected":false},"author":1,"featured_media":0,"comment_status":"open","ping_status":"open","sticky":false,"template":"","format":"standard","meta":{"site-sidebar-layout":"default","site-content-layout":"","ast-site-content-layout":"","site-content-style":"default","site-sidebar-style":"default","ast-global-header-display":"","ast-banner-title-visibility":"","ast-main-header-display":"","ast-hfb-above-header-display":"","ast-hfb-below-header-display":"","ast-hfb-mobile-header-display":"","site-post-title":"","ast-breadcrumbs-content":"","ast-featured-img":"","footer-sml-layout":"","theme-transparent-header-meta":"","adv-header-id-meta":"","stick-header-meta":"","header-above-stick-meta":"","header-main-stick-meta":"","header-below-stick-meta":"","astra-migrate-meta-layouts":"default","ast-page-background-enabled":"default","ast-page-background-meta":{"desktop":{"background-color":"var(--ast-global-color-4)","background-image":"","background-repeat":"repeat","background-position":"center center","background-size":"auto","background-attachment":"scroll","background-type":"","background-media":"","overlay-type":"","overlay-color":"","overlay-opacity":"","overlay-gradient":""},"tablet":{"background-color":"","background-image":"","background-repeat":"repeat","background-position":"center center","background-size":"auto","background-attachment":"scroll","background-type":"","background-media":"","overlay-type":"","overlay-color":"","overlay-opacity":"","overlay-gradient":""},"mobile":{"background-color":"","background-image":"","background-repeat":"repeat","background-position":"center center","background-size":"auto","background-attachment":"scroll","background-type":"","background-media":"","overlay-type":"","overlay-color":"","overlay-opacity":"","overlay-gradient":""}},"ast-content-background-meta":{"desktop":{"background-color":"var(--ast-global-color-5)","background-image":"","background-repeat":"repeat","background-position":"center center","background-size":"auto","background-attachment":"scroll","background-type":"","background-media":"","overlay-type":"","overlay-color":"","overlay-opacity":"","overlay-gradient":""},"tablet":{"background-color":"var(--ast-global-color-5)","background-image":"","background-repeat":"repeat","background-position":"center center","background-size":"auto","background-attachment":"scroll","background-type":"","background-media":"","overlay-type":"","overlay-color":"","overlay-opacity":"","overlay-gradient":""},"mobile":{"background-color":"var(--ast-global-color-5)","background-image":"","background-repeat":"repeat","background-position":"center center","background-size":"auto","background-attachment":"scroll","background-type":"","background-media":"","overlay-type":"","overlay-color":"","overlay-opacity":"","overlay-gradient":""}},"footnotes":""},"categories":[6,14,68],"tags":[],"class_list":["post-148","post","type-post","status-publish","format-standard","hentry","category-camino","category-trekking","category-camino-via-de-la-plata-2009"],"aioseo_notices":[],"_links":{"self":[{"href":"https:\/\/www.gogreen.si\/index.php?rest_route=\/wp\/v2\/posts\/148","targetHints":{"allow":["GET"]}}],"collection":[{"href":"https:\/\/www.gogreen.si\/index.php?rest_route=\/wp\/v2\/posts"}],"about":[{"href":"https:\/\/www.gogreen.si\/index.php?rest_route=\/wp\/v2\/types\/post"}],"author":[{"embeddable":true,"href":"https:\/\/www.gogreen.si\/index.php?rest_route=\/wp\/v2\/users\/1"}],"replies":[{"embeddable":true,"href":"https:\/\/www.gogreen.si\/index.php?rest_route=%2Fwp%2Fv2%2Fcomments&post=148"}],"version-history":[{"count":0,"href":"https:\/\/www.gogreen.si\/index.php?rest_route=\/wp\/v2\/posts\/148\/revisions"}],"wp:attachment":[{"href":"https:\/\/www.gogreen.si\/index.php?rest_route=%2Fwp%2Fv2%2Fmedia&parent=148"}],"wp:term":[{"taxonomy":"category","embeddable":true,"href":"https:\/\/www.gogreen.si\/index.php?rest_route=%2Fwp%2Fv2%2Fcategories&post=148"},{"taxonomy":"post_tag","embeddable":true,"href":"https:\/\/www.gogreen.si\/index.php?rest_route=%2Fwp%2Fv2%2Ftags&post=148"}],"curies":[{"name":"wp","href":"https:\/\/api.w.org\/{rel}","templated":true}]}}