{"id":147,"date":"2009-03-13T15:28:00","date_gmt":"2009-03-13T14:28:00","guid":{"rendered":"https:\/\/www.walk.si\/uncategorized\/san-pedro-de-rozados-salamanca\/"},"modified":"2009-03-13T15:28:00","modified_gmt":"2009-03-13T14:28:00","slug":"san-pedro-de-rozados-salamanca","status":"publish","type":"post","link":"https:\/\/www.gogreen.si\/?p=147","title":{"rendered":"San Pedro de Rozados &#8211; Salamanca"},"content":{"rendered":"<div style=\"clear: both; text-align: center;\"><a href=\"http:\/\/3.bp.blogspot.com\/_wfRQwsEuJjI\/TSG_8tVwrAI\/AAAAAAAABgg\/nNnOfps19pY\/s1600\/IMG_5875.jpg\" style=\"clear: left; float: left; margin-bottom: 1em; margin-right: 1em;\"><img loading=\"lazy\" decoding=\"async\" border=\"0\" height=\"213\" src=\"http:\/\/3.bp.blogspot.com\/_wfRQwsEuJjI\/TSG_8tVwrAI\/AAAAAAAABgg\/nNnOfps19pY\/s320\/IMG_5875.jpg\" width=\"320\" \/><\/a><\/div>\n<p>Upam, da nisem poleg vsega danes vstal \u0161e z levo nogo&#8230; Ne, nisem vra\u017eeveren, va vendar je danes petek. Pa \u0161e blizu polne lune smo.<br \/>Ponovno sem v odli\u010dni formi in \u010daka me le 26km do Salamance.<br \/>Nikamor se mi ne mudi, zato v miru pozajtrkujem, v mikrovalovni pe\u010dici si skuham \u010daj in pojem naj v\u010deraj\u0161njih dobrot. Odidem \u0161ele ob osmih, zato je sonce \u017ee visoko in odve\u010d so vsa obla\u010dila, razen majice s kratkimi rokavi. Ponovno bo lep son\u010den dan, saj na obzorju ni niti enega samega obla\u010dka.<br \/>Iz vasi pridem \u0161e predno se dobro zavem. \u010ce sem \u0161e v\u010deraj pisal, da so son\u010dne elektrarne zamenjale veterne, sem se pa\u010d u\u0161tel. Na koncu vasi je namre\u010d polje pribli\u017eno 2000 son\u010dnih panelov.<br \/>Pot bo danes potekala v skoraj ravni \u010drti, ki se bo prelomila le v prvi in edini vas, ki jo bom pre\u010dkal v petem kilometru. Pot do tja mine kot bi trenil. V Morelle opazim alberge, ki v knjigi ni ozna\u010den. \u017dal zanj nisem vedel, a \u017ee mora biti tako, saj druga\u010de ne bi spoznal v\u010deraj\u0161nje pekarice in hosteliere \ud83d\ude42<br \/>Nikjer se ne morem izgubiti, saj dale\u010d naokrog ni nobene druge poti, de\u017euje tudi ne, veter ne piha in ni kamenja, torej nimam izgovorov. V roke vzamem \u0161pan\u0161\u010dino in se odlo\u010dim, da se po\u0161teno nau\u010dim \u0161tevil in \u0161tevnikov. <br \/>V Morelle se izgubijo oznake za pot in za pomo\u010d prosim mimoido\u010do starej\u0161o sprehajalko. Mimogrede jo \u0161e po\u0161teno izpra\u0161am glede letnic v \u0161pan\u0161\u010dini.<br \/>\u010cez nekj ur se v daljavi le prika\u017ee mesto. Nad njim se dviga siv oblak, ki na obeh koncih mesta zbledi. Kdo bi si mislil, da mesta pridelajo toliko nesnage.<br \/>V Salamanco, mesto kulture, kot jo ogla\u0161ujejo, pridem \u010dez puente romano in nedale\u010d stran je tudi alberge. Odpre se \u0161ele ob petih, pa \u0161e poklicati je potrebno. S hostelierom se zmeniva za pol peto.<br \/>Med tem imam nekaj \u010dasa za ogled starega dela mesta. Kot da \u017ee ne bi dovolj hodil.<br \/>Po tu\u0161iranju in pranju perila se mi pridru\u017ei \u0161e Gottfried, ki je pri\u0161el \u017ee v\u010deraj in preno\u010dil v mladinskem hostlu. \u0160panec pa si je zaradi fieste v svojem kraju vzel mesec dni dopusta.<br \/>Za ve\u010derjo si v mikrovalovni pe\u010dici, ki se je ponavadi izogibam, skuham makarone &#8211; prosim brez komentarjev, da to ne gre \ud83d\ude42 in jih s \u0161e ve\u010djim u\u017eitkom pojem.<br \/>Z 62 letnim Nemcem iz bli\u017eine Aachna, ki se ob pol desetih vrne iz mesta se pogovarjava \u0161e kak\u0161no uro, nato pa se zavle\u010deva vsak v svojo spalnico.<br \/>Danes sem zaklju\u010dil pot v \u0160panijo. Od jutri naprej bom hodil iz \u0160panije. Tudi kilometrov se je nabralo \u017ee \u010dez 500, kar pomeni, da je za menoj pribli\u017eno polovica poti.<br \/>&#8212;<br \/>Etape so bile res naporne, toda tokrat sem ubal druga\u010den pristop in u\u017eivam v vsakem dnevu posebaj. \u010cetudi je naporen.<\/p>\n","protected":false},"excerpt":{"rendered":"<p>Upam, da nisem poleg vsega danes vstal \u0161e z levo nogo&#8230; Ne, nisem vra\u017eeveren, va vendar je danes petek. Pa \u0161e blizu polne lune smo.Ponovno sem v odli\u010dni formi in \u010daka me le 26km do Salamance.Nikamor se mi ne mudi, zato v miru pozajtrkujem, v mikrovalovni pe\u010dici si skuham \u010daj in pojem naj v\u010deraj\u0161njih dobrot. [&hellip;]<\/p>\n","protected":false},"author":1,"featured_media":0,"comment_status":"open","ping_status":"open","sticky":false,"template":"","format":"standard","meta":{"site-sidebar-layout":"default","site-content-layout":"","ast-site-content-layout":"","site-content-style":"default","site-sidebar-style":"default","ast-global-header-display":"","ast-banner-title-visibility":"","ast-main-header-display":"","ast-hfb-above-header-display":"","ast-hfb-below-header-display":"","ast-hfb-mobile-header-display":"","site-post-title":"","ast-breadcrumbs-content":"","ast-featured-img":"","footer-sml-layout":"","theme-transparent-header-meta":"","adv-header-id-meta":"","stick-header-meta":"","header-above-stick-meta":"","header-main-stick-meta":"","header-below-stick-meta":"","astra-migrate-meta-layouts":"default","ast-page-background-enabled":"default","ast-page-background-meta":{"desktop":{"background-color":"var(--ast-global-color-4)","background-image":"","background-repeat":"repeat","background-position":"center center","background-size":"auto","background-attachment":"scroll","background-type":"","background-media":"","overlay-type":"","overlay-color":"","overlay-opacity":"","overlay-gradient":""},"tablet":{"background-color":"","background-image":"","background-repeat":"repeat","background-position":"center center","background-size":"auto","background-attachment":"scroll","background-type":"","background-media":"","overlay-type":"","overlay-color":"","overlay-opacity":"","overlay-gradient":""},"mobile":{"background-color":"","background-image":"","background-repeat":"repeat","background-position":"center center","background-size":"auto","background-attachment":"scroll","background-type":"","background-media":"","overlay-type":"","overlay-color":"","overlay-opacity":"","overlay-gradient":""}},"ast-content-background-meta":{"desktop":{"background-color":"var(--ast-global-color-5)","background-image":"","background-repeat":"repeat","background-position":"center center","background-size":"auto","background-attachment":"scroll","background-type":"","background-media":"","overlay-type":"","overlay-color":"","overlay-opacity":"","overlay-gradient":""},"tablet":{"background-color":"var(--ast-global-color-5)","background-image":"","background-repeat":"repeat","background-position":"center center","background-size":"auto","background-attachment":"scroll","background-type":"","background-media":"","overlay-type":"","overlay-color":"","overlay-opacity":"","overlay-gradient":""},"mobile":{"background-color":"var(--ast-global-color-5)","background-image":"","background-repeat":"repeat","background-position":"center center","background-size":"auto","background-attachment":"scroll","background-type":"","background-media":"","overlay-type":"","overlay-color":"","overlay-opacity":"","overlay-gradient":""}},"footnotes":""},"categories":[6,14,68],"tags":[],"class_list":["post-147","post","type-post","status-publish","format-standard","hentry","category-camino","category-trekking","category-camino-via-de-la-plata-2009"],"aioseo_notices":[],"_links":{"self":[{"href":"https:\/\/www.gogreen.si\/index.php?rest_route=\/wp\/v2\/posts\/147","targetHints":{"allow":["GET"]}}],"collection":[{"href":"https:\/\/www.gogreen.si\/index.php?rest_route=\/wp\/v2\/posts"}],"about":[{"href":"https:\/\/www.gogreen.si\/index.php?rest_route=\/wp\/v2\/types\/post"}],"author":[{"embeddable":true,"href":"https:\/\/www.gogreen.si\/index.php?rest_route=\/wp\/v2\/users\/1"}],"replies":[{"embeddable":true,"href":"https:\/\/www.gogreen.si\/index.php?rest_route=%2Fwp%2Fv2%2Fcomments&post=147"}],"version-history":[{"count":0,"href":"https:\/\/www.gogreen.si\/index.php?rest_route=\/wp\/v2\/posts\/147\/revisions"}],"wp:attachment":[{"href":"https:\/\/www.gogreen.si\/index.php?rest_route=%2Fwp%2Fv2%2Fmedia&parent=147"}],"wp:term":[{"taxonomy":"category","embeddable":true,"href":"https:\/\/www.gogreen.si\/index.php?rest_route=%2Fwp%2Fv2%2Fcategories&post=147"},{"taxonomy":"post_tag","embeddable":true,"href":"https:\/\/www.gogreen.si\/index.php?rest_route=%2Fwp%2Fv2%2Ftags&post=147"}],"curies":[{"name":"wp","href":"https:\/\/api.w.org\/{rel}","templated":true}]}}