{"id":146,"date":"2009-03-14T11:36:00","date_gmt":"2009-03-14T10:36:00","guid":{"rendered":"https:\/\/www.walk.si\/uncategorized\/salamanca-el-cubo-del-vino\/"},"modified":"2009-03-14T11:36:00","modified_gmt":"2009-03-14T10:36:00","slug":"salamanca-el-cubo-del-vino","status":"publish","type":"post","link":"https:\/\/www.gogreen.si\/?p=146","title":{"rendered":"Salamanca &#8211; El Cubo del Vino"},"content":{"rendered":"\n<div class=\"wp-block-image is-style-default\"><figure class=\"alignleft size-large is-resized\"><img loading=\"lazy\" decoding=\"async\" src=\"http:\/\/2.bp.blogspot.com\/_wfRQwsEuJjI\/TSG__bShqUI\/AAAAAAAABg4\/txNVdOj7594\/s1600\/IMG_5948.jpg\" alt=\"\" width=\"300\" height=\"200\"\/><\/figure><\/div>\n\n\n\n<p>Danes bo sledila \u0161e ena etapa s prav lepim \u0161tevilom kilometrov. Iz Salamance se odpravim malo pred osmo toda v mestu je prav pusto. Med stavbami nikjer ne posveti sonce, povsod, kjer smetarji \u0161e niso opravili svojega dela le\u017ei polno odpadkov, mladina, ki komaj stoji na nogah se odpravlja domov, razbita izlo\u017eba&#8230; Prav zaradi takih stvari mi ve\u010dja mesta niti malo niso v\u0161e\u010d. Morda sem mestne gne\u010de naveli\u010dan \u017ee od doma. Gottfried pa ne more in ne more prehvaliti Salamance. Za danes je rekel, da se bo ustavil v prvem Albergu v Calzada de V.<\/p>\n\n\n\n<p>Alberge je na za\u010detku mesta in predem pridem ponovno na pravi Camino mineta skoraj dve uri. Tu ponovno posveti sonce in izpu\u0161ne pline zamenja vonj cvetja.<br>Pot ponovno poteka po pe\u0161\u010denih cestah brez konca. Naselja Aldeaseca de Armu\u00f1a, Castellanos de Villiquera in Calzada de Valdunciel, kjer je alberge be\u017eijo mimo mene.<\/p>\n\n\n\n<p>Med potjo sre\u010dam kmeta, ki po prvi oceni \u017ee dolgo ni sre\u010dal nikogar, saj mi \u017ee od dale\u010d maha in ko pride bli\u017ee, ga ni za ustaviti. Govori in govori. Ponovno sem pred nalogo, da mu razlo\u017eim, kje je Slovenija, ki jo takoj pove\u017ee z rusijo. Komaj mu dopovem, da je to del biv\u0161e Jugoslavije. Nekaj \u010dasa mu je jasno, nato pa nas za\u010dne me\u0161ati s Srbijo. Obljubi mi lepo vreme, mi za\u017eeli buen Camino, nato pa se postavi pred svoj res ogromni traktor z jelen\u010dki in vpra\u0161a: Ali imate tudi pri vas take? Re\u010dem, da malo manj\u0161e in je takoj \u0161e bolj nasmejan. Izgleda, da je tudi tu pomembno, kako velikega ima\u0161 \ud83d\ude42<\/p>\n\n\n\n<p>Sledi zelo slabo, morda ne tako slabo kot dvoumno, ozna\u010dena pot, ki poteka po in ob N-630. Vso zmedo gre pripisati novi cesti A-66, ki jo ravno gradijo. Deloma hodim tudi ob progi, ki \u017ee vrsto let ni v uporabi, saj je vsa zara\u0161\u010dena in rjasta.<br>Blizu \u0161panskih zaporov me nekdo od dale\u010d pokli\u010de. Seveda, Gottfried. Odlo\u010dil se je, da bo \u0161el tudi on do El Cubo de Tierra del Vino, ali pa si je mislil, da bo bolje \u010de hodi z nekom, ki zna vsaj malo \u0161pansko. Skupaj hodiva po novo narejeni avtocesti in verjetno sva ena izmed redkih, ki bodo hodili po njej, saj jo bodo izgleda kmalu odprli.<\/p>\n\n\n\n<p>Okrog pol \u0161estih se kon\u010dno znajdeva pred albergom. Po telefonu moram le \u0161e poklicati za klju\u010de, in \u017ee u\u017eivava vsak na svoji postelji.<\/p>\n\n\n\n<p>Ve\u010derjo si tokrat skuham na \u010disto pravem \u0161tedilniku, operem nekaj perila, ki ga bom skrivaj posu\u0161il na elektri\u010dnem radiatorju, potem pa se posvetim po\u010ditku.<br>&#8212;<br>Axi, tudi tebi \u017eelim vso sre\u010do na Camino del Norte. Ta je zame \u0161e vedno tisti, ki mi je ostal v najlep\u0161em spominu. Tako po pokrajini in do\u017eivetjih &#8211; naklu\u010djih, kot po prijaznosti doma\u010dinov.<br>In seveda dobrodo\u0161la v dru\u017ebi vseh, ki smo prehodili enega od Caminov in nas sedaj nekaj vle\u010de nazaj \ud83d\ude42<br>&#8212;<br>Branka, nikakor te nisem hotel prestra\u0161iti. Seveda je pot pre\u010dudovita in \u010de jo vsako leto prehodi nekaj tiso\u010d romarjev, med katerimi smo lepo zastopani tudi Slovenci, ne vidim razloga za strah. \u0160e vedno pa sem mnenja, in bom kot ka\u017ee tudi ostal, da je edini pravi Camino tisti, ki ga prehodi\u0161 sam.<br>&#8212;<br>Mimogrede, v reviji Peregrino sem zasledil podatek, da je bilo rekordno leto 2004 (Jakobovo), ko je v Santiago v celem letu po vseh poteh pri\u0161lo 179.944 romarjev, kar je povpre\u010dno nekaj manj kot 500 dnevno. \u010ce od\u0161tejemo \u0161e manj obiskane zimske mesece, si ne predstavljam gne\u010de v Santiagu DC.<\/p>\n","protected":false},"excerpt":{"rendered":"<p>Danes bo sledila \u0161e ena etapa s prav lepim \u0161tevilom kilometrov. Iz Salamance se odpravim malo pred osmo toda v mestu je prav pusto. Med stavbami nikjer ne posveti sonce, povsod, kjer smetarji \u0161e niso opravili svojega dela le\u017ei polno odpadkov, mladina, ki komaj stoji na nogah se odpravlja domov, razbita izlo\u017eba&#8230; Prav zaradi takih [&hellip;]<\/p>\n","protected":false},"author":1,"featured_media":0,"comment_status":"open","ping_status":"open","sticky":false,"template":"","format":"standard","meta":{"site-sidebar-layout":"default","site-content-layout":"","ast-site-content-layout":"","site-content-style":"default","site-sidebar-style":"default","ast-global-header-display":"","ast-banner-title-visibility":"","ast-main-header-display":"","ast-hfb-above-header-display":"","ast-hfb-below-header-display":"","ast-hfb-mobile-header-display":"","site-post-title":"","ast-breadcrumbs-content":"","ast-featured-img":"","footer-sml-layout":"","theme-transparent-header-meta":"","adv-header-id-meta":"","stick-header-meta":"","header-above-stick-meta":"","header-main-stick-meta":"","header-below-stick-meta":"","astra-migrate-meta-layouts":"default","ast-page-background-enabled":"default","ast-page-background-meta":{"desktop":{"background-color":"var(--ast-global-color-4)","background-image":"","background-repeat":"repeat","background-position":"center center","background-size":"auto","background-attachment":"scroll","background-type":"","background-media":"","overlay-type":"","overlay-color":"","overlay-opacity":"","overlay-gradient":""},"tablet":{"background-color":"","background-image":"","background-repeat":"repeat","background-position":"center center","background-size":"auto","background-attachment":"scroll","background-type":"","background-media":"","overlay-type":"","overlay-color":"","overlay-opacity":"","overlay-gradient":""},"mobile":{"background-color":"","background-image":"","background-repeat":"repeat","background-position":"center center","background-size":"auto","background-attachment":"scroll","background-type":"","background-media":"","overlay-type":"","overlay-color":"","overlay-opacity":"","overlay-gradient":""}},"ast-content-background-meta":{"desktop":{"background-color":"var(--ast-global-color-5)","background-image":"","background-repeat":"repeat","background-position":"center center","background-size":"auto","background-attachment":"scroll","background-type":"","background-media":"","overlay-type":"","overlay-color":"","overlay-opacity":"","overlay-gradient":""},"tablet":{"background-color":"var(--ast-global-color-5)","background-image":"","background-repeat":"repeat","background-position":"center center","background-size":"auto","background-attachment":"scroll","background-type":"","background-media":"","overlay-type":"","overlay-color":"","overlay-opacity":"","overlay-gradient":""},"mobile":{"background-color":"var(--ast-global-color-5)","background-image":"","background-repeat":"repeat","background-position":"center center","background-size":"auto","background-attachment":"scroll","background-type":"","background-media":"","overlay-type":"","overlay-color":"","overlay-opacity":"","overlay-gradient":""}},"footnotes":""},"categories":[6,14,68],"tags":[],"class_list":["post-146","post","type-post","status-publish","format-standard","hentry","category-camino","category-trekking","category-camino-via-de-la-plata-2009"],"aioseo_notices":[],"_links":{"self":[{"href":"https:\/\/www.gogreen.si\/index.php?rest_route=\/wp\/v2\/posts\/146","targetHints":{"allow":["GET"]}}],"collection":[{"href":"https:\/\/www.gogreen.si\/index.php?rest_route=\/wp\/v2\/posts"}],"about":[{"href":"https:\/\/www.gogreen.si\/index.php?rest_route=\/wp\/v2\/types\/post"}],"author":[{"embeddable":true,"href":"https:\/\/www.gogreen.si\/index.php?rest_route=\/wp\/v2\/users\/1"}],"replies":[{"embeddable":true,"href":"https:\/\/www.gogreen.si\/index.php?rest_route=%2Fwp%2Fv2%2Fcomments&post=146"}],"version-history":[{"count":0,"href":"https:\/\/www.gogreen.si\/index.php?rest_route=\/wp\/v2\/posts\/146\/revisions"}],"wp:attachment":[{"href":"https:\/\/www.gogreen.si\/index.php?rest_route=%2Fwp%2Fv2%2Fmedia&parent=146"}],"wp:term":[{"taxonomy":"category","embeddable":true,"href":"https:\/\/www.gogreen.si\/index.php?rest_route=%2Fwp%2Fv2%2Fcategories&post=146"},{"taxonomy":"post_tag","embeddable":true,"href":"https:\/\/www.gogreen.si\/index.php?rest_route=%2Fwp%2Fv2%2Ftags&post=146"}],"curies":[{"name":"wp","href":"https:\/\/api.w.org\/{rel}","templated":true}]}}