{"id":145,"date":"2009-03-15T10:43:00","date_gmt":"2009-03-15T09:43:00","guid":{"rendered":"https:\/\/www.walk.si\/uncategorized\/el-cubo-del-vino-roales-del-pan\/"},"modified":"2009-03-15T10:43:00","modified_gmt":"2009-03-15T09:43:00","slug":"el-cubo-del-vino-roales-del-pan","status":"publish","type":"post","link":"https:\/\/www.gogreen.si\/?p=145","title":{"rendered":"El Cubo del Vino &#8211; Roales del Pan"},"content":{"rendered":"<div style=\"clear: both; text-align: center;\"><a href=\"http:\/\/3.bp.blogspot.com\/_wfRQwsEuJjI\/TSHACFj3FkI\/AAAAAAAABhU\/R6MdlAjFeXI\/s1600\/IMG_5995.jpg\" style=\"clear: left; float: left; margin-bottom: 1em; margin-right: 1em;\"><img loading=\"lazy\" decoding=\"async\" border=\"0\" height=\"213\" src=\"http:\/\/3.bp.blogspot.com\/_wfRQwsEuJjI\/TSHACFj3FkI\/AAAAAAAABhU\/R6MdlAjFeXI\/s320\/IMG_5995.jpg\" width=\"320\" \/><\/a><\/div>\n<p>Danes naj bi prehodil 32km do Zamore, toda ker se \u017eelim mestom izogniti, in jutri\u0161njo 40km etapo skraj\u0161ati, bom pot poskusil podalj\u0161ati za 6km, do Roales.<br \/>Alberge, kjer sva prespala z Gottfriedom, je \u010dist, s kuhinjo in 12 le\u017ei\u0161\u010di. Cena je nekoliko vi\u0161ja, na ra\u010dun \u010distih rjuh &#8211; le kdo jih potrebuje?<br \/>Danes je za bujenje skrbel Nemec in sicer ob 6:15.<br \/>Po kraj\u0161em zajtrku se odpraviva v mrzlo jutro. Ura je \u0161e zgodnja in kar nekaj \u010dasa sonce \u0161e ne bo pokukalo izza hribov. Kljub rokavicam in kapi je po\u0161teno mrzlo.<br \/>Naselje je majhno, zato se prav hitro ponovno znajdeva ob opu\u0161\u010deni \u017eelezni\u0161ki progi. Sonce prav po\u010dasi pokua izza hribov in pti\u010di pri\u010dnejo prepevati. Kmalu se bo segrelo. Malo postanem, se razgledam in se prepustim u\u017eitkom. Gottfried gre naprej, saj ga zanimajo le mesta in stvaritve, ki jih je postavil \u010dlovek. Na Camino pa\u010d hodimo z razli\u010dnimi razlogi.<br \/>Pot danes za\u010duda ne poteka v celoti po ravni \u010drti in tudi asfalta je je nekaj metrov. Po prvi tretjini poti pre\u010dkam Villanueva de Campe\u00e1n, naslednji kraj pa je Zamora. Na tem delu sre\u010dam Gottfrieda, po\u010divati v senci. Tu ga prehitim in do Zamore se ne sre\u010dava ve\u010d.<br \/>Zamora je bistveno manj\u0161a kot Salamanca in po moji prvi oceni starej\u0161a. Pri lokalnih policistih sku\u0161am dobiti informacije o 5km oddaljenem Roalesu, a nimajo pojma. Na telefonski \u0161tevilki mestne hi\u0161e pa se tudi nih\u010de ne javi. Verjetno bo za to kriva nedelja. V knjigi pi\u0161e, da alberge je, na seznamu Alvip pa ga ni. Vseeno bom poskusil sre\u010do. V najslab\u0161em primeru bom moral od Roalesa prehoditi \u0161e 12km.<br \/>V Zamori si v prvi pasteleriji kupim nekaj dobrot in v sladkorju pra\u017eene mandlje. Nakupu sledi pohod proti dana\u0161nji kon\u010dni postaji.<br \/>Pot mine hitro, mimo gradbi\u0161\u010da nove avtoceste, kjer je ponovno nekaj zme\u0161njave z oznakami in \u017ee stojim pred mestno hi\u0161o v lovu na klju\u010de. Stare \u017eeni\u010dke, ki posedajo na klopeh me napotijo v sosednjo hi\u0161o, kjer mi gospa iz Ayuntamienta prinese \u0161op klju\u010dev. Napoti me na glav o cesto v stavbo Salon Municipal Roales.<br \/>Kmalu se znajdem pred velikimi \u017eeleznimi vrati. Ko odprem, sledi presene\u010denje, saj stopim v prazen prostor 15x15m z odrom in mizo na njem.<br \/>Na dvori\u0161\u010du je za drugimi \u017eeleznimi vrati strani\u0161\u010de in kopalnica z ledeno mrzlo vodo.<br \/>Na odru si torej posteljem z edinima dvema umazanima blazinama in se prav na hitro umijem.<br \/>Tu so v nedeljo zaprte vse trgovine, restavracije v tem naselju ni, najdem le bar, kjer si za ve\u010derjo privo\u0161\u010dim sendvi\u010d in kos tople tortille patate.<br \/>Sedaj si bom za kak\u0161no urico pri\u0161gal plinski grelnik, kakr\u0161nega sre\u010damo pri nas pozimi na stojnicah in se pripravil na spanje.<\/p>\n","protected":false},"excerpt":{"rendered":"<p>Danes naj bi prehodil 32km do Zamore, toda ker se \u017eelim mestom izogniti, in jutri\u0161njo 40km etapo skraj\u0161ati, bom pot poskusil podalj\u0161ati za 6km, do Roales.Alberge, kjer sva prespala z Gottfriedom, je \u010dist, s kuhinjo in 12 le\u017ei\u0161\u010di. Cena je nekoliko vi\u0161ja, na ra\u010dun \u010distih rjuh &#8211; le kdo jih potrebuje?Danes je za bujenje skrbel [&hellip;]<\/p>\n","protected":false},"author":1,"featured_media":0,"comment_status":"open","ping_status":"open","sticky":false,"template":"","format":"standard","meta":{"site-sidebar-layout":"default","site-content-layout":"","ast-site-content-layout":"","site-content-style":"default","site-sidebar-style":"default","ast-global-header-display":"","ast-banner-title-visibility":"","ast-main-header-display":"","ast-hfb-above-header-display":"","ast-hfb-below-header-display":"","ast-hfb-mobile-header-display":"","site-post-title":"","ast-breadcrumbs-content":"","ast-featured-img":"","footer-sml-layout":"","theme-transparent-header-meta":"","adv-header-id-meta":"","stick-header-meta":"","header-above-stick-meta":"","header-main-stick-meta":"","header-below-stick-meta":"","astra-migrate-meta-layouts":"default","ast-page-background-enabled":"default","ast-page-background-meta":{"desktop":{"background-color":"var(--ast-global-color-4)","background-image":"","background-repeat":"repeat","background-position":"center center","background-size":"auto","background-attachment":"scroll","background-type":"","background-media":"","overlay-type":"","overlay-color":"","overlay-opacity":"","overlay-gradient":""},"tablet":{"background-color":"","background-image":"","background-repeat":"repeat","background-position":"center center","background-size":"auto","background-attachment":"scroll","background-type":"","background-media":"","overlay-type":"","overlay-color":"","overlay-opacity":"","overlay-gradient":""},"mobile":{"background-color":"","background-image":"","background-repeat":"repeat","background-position":"center center","background-size":"auto","background-attachment":"scroll","background-type":"","background-media":"","overlay-type":"","overlay-color":"","overlay-opacity":"","overlay-gradient":""}},"ast-content-background-meta":{"desktop":{"background-color":"var(--ast-global-color-5)","background-image":"","background-repeat":"repeat","background-position":"center center","background-size":"auto","background-attachment":"scroll","background-type":"","background-media":"","overlay-type":"","overlay-color":"","overlay-opacity":"","overlay-gradient":""},"tablet":{"background-color":"var(--ast-global-color-5)","background-image":"","background-repeat":"repeat","background-position":"center center","background-size":"auto","background-attachment":"scroll","background-type":"","background-media":"","overlay-type":"","overlay-color":"","overlay-opacity":"","overlay-gradient":""},"mobile":{"background-color":"var(--ast-global-color-5)","background-image":"","background-repeat":"repeat","background-position":"center center","background-size":"auto","background-attachment":"scroll","background-type":"","background-media":"","overlay-type":"","overlay-color":"","overlay-opacity":"","overlay-gradient":""}},"footnotes":""},"categories":[6,14,68],"tags":[],"class_list":["post-145","post","type-post","status-publish","format-standard","hentry","category-camino","category-trekking","category-camino-via-de-la-plata-2009"],"aioseo_notices":[],"_links":{"self":[{"href":"https:\/\/www.gogreen.si\/index.php?rest_route=\/wp\/v2\/posts\/145","targetHints":{"allow":["GET"]}}],"collection":[{"href":"https:\/\/www.gogreen.si\/index.php?rest_route=\/wp\/v2\/posts"}],"about":[{"href":"https:\/\/www.gogreen.si\/index.php?rest_route=\/wp\/v2\/types\/post"}],"author":[{"embeddable":true,"href":"https:\/\/www.gogreen.si\/index.php?rest_route=\/wp\/v2\/users\/1"}],"replies":[{"embeddable":true,"href":"https:\/\/www.gogreen.si\/index.php?rest_route=%2Fwp%2Fv2%2Fcomments&post=145"}],"version-history":[{"count":0,"href":"https:\/\/www.gogreen.si\/index.php?rest_route=\/wp\/v2\/posts\/145\/revisions"}],"wp:attachment":[{"href":"https:\/\/www.gogreen.si\/index.php?rest_route=%2Fwp%2Fv2%2Fmedia&parent=145"}],"wp:term":[{"taxonomy":"category","embeddable":true,"href":"https:\/\/www.gogreen.si\/index.php?rest_route=%2Fwp%2Fv2%2Fcategories&post=145"},{"taxonomy":"post_tag","embeddable":true,"href":"https:\/\/www.gogreen.si\/index.php?rest_route=%2Fwp%2Fv2%2Ftags&post=145"}],"curies":[{"name":"wp","href":"https:\/\/api.w.org\/{rel}","templated":true}]}}