{"id":144,"date":"2009-03-16T16:05:00","date_gmt":"2009-03-16T15:05:00","guid":{"rendered":"https:\/\/www.walk.si\/uncategorized\/roales-del-pan-granja-de-moreruela\/"},"modified":"2009-03-16T16:05:00","modified_gmt":"2009-03-16T15:05:00","slug":"roales-del-pan-granja-de-moreruela","status":"publish","type":"post","link":"https:\/\/www.gogreen.si\/?p=144","title":{"rendered":"Roales del Pan &#8211; Granja de Moreruela"},"content":{"rendered":"<div style=\"clear: both; text-align: center;\"><a href=\"http:\/\/1.bp.blogspot.com\/_wfRQwsEuJjI\/TSHAFMzBqXI\/AAAAAAAABh0\/49MtlORLGA4\/s1600\/IMG_6131.jpg\" style=\"clear: left; float: left; margin-bottom: 1em; margin-right: 1em;\"><img loading=\"lazy\" decoding=\"async\" border=\"0\" height=\"213\" src=\"http:\/\/1.bp.blogspot.com\/_wfRQwsEuJjI\/TSHAFMzBqXI\/AAAAAAAABh0\/49MtlORLGA4\/s320\/IMG_6131.jpg\" width=\"320\" \/><\/a><\/div>\n<p>V\u010deraj se mi je izpolnila \u017eelja, da bi enkrat spal v -ta pravem albergu-. Druga \u017eelja, da bi enkrat na Caminu spal na prostem pa upam da se mi izpolni enkrat, ko bo zjutraj vsaj 10 stopinj ve\u010d.<br \/>Dvo centimeterski blazini pono\u010di nista nudili ne vem kak\u0161nega udobja, prostor pa se je prav lepo segrel in ko sem zjutraj stopil ven, me je po\u0161teno zmrazilo. Po\u010dakal bom vsaj \u0161e do osmih, da bo vz\u0161lo sonce.<br \/>Zaklenem velika \u017eelezna vrata in se sprehodim do nabiralnika mestne hi\u0161e, da vrnem klju\u010de. Seveda ob tej -zgodnji- uri ni \u0161e nikjer nikogar. Tu in tam kak\u0161en avtomobil.<br \/>Pot do Montamarte poteka, le kje drugje, po dolgi ravni makedamski poti, ki ji ni videti konca. Po treh urah se le prika\u017eejo hi\u0161e. Pot poteka skozi naselje, toda nikjer ne zasledim trgovine. Z iskanjem pa tudi ne bom izgubljal \u010dasa. Moje zaloge v nahrbtniku se bli\u017eajo koncu. Imam \u0161e pol vre\u010dke v sladkorju pra\u017eenih mandljev, \u010de temu lahko re\u010dem hrana, dva dni star kruh in nekaj sadja ter makaronov, ki pa jih ne\u017eelim jesti surovih. Zato pa je nahrbtnik kljub obilici vode peresno lahek ve\u010d kot 14kg zagotovo nima.<br \/>Pot mimo jezera in reke vijuga levo in desno. Naredim 5km a se ne premaknem nikamor. \u0160e vedno vidim pot, po kateri sem hodil pred ve\u010d kot eno uro.<br \/>7km pred ciljem se ustavim v baru, da nekaj pojem. Zaloge so skopnele, v vasi pa je ob 16h \u0161e siesta in trgovine so zaprte. Mislim, da je to prvi bar, v katerem bom malical. Ali pa drugi. Ne spomnim se ve\u010d. Na splo\u0161no se jim izogibam, prav tako restavracijam.<br \/>Pot je danes sicer dolga, a prav ni\u010d zanimiva, zato nimam o ni\u010demer pisati.<br \/>Danes je moj zadnji dan na Caminu Via de la plata, ki se zaklju\u010di v Arbas de Puerto. Jutri se pot razcepi in nadaljujem po Camino Moz\u00e1rabe oz. Camino de Fonseca. Podatki so na vsaki info tabli ali knjigi druga\u010dni. Ko pridem domov bom zadevi poskusil priti do dna.<br \/>Vsekakor se la\u017eji del poti \u010dez nekaj dni zaklju\u010di in ostane \u0161e zadnja tretjina gorskega Camina.<\/p>\n","protected":false},"excerpt":{"rendered":"<p>V\u010deraj se mi je izpolnila \u017eelja, da bi enkrat spal v -ta pravem albergu-. Druga \u017eelja, da bi enkrat na Caminu spal na prostem pa upam da se mi izpolni enkrat, ko bo zjutraj vsaj 10 stopinj ve\u010d.Dvo centimeterski blazini pono\u010di nista nudili ne vem kak\u0161nega udobja, prostor pa se je prav lepo segrel in [&hellip;]<\/p>\n","protected":false},"author":1,"featured_media":0,"comment_status":"open","ping_status":"open","sticky":false,"template":"","format":"standard","meta":{"site-sidebar-layout":"default","site-content-layout":"","ast-site-content-layout":"","site-content-style":"default","site-sidebar-style":"default","ast-global-header-display":"","ast-banner-title-visibility":"","ast-main-header-display":"","ast-hfb-above-header-display":"","ast-hfb-below-header-display":"","ast-hfb-mobile-header-display":"","site-post-title":"","ast-breadcrumbs-content":"","ast-featured-img":"","footer-sml-layout":"","theme-transparent-header-meta":"","adv-header-id-meta":"","stick-header-meta":"","header-above-stick-meta":"","header-main-stick-meta":"","header-below-stick-meta":"","astra-migrate-meta-layouts":"default","ast-page-background-enabled":"default","ast-page-background-meta":{"desktop":{"background-color":"var(--ast-global-color-4)","background-image":"","background-repeat":"repeat","background-position":"center center","background-size":"auto","background-attachment":"scroll","background-type":"","background-media":"","overlay-type":"","overlay-color":"","overlay-opacity":"","overlay-gradient":""},"tablet":{"background-color":"","background-image":"","background-repeat":"repeat","background-position":"center center","background-size":"auto","background-attachment":"scroll","background-type":"","background-media":"","overlay-type":"","overlay-color":"","overlay-opacity":"","overlay-gradient":""},"mobile":{"background-color":"","background-image":"","background-repeat":"repeat","background-position":"center center","background-size":"auto","background-attachment":"scroll","background-type":"","background-media":"","overlay-type":"","overlay-color":"","overlay-opacity":"","overlay-gradient":""}},"ast-content-background-meta":{"desktop":{"background-color":"var(--ast-global-color-5)","background-image":"","background-repeat":"repeat","background-position":"center center","background-size":"auto","background-attachment":"scroll","background-type":"","background-media":"","overlay-type":"","overlay-color":"","overlay-opacity":"","overlay-gradient":""},"tablet":{"background-color":"var(--ast-global-color-5)","background-image":"","background-repeat":"repeat","background-position":"center center","background-size":"auto","background-attachment":"scroll","background-type":"","background-media":"","overlay-type":"","overlay-color":"","overlay-opacity":"","overlay-gradient":""},"mobile":{"background-color":"var(--ast-global-color-5)","background-image":"","background-repeat":"repeat","background-position":"center center","background-size":"auto","background-attachment":"scroll","background-type":"","background-media":"","overlay-type":"","overlay-color":"","overlay-opacity":"","overlay-gradient":""}},"footnotes":""},"categories":[6,14,68],"tags":[],"class_list":["post-144","post","type-post","status-publish","format-standard","hentry","category-camino","category-trekking","category-camino-via-de-la-plata-2009"],"aioseo_notices":[],"_links":{"self":[{"href":"https:\/\/www.gogreen.si\/index.php?rest_route=\/wp\/v2\/posts\/144","targetHints":{"allow":["GET"]}}],"collection":[{"href":"https:\/\/www.gogreen.si\/index.php?rest_route=\/wp\/v2\/posts"}],"about":[{"href":"https:\/\/www.gogreen.si\/index.php?rest_route=\/wp\/v2\/types\/post"}],"author":[{"embeddable":true,"href":"https:\/\/www.gogreen.si\/index.php?rest_route=\/wp\/v2\/users\/1"}],"replies":[{"embeddable":true,"href":"https:\/\/www.gogreen.si\/index.php?rest_route=%2Fwp%2Fv2%2Fcomments&post=144"}],"version-history":[{"count":0,"href":"https:\/\/www.gogreen.si\/index.php?rest_route=\/wp\/v2\/posts\/144\/revisions"}],"wp:attachment":[{"href":"https:\/\/www.gogreen.si\/index.php?rest_route=%2Fwp%2Fv2%2Fmedia&parent=144"}],"wp:term":[{"taxonomy":"category","embeddable":true,"href":"https:\/\/www.gogreen.si\/index.php?rest_route=%2Fwp%2Fv2%2Fcategories&post=144"},{"taxonomy":"post_tag","embeddable":true,"href":"https:\/\/www.gogreen.si\/index.php?rest_route=%2Fwp%2Fv2%2Ftags&post=144"}],"curies":[{"name":"wp","href":"https:\/\/api.w.org\/{rel}","templated":true}]}}