{"id":143,"date":"2009-03-17T11:01:00","date_gmt":"2009-03-17T10:01:00","guid":{"rendered":"https:\/\/www.walk.si\/uncategorized\/granja-de-moreruela-tabara\/"},"modified":"2009-03-17T11:01:00","modified_gmt":"2009-03-17T10:01:00","slug":"granja-de-moreruela-tabara","status":"publish","type":"post","link":"https:\/\/www.gogreen.si\/?p=143","title":{"rendered":"Granja de Moreruela &#8211; T\u00e1bara"},"content":{"rendered":"<div style=\"clear: both; text-align: center;\"><a href=\"http:\/\/3.bp.blogspot.com\/_wfRQwsEuJjI\/TSHAI9OXXYI\/AAAAAAAABic\/dGS_4VDxgVo\/s1600\/IMG_6220.jpg\" style=\"clear: left; float: left; margin-bottom: 1em; margin-right: 1em;\"><img loading=\"lazy\" decoding=\"async\" border=\"0\" height=\"213\" src=\"http:\/\/3.bp.blogspot.com\/_wfRQwsEuJjI\/TSHAI9OXXYI\/AAAAAAAABic\/dGS_4VDxgVo\/s320\/IMG_6220.jpg\" width=\"320\" \/><\/a><\/div>\n<p>Danes sem no\u010d podalj\u0161al, saj je kilometrov manj in se mi nikamor ne mudi. Za zajtrk ni primernega prostora, zato bom pojedel, ko pridem iz naselja. Ko odhajam, se kolesar, ki se mi je v\u010deraj popoldne pridru\u017eil, ravno prebuja. Ker ni ravno dru\u017eabne sorte &#8211; pa sem mislil, da sem sam tak, se le na hitro posloviva.<br \/>V\u010deraj sem natakarico v sosednjem baru, ki je tudi skrbnica hstla spra\u0161eal o 4km oddaljenih ru\u0161evinah Monasteria de Moreruela. Razlo\u017ei mi, da bo jutri (danes) zaprt, ker je torek in \u010de bi prej vedela, da me zanima, bi me z avtom peljala do tam.<br \/>Pot se na kri\u017ei\u0161\u010du razcepi in odpravim se proti zahodu. Moje prvo spoznanje je bilo: Kje so pa oznake? Razgledam se naokrog in ker ni ni\u010desar, se dr\u017eim pravila. \u010ce ni druga\u010de nakazano, gre\u0161 naravnost. A \u017ee \u010dez nekaj trenutkov za mano nekdo kri\u010di. Obrnem se, da vidim kaj dogaja in na kri\u017ei\u0161\u010du zgledam staro pastirico brez zob, ki mi maha. Grem do nje, in mi za\u010dne na dolgo in \u0161iroko nekaj razlagati. Tudi \u010de bi znal odli\u010dno \u0160pansko, ne vem koliko bi jo razumel. Nekako se le dogovoriva, da je Camino na desno in ne naravnost.<br \/>Tudi na drugih kri\u017ei\u0161\u010dih so razmere podobne. Pu\u0161\u010dic ni, ali pa so tam le bledi ostanki. Celo lisica, ki jo sre\u010dam izgleda nekam zgubljeno&#8230; Samo dokler me ne opazi, nato ostane za njo le oblak prahu.<br \/>Pot se strmo spusti do reke oz. jezera, \u010dez katero je speljan star most. Tu Camino nekaj \u010dasa vodi ob vodi, kasneje pa se prav tako kot se je spustil, hitro dvigne.<br \/>Tu me dohiti Nemka, ki si ravno pripravlja dalj\u0161i postanek, zato odhitim dalje. Ponovno sem na starih dobrih ravnih poteh, ki jim ni videti konca.<br \/>Po malici me pred kon\u010dnim ciljem \u010daka le \u0161e Faramontanos de T\u00e1bara.<br \/>Pred ciljem nekoliko zgre\u0161im pravo pot, zato moram zadnji kilometer prehoditi po asfaltu.<br \/>Alberge se nahaja na koncu naselja in ker ni odklenjen, moram najti klju\u010de. Po posvetu z bli\u017enjimi doma\u010dini mi le uspe.<br \/>Kmalu za mano pride tudi Daniela, ki je 15 let bivala v \u0160paniji, hodila v francosko \u0161olo, \u017eivi pa v Nem\u010diji ter dela v razvoju znane tovarne letal kot projektni vodja. Po kon\u010danih obveznih opravilih &#8211; tu\u0161iranje, pranje perila&#8230; se odpraviva v center po nakupih in na pija\u010do. Tu smo kar naenkrat z vsemi prijatli, nosijo nama pija\u010do, da se nazadnje komaj izmuzneva iz bara. Tu v \u0160paniji se vse \u017eivljenje odvija v barih. \u010ce sta na kupu cerkev in bar, je to vas, \u010de pa je vsakega po dvoje, se temu re\u010de mesto, mi razlaga Daniela.<br \/>Ve\u010derjo si skuhava sama in ker je ura \u017ee veliko, prav hitro pospraviva posodo in odideva spat.<br \/>&#8212;<br \/>Sonja, upam, da se res prav kmalu vidimo na kak\u0161nem pohodu. Glede pisanja pa vidi\u0161, da se tudi meni v\u010dasih ne da, in je vse skupaj bolj kratko in zmedeno napisano \ud83d\ude42<br \/>&#8212;<br \/>\u017dika, res u\u017eivam v naravi, zaradi lednega plezanja pa je tudi meni malo \u017eal, ampak saj bo \u0161e veliko prilo\u017enosti.<\/p>\n","protected":false},"excerpt":{"rendered":"<p>Danes sem no\u010d podalj\u0161al, saj je kilometrov manj in se mi nikamor ne mudi. Za zajtrk ni primernega prostora, zato bom pojedel, ko pridem iz naselja. Ko odhajam, se kolesar, ki se mi je v\u010deraj popoldne pridru\u017eil, ravno prebuja. Ker ni ravno dru\u017eabne sorte &#8211; pa sem mislil, da sem sam tak, se le na [&hellip;]<\/p>\n","protected":false},"author":1,"featured_media":0,"comment_status":"open","ping_status":"open","sticky":false,"template":"","format":"standard","meta":{"site-sidebar-layout":"default","site-content-layout":"","ast-site-content-layout":"","site-content-style":"default","site-sidebar-style":"default","ast-global-header-display":"","ast-banner-title-visibility":"","ast-main-header-display":"","ast-hfb-above-header-display":"","ast-hfb-below-header-display":"","ast-hfb-mobile-header-display":"","site-post-title":"","ast-breadcrumbs-content":"","ast-featured-img":"","footer-sml-layout":"","theme-transparent-header-meta":"","adv-header-id-meta":"","stick-header-meta":"","header-above-stick-meta":"","header-main-stick-meta":"","header-below-stick-meta":"","astra-migrate-meta-layouts":"default","ast-page-background-enabled":"default","ast-page-background-meta":{"desktop":{"background-color":"var(--ast-global-color-4)","background-image":"","background-repeat":"repeat","background-position":"center center","background-size":"auto","background-attachment":"scroll","background-type":"","background-media":"","overlay-type":"","overlay-color":"","overlay-opacity":"","overlay-gradient":""},"tablet":{"background-color":"","background-image":"","background-repeat":"repeat","background-position":"center center","background-size":"auto","background-attachment":"scroll","background-type":"","background-media":"","overlay-type":"","overlay-color":"","overlay-opacity":"","overlay-gradient":""},"mobile":{"background-color":"","background-image":"","background-repeat":"repeat","background-position":"center center","background-size":"auto","background-attachment":"scroll","background-type":"","background-media":"","overlay-type":"","overlay-color":"","overlay-opacity":"","overlay-gradient":""}},"ast-content-background-meta":{"desktop":{"background-color":"var(--ast-global-color-5)","background-image":"","background-repeat":"repeat","background-position":"center center","background-size":"auto","background-attachment":"scroll","background-type":"","background-media":"","overlay-type":"","overlay-color":"","overlay-opacity":"","overlay-gradient":""},"tablet":{"background-color":"var(--ast-global-color-5)","background-image":"","background-repeat":"repeat","background-position":"center center","background-size":"auto","background-attachment":"scroll","background-type":"","background-media":"","overlay-type":"","overlay-color":"","overlay-opacity":"","overlay-gradient":""},"mobile":{"background-color":"var(--ast-global-color-5)","background-image":"","background-repeat":"repeat","background-position":"center center","background-size":"auto","background-attachment":"scroll","background-type":"","background-media":"","overlay-type":"","overlay-color":"","overlay-opacity":"","overlay-gradient":""}},"footnotes":""},"categories":[6,14,68],"tags":[],"class_list":["post-143","post","type-post","status-publish","format-standard","hentry","category-camino","category-trekking","category-camino-via-de-la-plata-2009"],"aioseo_notices":[],"_links":{"self":[{"href":"https:\/\/www.gogreen.si\/index.php?rest_route=\/wp\/v2\/posts\/143","targetHints":{"allow":["GET"]}}],"collection":[{"href":"https:\/\/www.gogreen.si\/index.php?rest_route=\/wp\/v2\/posts"}],"about":[{"href":"https:\/\/www.gogreen.si\/index.php?rest_route=\/wp\/v2\/types\/post"}],"author":[{"embeddable":true,"href":"https:\/\/www.gogreen.si\/index.php?rest_route=\/wp\/v2\/users\/1"}],"replies":[{"embeddable":true,"href":"https:\/\/www.gogreen.si\/index.php?rest_route=%2Fwp%2Fv2%2Fcomments&post=143"}],"version-history":[{"count":0,"href":"https:\/\/www.gogreen.si\/index.php?rest_route=\/wp\/v2\/posts\/143\/revisions"}],"wp:attachment":[{"href":"https:\/\/www.gogreen.si\/index.php?rest_route=%2Fwp%2Fv2%2Fmedia&parent=143"}],"wp:term":[{"taxonomy":"category","embeddable":true,"href":"https:\/\/www.gogreen.si\/index.php?rest_route=%2Fwp%2Fv2%2Fcategories&post=143"},{"taxonomy":"post_tag","embeddable":true,"href":"https:\/\/www.gogreen.si\/index.php?rest_route=%2Fwp%2Fv2%2Ftags&post=143"}],"curies":[{"name":"wp","href":"https:\/\/api.w.org\/{rel}","templated":true}]}}