{"id":142,"date":"2009-03-18T11:09:00","date_gmt":"2009-03-18T10:09:00","guid":{"rendered":"https:\/\/www.walk.si\/uncategorized\/tabara-santa-marta-de-tera\/"},"modified":"2009-03-18T11:09:00","modified_gmt":"2009-03-18T10:09:00","slug":"tabara-santa-marta-de-tera","status":"publish","type":"post","link":"https:\/\/www.gogreen.si\/?p=142","title":{"rendered":"T\u00e1bara &#8211; Santa Marta de Tera"},"content":{"rendered":"<div style=\"clear: both; text-align: center;\"><a href=\"http:\/\/1.bp.blogspot.com\/_wfRQwsEuJjI\/TSHAMWw185I\/AAAAAAAABjE\/K1Uqg77N5hI\/s1600\/IMG_6310.jpg\" style=\"clear: left; float: left; margin-bottom: 1em; margin-right: 1em;\"><img loading=\"lazy\" decoding=\"async\" border=\"0\" height=\"213\" src=\"http:\/\/1.bp.blogspot.com\/_wfRQwsEuJjI\/TSHAMWw185I\/AAAAAAAABjE\/K1Uqg77N5hI\/s320\/IMG_6310.jpg\" width=\"320\" \/><\/a><\/div>\n<p>Pot bo kratka, le 24km in temu primerno pozno vstanem. Pripravim si zajtrk, Daniela pa v tem \u010dasu \u017ee odide na pot. Prehoditi \u017eeli okrog 40km.<br \/>Ob osmih je sonce \u017ee kar visoko a zunaj ni ve\u010d kot 5 stopinj. Oznake poti so \u0161e vedno slabe, ponekod dvoumne, kar je \u0161e slab\u0161e. Naselja se prav kmalu znebim in znajdem se na neki novi makedamski cesti. Tu so pu\u0161\u010dice dvojne in vsake vodijo v drugo smer. Odlo\u010dim se za desne in kmalu se znajdem med drevesi in grmovjem. Vseeno nadaljujem v za\u010deti smeri in \u010dez kak\u0161en kilometer se izka\u017ee, da sem le prispel na stezo, kjer so oznake dovolj jasne.<br \/>Dan je ponovno son\u010den, brez obla\u010dka, kot \u017ee zadnjih nekaj dni. Pot je pra\u0161na in hla\u010d niti ne perem ve\u010d, saj so po eni uri hoje enako zapra\u0161ene kot pred pranjem.<br \/>Nahrbtnk je zaradi veliko vode ponovno te\u017eak in jutri bo \u0161e te\u017eji, saj imajo \u0160panci enega ve\u010djih praznikov in bo vse zaprto. \u0160e dobro, da sem zvedel za ta praznk.<br \/>Do prvega naselja &#8211; Bercianos de Valverde je 14km in pot se le vsakih nekaj kilometrov rahlo dvigne ali spusti. Prav dale\u010d nekje pa se \u017ee vidi hribovje. V naslednjih dveh dneh se bo pot le rahlo povzpela, kasneje pa bomo \u0161e videli, kaj me \u010daka. Vsekakor obilica novih do\u017eivetij.<br \/>Pribli\u017eno na polovici poti si privo\u0161\u010dim dalj\u0161i oddih in malico oz. kosilo. Malo \u0161e posedim v travi in u\u017eivam v ti\u0161ini, ki jo tu in tam prekine kak\u0161en pti\u010d.<br \/>V naselju pot pre\u010dka reko in se nadaljuje med drevesi, ki so jih pred kratkim posadili. Tu se dvignem za okrog 50 metrov in ponovno nadaljujem po klasi\u010dni poti, ki ji ni videti konca.<br \/>V Santa Croya de Tera pridem \u017ee okrog 15h in v naselju je zaradi popoldanskega po\u010ditka vse mirno. Ogovori me lea sratea \u017eenska, ki mi razlaga, naj ne ostanem v tem albergu, ampak naj grem do naslednjega v Santa Marto de Tera. Tudi moj prvotni namen je bil tak, saj me jutri \u017ee tako \u010daka 36km. Pravi, da je precej cenej\u0161i kot ta, med njima pa je vsega skupaj le 2km razlike.<br \/>Na kon\u010dnem cilju se znajdem v manj kot pol ure in v baru, kjer po\u017eigosam dnevnik, dobim tudi klju\u010de alberga, ki je na glavnem trgu. Ni ni\u010d posebnega, prej slab kot dober. V prostoru je zelo mrzlo, ni kuhinje, voda je topla in v kotu se skriva mikrovalovna pe\u010dica. Naselje ima 2 bara, cerkev in okrog 30 hi\u0161.<br \/>Popoldne si v mikrovalovni pe\u010dici pripravim ve\u010derjo, uredim stvari za jutri\u0161jo pot in nakupim precej\u0161nje koli\u010dine hrane za dva dni v bli\u017enji trgovini, ki je precej za \u010dasom.<br \/>Zve\u010der se pripeljejo trije kolesarji, a si ob ogledu alberga premislijo in se odpravijo kilometer nazaj, v privatni hostel. Tudi v redu, bom lahko zjutraj v miru ropotal.<\/p>\n","protected":false},"excerpt":{"rendered":"<p>Pot bo kratka, le 24km in temu primerno pozno vstanem. Pripravim si zajtrk, Daniela pa v tem \u010dasu \u017ee odide na pot. Prehoditi \u017eeli okrog 40km.Ob osmih je sonce \u017ee kar visoko a zunaj ni ve\u010d kot 5 stopinj. Oznake poti so \u0161e vedno slabe, ponekod dvoumne, kar je \u0161e slab\u0161e. Naselja se prav kmalu [&hellip;]<\/p>\n","protected":false},"author":1,"featured_media":0,"comment_status":"open","ping_status":"open","sticky":false,"template":"","format":"standard","meta":{"site-sidebar-layout":"default","site-content-layout":"","ast-site-content-layout":"","site-content-style":"default","site-sidebar-style":"default","ast-global-header-display":"","ast-banner-title-visibility":"","ast-main-header-display":"","ast-hfb-above-header-display":"","ast-hfb-below-header-display":"","ast-hfb-mobile-header-display":"","site-post-title":"","ast-breadcrumbs-content":"","ast-featured-img":"","footer-sml-layout":"","theme-transparent-header-meta":"","adv-header-id-meta":"","stick-header-meta":"","header-above-stick-meta":"","header-main-stick-meta":"","header-below-stick-meta":"","astra-migrate-meta-layouts":"default","ast-page-background-enabled":"default","ast-page-background-meta":{"desktop":{"background-color":"var(--ast-global-color-4)","background-image":"","background-repeat":"repeat","background-position":"center center","background-size":"auto","background-attachment":"scroll","background-type":"","background-media":"","overlay-type":"","overlay-color":"","overlay-opacity":"","overlay-gradient":""},"tablet":{"background-color":"","background-image":"","background-repeat":"repeat","background-position":"center center","background-size":"auto","background-attachment":"scroll","background-type":"","background-media":"","overlay-type":"","overlay-color":"","overlay-opacity":"","overlay-gradient":""},"mobile":{"background-color":"","background-image":"","background-repeat":"repeat","background-position":"center center","background-size":"auto","background-attachment":"scroll","background-type":"","background-media":"","overlay-type":"","overlay-color":"","overlay-opacity":"","overlay-gradient":""}},"ast-content-background-meta":{"desktop":{"background-color":"var(--ast-global-color-5)","background-image":"","background-repeat":"repeat","background-position":"center center","background-size":"auto","background-attachment":"scroll","background-type":"","background-media":"","overlay-type":"","overlay-color":"","overlay-opacity":"","overlay-gradient":""},"tablet":{"background-color":"var(--ast-global-color-5)","background-image":"","background-repeat":"repeat","background-position":"center center","background-size":"auto","background-attachment":"scroll","background-type":"","background-media":"","overlay-type":"","overlay-color":"","overlay-opacity":"","overlay-gradient":""},"mobile":{"background-color":"var(--ast-global-color-5)","background-image":"","background-repeat":"repeat","background-position":"center center","background-size":"auto","background-attachment":"scroll","background-type":"","background-media":"","overlay-type":"","overlay-color":"","overlay-opacity":"","overlay-gradient":""}},"footnotes":""},"categories":[6,14,68],"tags":[],"class_list":["post-142","post","type-post","status-publish","format-standard","hentry","category-camino","category-trekking","category-camino-via-de-la-plata-2009"],"aioseo_notices":[],"_links":{"self":[{"href":"https:\/\/www.gogreen.si\/index.php?rest_route=\/wp\/v2\/posts\/142","targetHints":{"allow":["GET"]}}],"collection":[{"href":"https:\/\/www.gogreen.si\/index.php?rest_route=\/wp\/v2\/posts"}],"about":[{"href":"https:\/\/www.gogreen.si\/index.php?rest_route=\/wp\/v2\/types\/post"}],"author":[{"embeddable":true,"href":"https:\/\/www.gogreen.si\/index.php?rest_route=\/wp\/v2\/users\/1"}],"replies":[{"embeddable":true,"href":"https:\/\/www.gogreen.si\/index.php?rest_route=%2Fwp%2Fv2%2Fcomments&post=142"}],"version-history":[{"count":0,"href":"https:\/\/www.gogreen.si\/index.php?rest_route=\/wp\/v2\/posts\/142\/revisions"}],"wp:attachment":[{"href":"https:\/\/www.gogreen.si\/index.php?rest_route=%2Fwp%2Fv2%2Fmedia&parent=142"}],"wp:term":[{"taxonomy":"category","embeddable":true,"href":"https:\/\/www.gogreen.si\/index.php?rest_route=%2Fwp%2Fv2%2Fcategories&post=142"},{"taxonomy":"post_tag","embeddable":true,"href":"https:\/\/www.gogreen.si\/index.php?rest_route=%2Fwp%2Fv2%2Ftags&post=142"}],"curies":[{"name":"wp","href":"https:\/\/api.w.org\/{rel}","templated":true}]}}