{"id":141,"date":"2009-03-19T17:22:00","date_gmt":"2009-03-19T16:22:00","guid":{"rendered":"https:\/\/www.walk.si\/uncategorized\/santa-marta-de-tera-mombuey\/"},"modified":"2009-03-19T17:22:00","modified_gmt":"2009-03-19T16:22:00","slug":"santa-marta-de-tera-mombuey","status":"publish","type":"post","link":"https:\/\/www.gogreen.si\/?p=141","title":{"rendered":"Santa Marta de Tera &#8211; Mombuey"},"content":{"rendered":"<div style=\"clear: both; text-align: center;\"><a href=\"http:\/\/1.bp.blogspot.com\/_wfRQwsEuJjI\/TSHAOsdC6hI\/AAAAAAAABjc\/DxTnUcZgkXQ\/s1600\/IMG_6363.jpg\" style=\"clear: left; float: left; margin-bottom: 1em; margin-right: 1em;\"><img loading=\"lazy\" decoding=\"async\" border=\"0\" height=\"213\" src=\"http:\/\/1.bp.blogspot.com\/_wfRQwsEuJjI\/TSHAOsdC6hI\/AAAAAAAABjc\/DxTnUcZgkXQ\/s320\/IMG_6363.jpg\" width=\"320\" \/><\/a><\/div>\n<p>V\u010deraj zve\u010der so imeli v stavbi, kjer je tudi aberge, va\u0161\u010dani bojni posvet o dana\u0161njem prazniku. Sredi no\u010di, ob pol desetih sem jim moral odpirati vrata. Komaj sem se spravil iz postelje in spalne vre\u010de, v sp. hla\u010dah do vrat, misle\u010d da je pri\u0161el kak\u0161en reve\u017e, romar spat, pa se pred mano znajde cela mno\u017eica va\u0161\u010danov.Nekaj so se opravi\u010devali, sam pa sem se ponovno posvetil postelji. Pol ure kasneje se je zgodba z zapiranjem vrat ponovila.<br \/>Zjutraj sem preveril termometer in v prostoru, kjer sem spal, je kazal 8\u00b0C. Prav na hitro se oble\u010dem v svojo pohodno opremo, pojem zajtrk in si skuham \u010daj.<br \/>Zunaj me \u010daka \u0161e eno presene\u010denje, saj je vsaj 10 stopinj manj kot v stavbi. Polja in travniki so lepo pobeljena z zmrznjeno roso, iz bli\u017enje reke pa se po\u0161teno kadi. Morda bi si moral poleg zimske kape, rokavic in termo flisa, ki mu veter ne pride do \u017eivega omisliti \u0161e dolge spodnje hla\u010de in majico z dolgimi rokavi. Bom videl, kako bo jutri.<br \/>Malo pred Camarzana de Tera sre\u010dam \u0160panskega pohodnika, s katerim skupaj i\u0161\u010deva pot. Ta je namre\u010d \u0161e vedno oz. vedno slab\u0161e ozna\u010dena.<br \/>V Calzadilla de Tera gre v bar, kjer pije pivo, sam pa \u017eelim priti le do kruha, ki mi ga \u017ee malo primanjkuje. Le smeji se mi, to\u010dajka pae potegne od nekje v\u010deraj\u0161nji kruh. Seveda sem popolnoma zadovoljen, pla\u010dam in nadaljujem pot.<br \/>V Olleros de Tera se pot razcepi levo za kolesarje in desno za pe\u0161ce. Vodi ob reki Tera, dokler ne pride do kri\u017ei\u0161\u010da, kjer so oznake spremenjene. Sledim novim oznakam, ki me privedejo na cesto, predvideno kolesarjem. To mojo dana\u0161njo pot podalj\u0161a za 2km. Cesta pelje \u010dez jez, na drugi strani pa ponovno ob reki proti severozahodu.<br \/>Ves \u010das se po\u010dasi dviga, hribovje iz daljave pa postaja vse bolj resni\u010dno. Jutri je zadnji dan ravnine, nato se pri\u010dne zahtevnej\u0161a zadnja \u010detrtina poti, po hribovju, kjer se bom vzpenjal in spu\u0161\u010dal med 400 in 1400m.<br \/>Na poti do Villar de Farf\u00f3n v daljavi zagledam zajca, ki se ne zmeni zame, saj gleda nekam v tla. Obstanem, on pa kar proti meni. Ko je oddaljen kak\u0161nih 5 metrov, kon\u010dno dvigne glavo, izbuli o\u010di, \u010demur sledi zaj\u010dji rekord v skoku v vi\u0161ino in daljino obenem, potem pa te\u010de v go\u0161\u010davo kot bi mu \u0161lo za \u017eivljenje.<br \/>V vasi mi kmet, ki je kkoko\u0161im ravnokar pokradel vsa jajca, ponudi vodo, saj ni nikjer vodnjaka. V hlevu napolnim \u010dutaro, se mu prav lepo zahvalim in odidem naprej, tako sva oba zadovoljna.<br \/>Po Ri\u00f3negro del Puente imam le \u0161e nekaj kilometrov do cilja toda vro\u010dina je neznosna in zaloge vode hitro kopnijo.<br \/>V naselju si priskrbim klju\u010d in se stu\u0161iram. Med tem pride tudi \u0160panec. Kuhinje ni, zato bom danes na mrzli hrani. Tudi za pridobitev pe\u010data imam nekaj te\u017eav, saj ga alberge nima, ostalo p je po ve\u010dini zaprto. Predlagajo mi neko trgovino, ki se odpre jutri po deveti. Po pregledu mesta pa le najdem odprt bar s pe\u010datom.<br \/>Pozno zve\u010der prispe \u0161e en kolesar, ki za\u010duda odli\u010dno govori angle\u0161ko. Kasneje ugotovim, da je \u017eena s \u010ce\u0161ke in u\u010di angle\u0161\u010dino ter da se mora vseskozi pogovarjati v angle\u0161\u010dini, da ga lahko popravlja.<br \/>Oba kadita kot turka, tudi v albergu, sam pa se mirno sprehodim do okna, ga na ste\u017eaj odprem ter se zavijem v toplo spalno vre\u010do.<br \/>Gosta se kasneje odpravita na ve\u010derjo, toda kmalu prideta nazaj, saj je povsod vse zaprto. Sam medtem potegnem na plano \u0161e preostali kos kruha, ki sem ga dopoldne kupil v baru ter pove\u010derjam, si umijem zobe in odidem spat.<\/p>\n","protected":false},"excerpt":{"rendered":"<p>V\u010deraj zve\u010der so imeli v stavbi, kjer je tudi aberge, va\u0161\u010dani bojni posvet o dana\u0161njem prazniku. Sredi no\u010di, ob pol desetih sem jim moral odpirati vrata. Komaj sem se spravil iz postelje in spalne vre\u010de, v sp. hla\u010dah do vrat, misle\u010d da je pri\u0161el kak\u0161en reve\u017e, romar spat, pa se pred mano znajde cela mno\u017eica [&hellip;]<\/p>\n","protected":false},"author":1,"featured_media":0,"comment_status":"open","ping_status":"open","sticky":false,"template":"","format":"standard","meta":{"site-sidebar-layout":"default","site-content-layout":"","ast-site-content-layout":"","site-content-style":"default","site-sidebar-style":"default","ast-global-header-display":"","ast-banner-title-visibility":"","ast-main-header-display":"","ast-hfb-above-header-display":"","ast-hfb-below-header-display":"","ast-hfb-mobile-header-display":"","site-post-title":"","ast-breadcrumbs-content":"","ast-featured-img":"","footer-sml-layout":"","theme-transparent-header-meta":"","adv-header-id-meta":"","stick-header-meta":"","header-above-stick-meta":"","header-main-stick-meta":"","header-below-stick-meta":"","astra-migrate-meta-layouts":"default","ast-page-background-enabled":"default","ast-page-background-meta":{"desktop":{"background-color":"var(--ast-global-color-4)","background-image":"","background-repeat":"repeat","background-position":"center center","background-size":"auto","background-attachment":"scroll","background-type":"","background-media":"","overlay-type":"","overlay-color":"","overlay-opacity":"","overlay-gradient":""},"tablet":{"background-color":"","background-image":"","background-repeat":"repeat","background-position":"center center","background-size":"auto","background-attachment":"scroll","background-type":"","background-media":"","overlay-type":"","overlay-color":"","overlay-opacity":"","overlay-gradient":""},"mobile":{"background-color":"","background-image":"","background-repeat":"repeat","background-position":"center center","background-size":"auto","background-attachment":"scroll","background-type":"","background-media":"","overlay-type":"","overlay-color":"","overlay-opacity":"","overlay-gradient":""}},"ast-content-background-meta":{"desktop":{"background-color":"var(--ast-global-color-5)","background-image":"","background-repeat":"repeat","background-position":"center center","background-size":"auto","background-attachment":"scroll","background-type":"","background-media":"","overlay-type":"","overlay-color":"","overlay-opacity":"","overlay-gradient":""},"tablet":{"background-color":"var(--ast-global-color-5)","background-image":"","background-repeat":"repeat","background-position":"center center","background-size":"auto","background-attachment":"scroll","background-type":"","background-media":"","overlay-type":"","overlay-color":"","overlay-opacity":"","overlay-gradient":""},"mobile":{"background-color":"var(--ast-global-color-5)","background-image":"","background-repeat":"repeat","background-position":"center center","background-size":"auto","background-attachment":"scroll","background-type":"","background-media":"","overlay-type":"","overlay-color":"","overlay-opacity":"","overlay-gradient":""}},"footnotes":""},"categories":[6,14,68],"tags":[],"class_list":["post-141","post","type-post","status-publish","format-standard","hentry","category-camino","category-trekking","category-camino-via-de-la-plata-2009"],"aioseo_notices":[],"_links":{"self":[{"href":"https:\/\/www.gogreen.si\/index.php?rest_route=\/wp\/v2\/posts\/141","targetHints":{"allow":["GET"]}}],"collection":[{"href":"https:\/\/www.gogreen.si\/index.php?rest_route=\/wp\/v2\/posts"}],"about":[{"href":"https:\/\/www.gogreen.si\/index.php?rest_route=\/wp\/v2\/types\/post"}],"author":[{"embeddable":true,"href":"https:\/\/www.gogreen.si\/index.php?rest_route=\/wp\/v2\/users\/1"}],"replies":[{"embeddable":true,"href":"https:\/\/www.gogreen.si\/index.php?rest_route=%2Fwp%2Fv2%2Fcomments&post=141"}],"version-history":[{"count":0,"href":"https:\/\/www.gogreen.si\/index.php?rest_route=\/wp\/v2\/posts\/141\/revisions"}],"wp:attachment":[{"href":"https:\/\/www.gogreen.si\/index.php?rest_route=%2Fwp%2Fv2%2Fmedia&parent=141"}],"wp:term":[{"taxonomy":"category","embeddable":true,"href":"https:\/\/www.gogreen.si\/index.php?rest_route=%2Fwp%2Fv2%2Fcategories&post=141"},{"taxonomy":"post_tag","embeddable":true,"href":"https:\/\/www.gogreen.si\/index.php?rest_route=%2Fwp%2Fv2%2Ftags&post=141"}],"curies":[{"name":"wp","href":"https:\/\/api.w.org\/{rel}","templated":true}]}}