{"id":140,"date":"2009-03-20T08:49:00","date_gmt":"2009-03-20T07:49:00","guid":{"rendered":"https:\/\/www.walk.si\/uncategorized\/mombuey-puebla-de-sanabria\/"},"modified":"2009-03-20T08:49:00","modified_gmt":"2009-03-20T07:49:00","slug":"mombuey-puebla-de-sanabria","status":"publish","type":"post","link":"https:\/\/www.gogreen.si\/?p=140","title":{"rendered":"Mombuey &#8211; Puebla de Sanabria"},"content":{"rendered":"<div style=\"clear: both; text-align: center;\"><a href=\"http:\/\/3.bp.blogspot.com\/_wfRQwsEuJjI\/TSHAR853QFI\/AAAAAAAABj8\/krlmj7ltu_g\/s1600\/IMG_6435.jpg\" style=\"clear: left; float: left; margin-bottom: 1em; margin-right: 1em;\"><img loading=\"lazy\" decoding=\"async\" border=\"0\" height=\"213\" src=\"http:\/\/3.bp.blogspot.com\/_wfRQwsEuJjI\/TSHAR853QFI\/AAAAAAAABj8\/krlmj7ltu_g\/s320\/IMG_6435.jpg\" width=\"320\" \/><\/a><\/div>\n<p>Danes je jutro prav zabavno, najprej se zbudi \u0160panski pohodnik, vedno ga pozabim vpra\u0161at, kako mu je ime, saj se mu vedno nekam mudi. Pri\u010dne ropotati, kolesar pa se nekaj prito\u017euje in se pokrije \u010dez glavo. \u0160e bolj pri\u010dne bentiti, ko pri\u017ege lu\u010d. Mislim da je v\u010deraj preve\u010d pokadil in se mu danes nikamor ne da.Sam izkoristim prilo\u017enost in se prav na hitro pospravim na prosto. Ker je prvi pohodnik \u017ee od\u0161el, za sabo ugasnem lu\u010d in kolesar si naglas oddahne.<br \/>Jutro je precej toplej\u0161e od v\u010deraj\u0161njega, in \u017ee sedaj se spra\u0161ujem, kako bom opoldne sopihal po soncu. Danes bom z razliko prej\u0161njih dni prehodil celo mno\u017eico naselij. Kako velika bodo, pa bom videl sproti. Vem samo, da imam kruha le \u0161e za zajtrk, ki si ga bom pripravil \u010dez nekaj kilometrov. Tudi avtocesto bom pre\u010dkal kar nekajkrat.<br \/>Torej pri\u010dnimo dana\u0161njo pot. \u010cez avtocesto pridem do Valdemerilla. To je kraj s cerkvijo a brez bara in trgovin. Tudi ura je \u0161e prerana, da bi bile trgovine odprte. Tu vse o\u017eivi \u0161ele po 9h. Vas je kot izumrla. Ko pridem iz naselja si privo\u0161\u010dim zajtrk. Nahrbtnik imam prav te\u017eak, saj se v njem skriva celo marmelada in \u010dokoladni namaz \ud83d\ude42<br \/>V Cernadilla \u017ee pri\u010dnem zastavljati vpra\u0161anja o kruhu a mi odgovorijo da v naselju nimajo kruha, in da jim ga panadero pripelje malo pred 12. \u010cakanje torej odpade.<br \/>V San Salvador de Palazuelo se vpra\u0161anje ponovi a tudi odgovor je precej podoben, le da pride kruh pol ure prej.<br \/>Pri\u010dnem razmi\u0161ljati. V Entrepi\u00f1as bom okrog 11h torej ravno takrat, ko bo kruh pri\u0161el v vas. Tam sem bil res ob predvideni uri, a se v naselju ni ni\u010d dogajalo. Tuda \u0161e preden zapustim vas se zasli\u0161i glasno trobljenje. Obrnem se in skoraj ste\u010dem za zvokom. Ljudje, zbrani okrog kombija pa mi \u017ee od dale\u010d mahajo in kri\u010dijo. Ne tu, Camino je zgoraj!<br \/>Ampak jaz bi pa kruh kupil. Pa planejo tudi oni v smeh, me spustijo mimo vrste do kombija, kjer si kupim najve\u010djo \u0161truco, ki jo premore in se nato res vrnem navzgor na pravi Camino.<br \/>Pot vodi v dolino in prav na najni\u017ejem delu pred mano zbe\u017eita dve \u017eivali, gamsa, kozoroga, kdo bi vedel. Vem samo, da imata rogove, veliko belino okrog repa in se jima nekam stra\u0161no mudi.<br \/>Ker se bojim, da bom sve\u017e kruh poglodal \u0161e pred kosilom, se ob pol dvanajstih odlo\u010dim za glavni obrok.<br \/>Ponovno pre\u010dkam avtocesto &#8211; seveda so to nadvozi, in si ogledam manj\u0161e naselje Asturianos. Ta naselja imajo skoraj obvezno vodnjake in voda s teh vodnjakov se ne da primerjati z mnogo slab\u0161o vodo iz pipe. Seveda je voda povsod pitna. Kjer ni, je to posebaj ozna\u010deno.<br \/>Ko sem \u017ee mislil, da bo danes pot nemogo\u010de zgre\u0161iti, saj je odli\u010dno ozna\u010dena, kar naenkrat zavije v gozd, med grmi\u010devje in le po ob\u010dutku sku\u0161am hoditi od enega do drugega drevesa z zbledelimi oznakami.<br \/>Pot vodi mimo Palacios de Sanabria, Remesal, \u010dez avtocesto do Otero de Sanabria. Tu se zaklju\u010di makedam oz. gozdna steza. Po dolgi vijugasti cesti se tokrat za spremembo sprehodim pod avtocesto. Pridem do Triuf\u00e9, od koder je \u0161e 4km do dana\u0161njega cilja.<br \/>Sledi \u0161e en nadvoz, od koder se \u017ee lepo vidi dana\u0161nji cilj. Privatni alberge je na za\u010detku turisti\u010dnega mesta, tako da bo potrebno jutri najprej pre\u010dkati mesto in se podati v hribovje.<br \/>Prispem \u0161e dovolj zgodaj, da si operem perilo in v miru nakupim hrano za ve\u010derjo in vikend. V trgovino se odpravim la\u010den, toda vzamem tudi jutri\u0161nji plan poti, da me opominja, koliko hrane si bom natovoril. Hrbtenica in kolena pa ploskajo od navdu\u0161enja :).<br \/>Zve\u010der si v kuhinji, ki je prav lepo pospravljena in zelo \u010dista, skuham ve\u010derjo in se pripravim na nov dan.<br \/>Nocoj je v albergu tudi v\u010deraj\u0161nji \u0160panec, ki si bo vzel dan po\u010ditka in se ponovno podal na pot \u0161ele pojutri\u0161njem.<br \/>&#8212;<br \/>Branka, tudi Zlatki gre na Frances odli\u010dno. Tu in tam si po\u0161ljeva kak\u0161en SMS.<br \/>Poti so tu res prav slabo ozna\u010dene. Morda malo spominjajo na Camino del Norte. Veliko oznak je prestavljenih zaradi novih cest in avtoceste. Vendar s tem tudi Camino izgublja svoj \u010dar. Danes nisem ve\u010d \u0161tel, kolikokrat sem moral pre\u010dkati ac. Vsekakor preve\u010dkrat.<br \/>&#8212;<br \/>Sonja, nikakor se ne po\u010dutim sam, \u0161e manj osamljen. \u010ce bi \u017eelel ve\u010d dru\u017ebe, bi se odpravil kak mesec kasneje na kak\u0161no drugo pot. Sam imam ravno zaradi samote na poti tako rad zimski \u010das. Na tej poti se lahko odmaknem od vsakodnevnega vrve\u017ea, ki ga imam dovolj \u017ee v vsakdanjem \u017eivljenju. Nekateri ne morejo pre\u017eiveti dan brez dru\u017ebe, drugi se v\u010dasih za kak\u0161en dan \ud83d\ude42 raje umaknemo na &#8220;svoje&#8221;. Skratka u\u017eitek na vsakem koraku.<\/p>\n","protected":false},"excerpt":{"rendered":"<p>Danes je jutro prav zabavno, najprej se zbudi \u0160panski pohodnik, vedno ga pozabim vpra\u0161at, kako mu je ime, saj se mu vedno nekam mudi. Pri\u010dne ropotati, kolesar pa se nekaj prito\u017euje in se pokrije \u010dez glavo. \u0160e bolj pri\u010dne bentiti, ko pri\u017ege lu\u010d. Mislim da je v\u010deraj preve\u010d pokadil in se mu danes nikamor ne [&hellip;]<\/p>\n","protected":false},"author":1,"featured_media":0,"comment_status":"open","ping_status":"open","sticky":false,"template":"","format":"standard","meta":{"site-sidebar-layout":"default","site-content-layout":"","ast-site-content-layout":"","site-content-style":"default","site-sidebar-style":"default","ast-global-header-display":"","ast-banner-title-visibility":"","ast-main-header-display":"","ast-hfb-above-header-display":"","ast-hfb-below-header-display":"","ast-hfb-mobile-header-display":"","site-post-title":"","ast-breadcrumbs-content":"","ast-featured-img":"","footer-sml-layout":"","theme-transparent-header-meta":"","adv-header-id-meta":"","stick-header-meta":"","header-above-stick-meta":"","header-main-stick-meta":"","header-below-stick-meta":"","astra-migrate-meta-layouts":"default","ast-page-background-enabled":"default","ast-page-background-meta":{"desktop":{"background-color":"var(--ast-global-color-4)","background-image":"","background-repeat":"repeat","background-position":"center center","background-size":"auto","background-attachment":"scroll","background-type":"","background-media":"","overlay-type":"","overlay-color":"","overlay-opacity":"","overlay-gradient":""},"tablet":{"background-color":"","background-image":"","background-repeat":"repeat","background-position":"center center","background-size":"auto","background-attachment":"scroll","background-type":"","background-media":"","overlay-type":"","overlay-color":"","overlay-opacity":"","overlay-gradient":""},"mobile":{"background-color":"","background-image":"","background-repeat":"repeat","background-position":"center center","background-size":"auto","background-attachment":"scroll","background-type":"","background-media":"","overlay-type":"","overlay-color":"","overlay-opacity":"","overlay-gradient":""}},"ast-content-background-meta":{"desktop":{"background-color":"var(--ast-global-color-5)","background-image":"","background-repeat":"repeat","background-position":"center center","background-size":"auto","background-attachment":"scroll","background-type":"","background-media":"","overlay-type":"","overlay-color":"","overlay-opacity":"","overlay-gradient":""},"tablet":{"background-color":"var(--ast-global-color-5)","background-image":"","background-repeat":"repeat","background-position":"center center","background-size":"auto","background-attachment":"scroll","background-type":"","background-media":"","overlay-type":"","overlay-color":"","overlay-opacity":"","overlay-gradient":""},"mobile":{"background-color":"var(--ast-global-color-5)","background-image":"","background-repeat":"repeat","background-position":"center center","background-size":"auto","background-attachment":"scroll","background-type":"","background-media":"","overlay-type":"","overlay-color":"","overlay-opacity":"","overlay-gradient":""}},"footnotes":""},"categories":[6,14,68],"tags":[],"class_list":["post-140","post","type-post","status-publish","format-standard","hentry","category-camino","category-trekking","category-camino-via-de-la-plata-2009"],"aioseo_notices":[],"_links":{"self":[{"href":"https:\/\/www.gogreen.si\/index.php?rest_route=\/wp\/v2\/posts\/140","targetHints":{"allow":["GET"]}}],"collection":[{"href":"https:\/\/www.gogreen.si\/index.php?rest_route=\/wp\/v2\/posts"}],"about":[{"href":"https:\/\/www.gogreen.si\/index.php?rest_route=\/wp\/v2\/types\/post"}],"author":[{"embeddable":true,"href":"https:\/\/www.gogreen.si\/index.php?rest_route=\/wp\/v2\/users\/1"}],"replies":[{"embeddable":true,"href":"https:\/\/www.gogreen.si\/index.php?rest_route=%2Fwp%2Fv2%2Fcomments&post=140"}],"version-history":[{"count":0,"href":"https:\/\/www.gogreen.si\/index.php?rest_route=\/wp\/v2\/posts\/140\/revisions"}],"wp:attachment":[{"href":"https:\/\/www.gogreen.si\/index.php?rest_route=%2Fwp%2Fv2%2Fmedia&parent=140"}],"wp:term":[{"taxonomy":"category","embeddable":true,"href":"https:\/\/www.gogreen.si\/index.php?rest_route=%2Fwp%2Fv2%2Fcategories&post=140"},{"taxonomy":"post_tag","embeddable":true,"href":"https:\/\/www.gogreen.si\/index.php?rest_route=%2Fwp%2Fv2%2Ftags&post=140"}],"curies":[{"name":"wp","href":"https:\/\/api.w.org\/{rel}","templated":true}]}}