{"id":139,"date":"2009-03-21T16:58:00","date_gmt":"2009-03-21T15:58:00","guid":{"rendered":"https:\/\/www.walk.si\/uncategorized\/puebla-de-sanabria-lubian\/"},"modified":"2009-03-21T16:58:00","modified_gmt":"2009-03-21T15:58:00","slug":"puebla-de-sanabria-lubian","status":"publish","type":"post","link":"https:\/\/www.gogreen.si\/?p=139","title":{"rendered":"Puebla de Sanabria &#8211; Lubi\u00e1n"},"content":{"rendered":"<div style=\"clear: both; text-align: center;\"><a href=\"http:\/\/1.bp.blogspot.com\/_wfRQwsEuJjI\/TSHAWvooW8I\/AAAAAAAABko\/zLor0DBJbEQ\/s1600\/IMG_6569.jpg\" style=\"clear: left; float: left; margin-bottom: 1em; margin-right: 1em;\"><img loading=\"lazy\" decoding=\"async\" border=\"0\" height=\"213\" src=\"http:\/\/1.bp.blogspot.com\/_wfRQwsEuJjI\/TSHAWvooW8I\/AAAAAAAABko\/zLor0DBJbEQ\/s320\/IMG_6569.jpg\" width=\"320\" \/><\/a><\/div>\n<p>Ravnokar mi je moj dlan\u010dnik izbrisal zadnjo uro in pol pisanja, ura pa je \u017ee nekaj \u010dez polno\u010d. Pa se torej lotimo zadeve ponovno, morda malo kraj\u0161e kot prvi\u010d.Moja dana\u0161nja etapa bo prva bolj gorata in zaradi cene hostala v Requejo tudi nekoliko dalj\u0161a. Za slabih 8km hoje si namesto enega -hostal- spanja lahko privo\u0161\u010dim 10x spanje v albergih.<br \/>Zjutraj si najprej privo\u0161\u010dim nekaj pomaran\u010d, ki mi jih je iz svoze zbirke okrog 3kg odstopil \u0160panec. Danes si bo privo\u0161\u010dil obilico soka.<br \/>Jutro je mrzlo toda jasno in brez obla\u010dka. Odpravim se v center naselja, kjer oznake nenadoma izginejo. Seveda, danes je sobota in avtomobili so parkirani ob plo\u010dnikih, kjer so oznake.<br \/>Za vsak slu\u010daj vpra\u0161am za pot nekaj najzgodnej\u0161ih doma\u010dinov. Nekateri mi predlagajo pravi Camino, drugi mi svetujejo pot po cesti. \u010ce sem do tu pri\u0161el po uradni poti, bom tudi nadaljeval in se podam v smeri pu\u0161\u010dic. Pot zavije v breg, med grmi\u010devje in le po ob\u010dutku dr\u017eim smer. Izka\u017ee se, da sem bil na pravi poti. Do Terroso nimam nikakr\u0161nih te\u017eav, tu pa mi povzro\u010da te\u017eave pu\u0161\u010dica, ki je obrnjena prav sme\u0161no.<br \/>Dr\u017eim se besed, ki sem jih sli\u0161al na tem Caminu \u017ee ne\u0161tetokrat. Todo reto. In se odpravim naravnost naprej. Pot je vse o\u017eja in na kri\u017ei\u0161\u010dih ni ve\u010d oznak. Kmalu se ponovno znajdem v neprehodnem grmi\u010devju in izgleda, da sem tokrat po\u0161teno za\u0161el iz poti. Poskusim priti na pravo pot, a bolj ko hodim, te\u017eje je kam priti. Mo\u010dvirje, grmi\u010devje, in kmalu tudi \u0161iroka reka brez mostu v vidnem polju. \u0160e dobro, da imam navigacijo in si vedno poskusim zapomniti polo\u017eaj zadnjih oznak. Po nekaj klancih, potokih, osmih kilometrih, mo\u010dvirju in slabih dveh urah hoje se kon\u010dno znajdem na mestu s pu\u0161\u010dico. Moja prva odlo\u010ditev se mi \u0161e vedno zdi pravilna, a se vseeno razgledam po bli\u017enji okolici. Na ograji, pora\u0161\u010deni z rumenim mahom in tokrat obsijani s soncem se mi zdi nekaj podobnega pu\u0161\u010dici. Po podrobni raziskavi se odlo\u010dim, da bo to pravilna smer &#8211; ki pa je precej druga\u010dna od tiste prve oznake. \u0160e dobro da je danes prav lep dan, zato se dobre volje odpravim naprej.<br \/>Ponovno sre\u010dam nekaj v\u010deraj\u0161njih \u0161tirinogih \u017eivali, ki prepla\u0161eno te\u010dejo v gozd. Do Requejo nimam ve\u010d kak\u0161nih ve\u010djih te\u017eav.<br \/>Tu pridem do odprte trgovine, kjer se zalo\u017eim s sadjem, kruhom in rde\u010de-belo plo\u010devinko mrzle rjave teko\u010dine, ki bo poskrbela, da mi sladkor v krvi preve\u010d ne pade. Sre\u010dan tudi dva kolesarja, ki me seveda prehitita.<br \/>Tu se bo danes pri\u010del resnej\u0161i vzpon. Na prvem bregu me \u017ee \u010dakata kolesarja, ki popravljatavljata verigo, ki je popustila pod bremenom, ali pa se ji je odtrgalo \ud83d\ude42<br \/>Sledi vzpon na 1350 metrov visok prelaz, kjer imam prilo\u017enost ob\u010dutii sneg in narediti \u010disto pravo kepo. Upam da zadnjo letos.<br \/>Pot poteka pribli\u017eno 4km od Portugalske. Od tu nekje je tudi fotografija, ki ni ravno tiste vrste s katero bi se hvalil. Predstavlja pa pokrajino, po kateri sem danes hodil.<br \/>Pot se ob reki spusti do Padornelo, deloma po cesti, deloma po makedamu, ki se po\u010dasi spreminja v gozdno pot, nato v blatno stezo, na koncu pa hodim ob in po pravem potoku.<br \/>V Aciberosu vpra\u0161am za nadaljno pot in ponovno dobim klasi\u010den odgovor -Todo reto-. Gospa se morda ravno tisti trenutek ni spomnila vseh nekaj deset kri\u0161i\u0161\u010d in ovinkov.<br \/>Kon\u010dno se okrog 19h znajdem pred albergom, ki je prva stavba v naselju in je za\u010duda odprt. Verjetno nima smisla ponavljati, da sem ponovno sam. \u010ce sem bolj to\u010den, obiskal me je nek \u0160panec, ki mu alberge ni preve\u010d v\u0161e\u010d, saj nima televizije, da bi si ogledal teni\u0161ki polfinale, \u010de sem ga prav razumel. Odlo\u010di se za bli\u017enji kme\u010dki turizem.<br \/>Meni pa je prav v\u0161e\u010d, saj ima \u010disto vse. Kuhinjo, toplo vodo, \u010disto prave postelje in elektri\u010dne radiatorje, ki bodo slu\u017eili za su\u0161enje perila.<br \/>Zve\u010der pri\u010dne pihati mo\u010dan veter, sam pa si ob tem \u010dudovitem zvoku, skuham ve\u010derjo in se odpravm spat.<\/p>\n","protected":false},"excerpt":{"rendered":"<p>Ravnokar mi je moj dlan\u010dnik izbrisal zadnjo uro in pol pisanja, ura pa je \u017ee nekaj \u010dez polno\u010d. Pa se torej lotimo zadeve ponovno, morda malo kraj\u0161e kot prvi\u010d.Moja dana\u0161nja etapa bo prva bolj gorata in zaradi cene hostala v Requejo tudi nekoliko dalj\u0161a. Za slabih 8km hoje si namesto enega -hostal- spanja lahko privo\u0161\u010dim [&hellip;]<\/p>\n","protected":false},"author":1,"featured_media":0,"comment_status":"open","ping_status":"open","sticky":false,"template":"","format":"standard","meta":{"site-sidebar-layout":"default","site-content-layout":"","ast-site-content-layout":"","site-content-style":"default","site-sidebar-style":"default","ast-global-header-display":"","ast-banner-title-visibility":"","ast-main-header-display":"","ast-hfb-above-header-display":"","ast-hfb-below-header-display":"","ast-hfb-mobile-header-display":"","site-post-title":"","ast-breadcrumbs-content":"","ast-featured-img":"","footer-sml-layout":"","theme-transparent-header-meta":"","adv-header-id-meta":"","stick-header-meta":"","header-above-stick-meta":"","header-main-stick-meta":"","header-below-stick-meta":"","astra-migrate-meta-layouts":"default","ast-page-background-enabled":"default","ast-page-background-meta":{"desktop":{"background-color":"var(--ast-global-color-4)","background-image":"","background-repeat":"repeat","background-position":"center center","background-size":"auto","background-attachment":"scroll","background-type":"","background-media":"","overlay-type":"","overlay-color":"","overlay-opacity":"","overlay-gradient":""},"tablet":{"background-color":"","background-image":"","background-repeat":"repeat","background-position":"center center","background-size":"auto","background-attachment":"scroll","background-type":"","background-media":"","overlay-type":"","overlay-color":"","overlay-opacity":"","overlay-gradient":""},"mobile":{"background-color":"","background-image":"","background-repeat":"repeat","background-position":"center center","background-size":"auto","background-attachment":"scroll","background-type":"","background-media":"","overlay-type":"","overlay-color":"","overlay-opacity":"","overlay-gradient":""}},"ast-content-background-meta":{"desktop":{"background-color":"var(--ast-global-color-5)","background-image":"","background-repeat":"repeat","background-position":"center center","background-size":"auto","background-attachment":"scroll","background-type":"","background-media":"","overlay-type":"","overlay-color":"","overlay-opacity":"","overlay-gradient":""},"tablet":{"background-color":"var(--ast-global-color-5)","background-image":"","background-repeat":"repeat","background-position":"center center","background-size":"auto","background-attachment":"scroll","background-type":"","background-media":"","overlay-type":"","overlay-color":"","overlay-opacity":"","overlay-gradient":""},"mobile":{"background-color":"var(--ast-global-color-5)","background-image":"","background-repeat":"repeat","background-position":"center center","background-size":"auto","background-attachment":"scroll","background-type":"","background-media":"","overlay-type":"","overlay-color":"","overlay-opacity":"","overlay-gradient":""}},"footnotes":""},"categories":[6,14,68],"tags":[],"class_list":["post-139","post","type-post","status-publish","format-standard","hentry","category-camino","category-trekking","category-camino-via-de-la-plata-2009"],"aioseo_notices":[],"_links":{"self":[{"href":"https:\/\/www.gogreen.si\/index.php?rest_route=\/wp\/v2\/posts\/139","targetHints":{"allow":["GET"]}}],"collection":[{"href":"https:\/\/www.gogreen.si\/index.php?rest_route=\/wp\/v2\/posts"}],"about":[{"href":"https:\/\/www.gogreen.si\/index.php?rest_route=\/wp\/v2\/types\/post"}],"author":[{"embeddable":true,"href":"https:\/\/www.gogreen.si\/index.php?rest_route=\/wp\/v2\/users\/1"}],"replies":[{"embeddable":true,"href":"https:\/\/www.gogreen.si\/index.php?rest_route=%2Fwp%2Fv2%2Fcomments&post=139"}],"version-history":[{"count":0,"href":"https:\/\/www.gogreen.si\/index.php?rest_route=\/wp\/v2\/posts\/139\/revisions"}],"wp:attachment":[{"href":"https:\/\/www.gogreen.si\/index.php?rest_route=%2Fwp%2Fv2%2Fmedia&parent=139"}],"wp:term":[{"taxonomy":"category","embeddable":true,"href":"https:\/\/www.gogreen.si\/index.php?rest_route=%2Fwp%2Fv2%2Fcategories&post=139"},{"taxonomy":"post_tag","embeddable":true,"href":"https:\/\/www.gogreen.si\/index.php?rest_route=%2Fwp%2Fv2%2Ftags&post=139"}],"curies":[{"name":"wp","href":"https:\/\/api.w.org\/{rel}","templated":true}]}}