{"id":138,"date":"2009-03-22T15:27:00","date_gmt":"2009-03-22T14:27:00","guid":{"rendered":"https:\/\/www.walk.si\/uncategorized\/lubian-la-gudina\/"},"modified":"2009-03-22T15:27:00","modified_gmt":"2009-03-22T14:27:00","slug":"lubian-la-gudina","status":"publish","type":"post","link":"https:\/\/www.gogreen.si\/?p=138","title":{"rendered":"Lubi\u00e1n &#8211; La Gudi\u00f1a"},"content":{"rendered":"<div style=\"clear: both; text-align: center;\"><a href=\"http:\/\/2.bp.blogspot.com\/_wfRQwsEuJjI\/TSHAaXQ1QFI\/AAAAAAAABlQ\/DHAhN3_BUSg\/s1600\/IMG_6674.jpg\" style=\"clear: left; float: left; margin-bottom: 1em; margin-right: 1em;\"><img loading=\"lazy\" decoding=\"async\" border=\"0\" height=\"213\" src=\"http:\/\/2.bp.blogspot.com\/_wfRQwsEuJjI\/TSHAaXQ1QFI\/AAAAAAAABlQ\/DHAhN3_BUSg\/s320\/IMG_6674.jpg\" width=\"320\" \/><\/a><\/div>\n<p>Zadnja no\u010d v Castilla y Le\u00f3n je hitro pri koncu. Zajtrk se zavle\u010de v pozne jutranje ure, saj se mi nikamor ne mudi. Dana\u0161nja etapa ima le nekaj ve\u010d kot 20km.<br \/>V naselju je vse mirno. Malo zaradi zgodnje ure, malo pa zaradi nedelje. Za mano sta \u0161e dva pohodnika, ki sta prespala v privatnem hostalu.<br \/>Dr\u017eita se nasvetov doma\u010dinov in se odpravita po cesti. Sam se bom dr\u017eal Camina, ki ga je prehodilo \u017ee na stotine pohodnikov. Spustim se do struge bli\u017enje reke, na okoli 900m. Od tu dalje vodi pot le \u0161e navzgor.<br \/>Oznake so solidne in po lep\u0161i poti \u017ee dolgo nisem hodil. Lahko bi mi bilo \u017eal, \u010de bi se odlo\u010dil za suhoparen asfalt. Ponovno hodim mimo nekaj sne\u017enih ostankov, ki so ostali na osojnih podro\u010djih. Po poti ve\u010dktat te\u010de potok vode ki kmalu izgine.<br \/>Vreme je ponovno son\u010dno in jasno. Danes je ravno toliko toplo, da mi je v dolgih rokavih po\u0161teno vro\u010de, v kratkih pa je v vetru po\u0161teno mrzlo. Odlo\u010dim se za dolge. Veternice se na vrhu hribov lepo vrtijo, kar pomeni, da je tam zelo vetrovno. To prav kmalu ob\u010dutim na svoji ko\u017ei, ko pridem do prelaza na meji z Galicijo. Pojem malico, saj sva z vetrom dobra prijatelja.<br \/>Ko se spustim v dolino \u017ee ob\u010dutim vse zna\u010dilnosti Galicije, kjer so doma voda, kamenje, eukvaliptusi in odli\u010dne oznake poti.<br \/>Vode imajo tu res na pretek in ne vem, kaj delajo, da jo je po toliko dneh su\u0161e povsod preve\u010d.<br \/>Prva vas je A Canda, od tu pa se pot ponovno dvigne do Vilavella, O Pereiro in O Ca\u00f1izo. Kon\u010dni spust na vi\u0161ino 980m poteka v zadnjem delu predvsem po cesti, kjer je zaradi nove AC ponovno nekaj zmede. A tu so stare oznake lepo pre\u010drtane in narisane nove.<br \/>Alberge je na za\u010detku tega precej velikega naselja in za klju\u010de moram poklicati hosteliero. Ta pride \u010dez pribli\u017eno 15 minut. V albergeju je \u017ee en peregrino iz Canade, a ker je spal, ni sli\u0161al mojega prihoda. Vrat se od zunaj ne da odpreti brez klju\u010da, zato dobi vsak gost svoj klju\u010d.<br \/>Popoldne sre\u010dam \u0161e dva \u0160panska pohodnika, ki pravita da sta prestara za alberge -ne vem, zakaj ne re\u010deta prefina- in sta se namestila v bli\u017enjem hostalu, ter v\u010deraj\u0161njega teni\u0161kega navdu\u0161enca, ki bo tudi raje prespal v hostalu.<br \/>Za ve\u010derjo bo danes poskrbel 57 letni Paul, ki pravi da ima preve\u010d makaronov in paradi\u017enika.<br \/>Po zgodnji ve\u010derji poskrbim za pomivanje posode, \u010demur bo sledilo zgodnje spanje.<\/p>\n","protected":false},"excerpt":{"rendered":"<p>Zadnja no\u010d v Castilla y Le\u00f3n je hitro pri koncu. Zajtrk se zavle\u010de v pozne jutranje ure, saj se mi nikamor ne mudi. Dana\u0161nja etapa ima le nekaj ve\u010d kot 20km.V naselju je vse mirno. Malo zaradi zgodnje ure, malo pa zaradi nedelje. Za mano sta \u0161e dva pohodnika, ki sta prespala v privatnem hostalu.Dr\u017eita [&hellip;]<\/p>\n","protected":false},"author":1,"featured_media":0,"comment_status":"open","ping_status":"open","sticky":false,"template":"","format":"standard","meta":{"site-sidebar-layout":"default","site-content-layout":"","ast-site-content-layout":"","site-content-style":"default","site-sidebar-style":"default","ast-global-header-display":"","ast-banner-title-visibility":"","ast-main-header-display":"","ast-hfb-above-header-display":"","ast-hfb-below-header-display":"","ast-hfb-mobile-header-display":"","site-post-title":"","ast-breadcrumbs-content":"","ast-featured-img":"","footer-sml-layout":"","theme-transparent-header-meta":"","adv-header-id-meta":"","stick-header-meta":"","header-above-stick-meta":"","header-main-stick-meta":"","header-below-stick-meta":"","astra-migrate-meta-layouts":"default","ast-page-background-enabled":"default","ast-page-background-meta":{"desktop":{"background-color":"var(--ast-global-color-4)","background-image":"","background-repeat":"repeat","background-position":"center center","background-size":"auto","background-attachment":"scroll","background-type":"","background-media":"","overlay-type":"","overlay-color":"","overlay-opacity":"","overlay-gradient":""},"tablet":{"background-color":"","background-image":"","background-repeat":"repeat","background-position":"center center","background-size":"auto","background-attachment":"scroll","background-type":"","background-media":"","overlay-type":"","overlay-color":"","overlay-opacity":"","overlay-gradient":""},"mobile":{"background-color":"","background-image":"","background-repeat":"repeat","background-position":"center center","background-size":"auto","background-attachment":"scroll","background-type":"","background-media":"","overlay-type":"","overlay-color":"","overlay-opacity":"","overlay-gradient":""}},"ast-content-background-meta":{"desktop":{"background-color":"var(--ast-global-color-5)","background-image":"","background-repeat":"repeat","background-position":"center center","background-size":"auto","background-attachment":"scroll","background-type":"","background-media":"","overlay-type":"","overlay-color":"","overlay-opacity":"","overlay-gradient":""},"tablet":{"background-color":"var(--ast-global-color-5)","background-image":"","background-repeat":"repeat","background-position":"center center","background-size":"auto","background-attachment":"scroll","background-type":"","background-media":"","overlay-type":"","overlay-color":"","overlay-opacity":"","overlay-gradient":""},"mobile":{"background-color":"var(--ast-global-color-5)","background-image":"","background-repeat":"repeat","background-position":"center center","background-size":"auto","background-attachment":"scroll","background-type":"","background-media":"","overlay-type":"","overlay-color":"","overlay-opacity":"","overlay-gradient":""}},"footnotes":""},"categories":[6,14,68],"tags":[],"class_list":["post-138","post","type-post","status-publish","format-standard","hentry","category-camino","category-trekking","category-camino-via-de-la-plata-2009"],"aioseo_notices":[],"_links":{"self":[{"href":"https:\/\/www.gogreen.si\/index.php?rest_route=\/wp\/v2\/posts\/138","targetHints":{"allow":["GET"]}}],"collection":[{"href":"https:\/\/www.gogreen.si\/index.php?rest_route=\/wp\/v2\/posts"}],"about":[{"href":"https:\/\/www.gogreen.si\/index.php?rest_route=\/wp\/v2\/types\/post"}],"author":[{"embeddable":true,"href":"https:\/\/www.gogreen.si\/index.php?rest_route=\/wp\/v2\/users\/1"}],"replies":[{"embeddable":true,"href":"https:\/\/www.gogreen.si\/index.php?rest_route=%2Fwp%2Fv2%2Fcomments&post=138"}],"version-history":[{"count":0,"href":"https:\/\/www.gogreen.si\/index.php?rest_route=\/wp\/v2\/posts\/138\/revisions"}],"wp:attachment":[{"href":"https:\/\/www.gogreen.si\/index.php?rest_route=%2Fwp%2Fv2%2Fmedia&parent=138"}],"wp:term":[{"taxonomy":"category","embeddable":true,"href":"https:\/\/www.gogreen.si\/index.php?rest_route=%2Fwp%2Fv2%2Fcategories&post=138"},{"taxonomy":"post_tag","embeddable":true,"href":"https:\/\/www.gogreen.si\/index.php?rest_route=%2Fwp%2Fv2%2Ftags&post=138"}],"curies":[{"name":"wp","href":"https:\/\/api.w.org\/{rel}","templated":true}]}}