{"id":137,"date":"2009-03-23T11:31:00","date_gmt":"2009-03-23T10:31:00","guid":{"rendered":"https:\/\/www.walk.si\/uncategorized\/la-gudina-laza\/"},"modified":"2009-03-23T11:31:00","modified_gmt":"2009-03-23T10:31:00","slug":"la-gudina-laza","status":"publish","type":"post","link":"https:\/\/www.gogreen.si\/?p=137","title":{"rendered":"La Gudi\u00f1a &#8211; Laza"},"content":{"rendered":"<div style=\"clear: both; text-align: center;\"><a href=\"http:\/\/2.bp.blogspot.com\/_wfRQwsEuJjI\/TSHAdrEfhNI\/AAAAAAAABlw\/uCtV0wP5kOU\/s1600\/IMG_6752.jpg\" style=\"clear: left; float: left; margin-bottom: 1em; margin-right: 1em;\"><img loading=\"lazy\" decoding=\"async\" border=\"0\" height=\"213\" src=\"http:\/\/2.bp.blogspot.com\/_wfRQwsEuJjI\/TSHAdrEfhNI\/AAAAAAAABlw\/uCtV0wP5kOU\/s320\/IMG_6752.jpg\" width=\"320\" \/><\/a><\/div>\n<p>S Paulom se zbudiva vsak v svojem kotu ogromne spalnice. Kon\u010dno nekdo, ki tudi zgodaj vstane. Ura je namre\u010d \u0161ele pol sedmih. Ko kon\u010dam Camino, si bom prvi dan zagotovo privo\u0161\u010dil spanec brez budilke. Bojim se le, da se bom \u017ee iz navade zbudil pred sedmo :)Zajtrku in pripravi na dana\u0161njo etapo oba posvetiva kar lep del jutra. \u010cokoladni namaz, kruh in vro\u010d \u010daj. Nato pa v mrzlo jutro.<br \/>Ko sem stopil ven, sem bil prav za\u010duden, saj ni bilo posebnega mraza.<br \/>Dana\u0161nja hoja po pri\u010dakovanju ne bi smela biti ravno te\u017eka, saj se pot iz 1000 metrov, razen nekaj kraj\u0161ih vzponov, v glavnem spu\u0161\u010da, vse do vi\u0161ine okrog 450m. Ve\u010dji del bo zaradi hribovja potekal po asfaltni cesti.<br \/>V prvem delu je ob cesti cela mno\u017eica manj\u0161ih vasi, a ne \u0161tejejo ve\u010d kot pet do deset hi\u0161. V daljavi se \u0161e vedno vidi dim, kjer kot pravijo, gorijo borovi gozdovi. Dim je tako gost, da sem najprej pomislil, da gre za poobla\u010ditev. Kasneje izvem, da se bo res tudi poobla\u010dilo. Predvidoma pojutri\u0161njem lahko pri\u010dakujem nekajdnevne padavine.<br \/>Na desni strani se v dolini prika\u017ee veliko jezero, v katerega te\u010de reka Camba. Pogled je prelep, da bi \u0161el kar tako mimo. Ustavim se in odprem nahrbtnik. Nekaj sadja bo utonilo v kislini.<br \/>Sredi prvega po\u010ditka me ujameta \u0160panca iz okolice Malage. Mudi se jima v Campobecerros, kjer bosta v baru nekaj pojedla. V baru je tudi edina trgovina v vasi, zato se tam ustavim tudi sam. Kupim si sok, saj je voda v \u010dutari prav nesramno slaba. Ko jo povonjam, spominja na tisto iz na\u0161ih kopali\u0161\u010d. Tudi okus je podoben. To je ena redkih stvari, ki se jih v \u0160paniji na Caminu ne bom nikoli privadil. Sprejemljivo dobro vodo se najde le na kak\u0161nem va\u0161kem vodnjaku.<br \/>\u0160panca pravita da le \u0161e pojesta in me bosta \u017ee dohitela na poti.<br \/>Do Porto Camba se pot nekajkrat spusti in dvigne, vse do velikega kri\u017ea, ki stoji ob robu kri\u017ei\u0161\u010da. Od tu dalje gre le \u0161e navzdol. Mislim, da je \u010das za moj glavni dnevni obrok. Jem in jem, ter \u0161e malo pijem, tokrat nekoliko -popravljeno- vodo, a o sopotnikih ni niti glasu.<br \/>Do as Eiras se pot po\u010dasi spu\u0161\u010da, od tu naprej pa je cesta prav po\u0161teno strma.<br \/>V Lazi, kon\u010dni postaji se le sre\u010damo. Sam grem do alberga, onadva pa na lov za kak\u0161no bolj udobno re\u0161itev. V stavbi civilne za\u0161\u010dite dobim klju\u010de ter obvestilo, da hostal, kjer sem \u017eelel 35km etapo prepoloviti ne deluje. V albergu kasneje preberem, da bo zaprt do 8. aprila.<br \/>Po tu\u0161iranju vsa nesre\u010dna prideta tudi oba \u0160panca. Ni druge re\u0161itve kot alberge. Uboga reve\u017ea pa v majhnih nahrbtnikih nimata niti spalk. Na \u010detrti postaji bosta morala spalnico deliti \u0161e z mano, ter Paulom, ki ga kasneje sre\u010dam sredi naselja, ter \u0161portnim navdu\u0161encem, ki se nam pridru\u017ei okrog osme.<br \/>Hrane si nakupim za ve\u010derjo, zajtrk in \u0161e kaj, kar bo kaj ostalo za malico.<br \/>Vsi trije \u0160panci se odpravijo na ve\u010derjo v bli\u017enjo restavracijo, s Paulom pa se po ve\u010derji odpraviva spat, saj bo jutri pot sicer kratka, a vi\u0161insko zahtevna. 450-1000-600.<\/p>\n","protected":false},"excerpt":{"rendered":"<p>S Paulom se zbudiva vsak v svojem kotu ogromne spalnice. Kon\u010dno nekdo, ki tudi zgodaj vstane. Ura je namre\u010d \u0161ele pol sedmih. Ko kon\u010dam Camino, si bom prvi dan zagotovo privo\u0161\u010dil spanec brez budilke. Bojim se le, da se bom \u017ee iz navade zbudil pred sedmo :)Zajtrku in pripravi na dana\u0161njo etapo oba posvetiva kar [&hellip;]<\/p>\n","protected":false},"author":1,"featured_media":0,"comment_status":"open","ping_status":"open","sticky":false,"template":"","format":"standard","meta":{"site-sidebar-layout":"default","site-content-layout":"","ast-site-content-layout":"","site-content-style":"default","site-sidebar-style":"default","ast-global-header-display":"","ast-banner-title-visibility":"","ast-main-header-display":"","ast-hfb-above-header-display":"","ast-hfb-below-header-display":"","ast-hfb-mobile-header-display":"","site-post-title":"","ast-breadcrumbs-content":"","ast-featured-img":"","footer-sml-layout":"","theme-transparent-header-meta":"","adv-header-id-meta":"","stick-header-meta":"","header-above-stick-meta":"","header-main-stick-meta":"","header-below-stick-meta":"","astra-migrate-meta-layouts":"default","ast-page-background-enabled":"default","ast-page-background-meta":{"desktop":{"background-color":"var(--ast-global-color-4)","background-image":"","background-repeat":"repeat","background-position":"center center","background-size":"auto","background-attachment":"scroll","background-type":"","background-media":"","overlay-type":"","overlay-color":"","overlay-opacity":"","overlay-gradient":""},"tablet":{"background-color":"","background-image":"","background-repeat":"repeat","background-position":"center center","background-size":"auto","background-attachment":"scroll","background-type":"","background-media":"","overlay-type":"","overlay-color":"","overlay-opacity":"","overlay-gradient":""},"mobile":{"background-color":"","background-image":"","background-repeat":"repeat","background-position":"center center","background-size":"auto","background-attachment":"scroll","background-type":"","background-media":"","overlay-type":"","overlay-color":"","overlay-opacity":"","overlay-gradient":""}},"ast-content-background-meta":{"desktop":{"background-color":"var(--ast-global-color-5)","background-image":"","background-repeat":"repeat","background-position":"center center","background-size":"auto","background-attachment":"scroll","background-type":"","background-media":"","overlay-type":"","overlay-color":"","overlay-opacity":"","overlay-gradient":""},"tablet":{"background-color":"var(--ast-global-color-5)","background-image":"","background-repeat":"repeat","background-position":"center center","background-size":"auto","background-attachment":"scroll","background-type":"","background-media":"","overlay-type":"","overlay-color":"","overlay-opacity":"","overlay-gradient":""},"mobile":{"background-color":"var(--ast-global-color-5)","background-image":"","background-repeat":"repeat","background-position":"center center","background-size":"auto","background-attachment":"scroll","background-type":"","background-media":"","overlay-type":"","overlay-color":"","overlay-opacity":"","overlay-gradient":""}},"footnotes":""},"categories":[6,14,68],"tags":[],"class_list":["post-137","post","type-post","status-publish","format-standard","hentry","category-camino","category-trekking","category-camino-via-de-la-plata-2009"],"aioseo_notices":[],"_links":{"self":[{"href":"https:\/\/www.gogreen.si\/index.php?rest_route=\/wp\/v2\/posts\/137","targetHints":{"allow":["GET"]}}],"collection":[{"href":"https:\/\/www.gogreen.si\/index.php?rest_route=\/wp\/v2\/posts"}],"about":[{"href":"https:\/\/www.gogreen.si\/index.php?rest_route=\/wp\/v2\/types\/post"}],"author":[{"embeddable":true,"href":"https:\/\/www.gogreen.si\/index.php?rest_route=\/wp\/v2\/users\/1"}],"replies":[{"embeddable":true,"href":"https:\/\/www.gogreen.si\/index.php?rest_route=%2Fwp%2Fv2%2Fcomments&post=137"}],"version-history":[{"count":0,"href":"https:\/\/www.gogreen.si\/index.php?rest_route=\/wp\/v2\/posts\/137\/revisions"}],"wp:attachment":[{"href":"https:\/\/www.gogreen.si\/index.php?rest_route=%2Fwp%2Fv2%2Fmedia&parent=137"}],"wp:term":[{"taxonomy":"category","embeddable":true,"href":"https:\/\/www.gogreen.si\/index.php?rest_route=%2Fwp%2Fv2%2Fcategories&post=137"},{"taxonomy":"post_tag","embeddable":true,"href":"https:\/\/www.gogreen.si\/index.php?rest_route=%2Fwp%2Fv2%2Ftags&post=137"}],"curies":[{"name":"wp","href":"https:\/\/api.w.org\/{rel}","templated":true}]}}