{"id":135,"date":"2009-03-25T10:58:00","date_gmt":"2009-03-25T09:58:00","guid":{"rendered":"https:\/\/www.walk.si\/uncategorized\/vilar-de-barrio-orense\/"},"modified":"2009-03-25T10:58:00","modified_gmt":"2009-03-25T09:58:00","slug":"vilar-de-barrio-orense","status":"publish","type":"post","link":"https:\/\/www.gogreen.si\/?p=135","title":{"rendered":"Vilar de Barrio &#8211; Orense"},"content":{"rendered":"<div style=\"clear: both; text-align: center;\"><a href=\"http:\/\/1.bp.blogspot.com\/_wfRQwsEuJjI\/TSHAmsNrvzI\/AAAAAAAABnI\/dkcfWPIPJMA\/s1600\/IMG_6937.jpg\" style=\"clear: left; float: left; margin-bottom: 1em; margin-right: 1em;\"><img loading=\"lazy\" decoding=\"async\" border=\"0\" height=\"213\" src=\"http:\/\/1.bp.blogspot.com\/_wfRQwsEuJjI\/TSHAmsNrvzI\/AAAAAAAABnI\/dkcfWPIPJMA\/s320\/IMG_6937.jpg\" width=\"320\" \/><\/a><\/div>\n<p>V\u010deraj pride Javier pozno zve\u010der in precej ropota po kuhinji. S Paulom sva \u017ee zdavnaj spala.<br \/>Zjutraj ugotoviva, da si Camino predstavlja \u010disto po svoje. Meni je izpraznil preostalo polovico polnozrnatih pi\u0161kotov, Paulu pa odprl mleko in ga nekaj tudi razmazal po pultu, ki sva ga v\u010deraj zlo\u0161\u010dila da se je svetil prav tako, kakor pred uporabo kuhinje.<br \/>Za zajtrk ponovno pojeva velike koli\u010dine jagodne marmelade, saj sem v\u010deraj nabavil nov kozarec in res ne bi rad nosil dveh.<br \/>Tokrat pri\u010dneva skupaj, a sopotnik kmalu nadaljuje svojo pot, saj se sam med potjo posvetim fotografiranju, u\u017eivanju in opazovanju okolice.<br \/>Pot bi morala danes po na\u010drtih potekati v prvem delu po ravnini, kasneje pa se razen dveh kraj\u0161ih vzponov po\u010dasi spustiti proti mestu.<br \/>Vse poteka kot so obljubili. Prvi del vodi po makedamskih cestah med polji, kot bi jih nekdo za\u010drtal z ravnilom, drugi ve\u010dji del Camina pa poteka po asfaltu in je razen nekaj izjem prav dolgo\u010dasen.<br \/>V lovu na kruh okrog 11h ujamem panadera v kombiju. S tem sem do jutri zjutraj preskrbljen.<br \/>Po dveh malicah se pred zadnjimi desetimi kilometri ponovno sre\u010dava s Kanad\u010danom in skupaj nadaljujeva proti Orense.<br \/>Zadnjih nekaj kilometrov je nadvse suhoparnih, saj hodiva po industrijski coni in predmestju Orensa, po dolgi ravni cesti.<br \/>Danes se nas v albergu zbere cela mno\u017eica. Francoz, \u0160vicarka, dva starej\u0161a in en mlaj\u0161i Nemec, Italian, Portugalec, ena severnjakinja &#8211; ne vem to\u010dno od kod in midva. Italian in Portugalec bosta jutri verjetno \u0161la dlje, Paul bo en dan ostal v Orense, ostali pa bomo od\u0161li v Cea.<br \/>Popoldan mine hitro, saj sem prispel \u0161ele ob petih. Za ogled mesta mi je tako ostalo le nekaj minut. Ve\u010der pa sem posvetil ve\u010derji in pogovoru s hostelierom in ostalimi \u010dlani, v glavnem z Nemcem mojih let.<br \/>Jutri je ponovno kraj\u0161a tura, okrog 22km in ponovno se bom lahko dodobra odpo\u010dil.<\/p>\n","protected":false},"excerpt":{"rendered":"<p>V\u010deraj pride Javier pozno zve\u010der in precej ropota po kuhinji. S Paulom sva \u017ee zdavnaj spala.Zjutraj ugotoviva, da si Camino predstavlja \u010disto po svoje. Meni je izpraznil preostalo polovico polnozrnatih pi\u0161kotov, Paulu pa odprl mleko in ga nekaj tudi razmazal po pultu, ki sva ga v\u010deraj zlo\u0161\u010dila da se je svetil prav tako, kakor pred [&hellip;]<\/p>\n","protected":false},"author":1,"featured_media":0,"comment_status":"open","ping_status":"open","sticky":false,"template":"","format":"standard","meta":{"site-sidebar-layout":"default","site-content-layout":"","ast-site-content-layout":"","site-content-style":"default","site-sidebar-style":"default","ast-global-header-display":"","ast-banner-title-visibility":"","ast-main-header-display":"","ast-hfb-above-header-display":"","ast-hfb-below-header-display":"","ast-hfb-mobile-header-display":"","site-post-title":"","ast-breadcrumbs-content":"","ast-featured-img":"","footer-sml-layout":"","theme-transparent-header-meta":"","adv-header-id-meta":"","stick-header-meta":"","header-above-stick-meta":"","header-main-stick-meta":"","header-below-stick-meta":"","astra-migrate-meta-layouts":"default","ast-page-background-enabled":"default","ast-page-background-meta":{"desktop":{"background-color":"var(--ast-global-color-4)","background-image":"","background-repeat":"repeat","background-position":"center center","background-size":"auto","background-attachment":"scroll","background-type":"","background-media":"","overlay-type":"","overlay-color":"","overlay-opacity":"","overlay-gradient":""},"tablet":{"background-color":"","background-image":"","background-repeat":"repeat","background-position":"center center","background-size":"auto","background-attachment":"scroll","background-type":"","background-media":"","overlay-type":"","overlay-color":"","overlay-opacity":"","overlay-gradient":""},"mobile":{"background-color":"","background-image":"","background-repeat":"repeat","background-position":"center center","background-size":"auto","background-attachment":"scroll","background-type":"","background-media":"","overlay-type":"","overlay-color":"","overlay-opacity":"","overlay-gradient":""}},"ast-content-background-meta":{"desktop":{"background-color":"var(--ast-global-color-5)","background-image":"","background-repeat":"repeat","background-position":"center center","background-size":"auto","background-attachment":"scroll","background-type":"","background-media":"","overlay-type":"","overlay-color":"","overlay-opacity":"","overlay-gradient":""},"tablet":{"background-color":"var(--ast-global-color-5)","background-image":"","background-repeat":"repeat","background-position":"center center","background-size":"auto","background-attachment":"scroll","background-type":"","background-media":"","overlay-type":"","overlay-color":"","overlay-opacity":"","overlay-gradient":""},"mobile":{"background-color":"var(--ast-global-color-5)","background-image":"","background-repeat":"repeat","background-position":"center center","background-size":"auto","background-attachment":"scroll","background-type":"","background-media":"","overlay-type":"","overlay-color":"","overlay-opacity":"","overlay-gradient":""}},"footnotes":""},"categories":[6,14,68],"tags":[],"class_list":["post-135","post","type-post","status-publish","format-standard","hentry","category-camino","category-trekking","category-camino-via-de-la-plata-2009"],"aioseo_notices":[],"_links":{"self":[{"href":"https:\/\/www.gogreen.si\/index.php?rest_route=\/wp\/v2\/posts\/135","targetHints":{"allow":["GET"]}}],"collection":[{"href":"https:\/\/www.gogreen.si\/index.php?rest_route=\/wp\/v2\/posts"}],"about":[{"href":"https:\/\/www.gogreen.si\/index.php?rest_route=\/wp\/v2\/types\/post"}],"author":[{"embeddable":true,"href":"https:\/\/www.gogreen.si\/index.php?rest_route=\/wp\/v2\/users\/1"}],"replies":[{"embeddable":true,"href":"https:\/\/www.gogreen.si\/index.php?rest_route=%2Fwp%2Fv2%2Fcomments&post=135"}],"version-history":[{"count":0,"href":"https:\/\/www.gogreen.si\/index.php?rest_route=\/wp\/v2\/posts\/135\/revisions"}],"wp:attachment":[{"href":"https:\/\/www.gogreen.si\/index.php?rest_route=%2Fwp%2Fv2%2Fmedia&parent=135"}],"wp:term":[{"taxonomy":"category","embeddable":true,"href":"https:\/\/www.gogreen.si\/index.php?rest_route=%2Fwp%2Fv2%2Fcategories&post=135"},{"taxonomy":"post_tag","embeddable":true,"href":"https:\/\/www.gogreen.si\/index.php?rest_route=%2Fwp%2Fv2%2Ftags&post=135"}],"curies":[{"name":"wp","href":"https:\/\/api.w.org\/{rel}","templated":true}]}}