{"id":134,"date":"2009-03-26T11:06:00","date_gmt":"2009-03-26T10:06:00","guid":{"rendered":"https:\/\/www.walk.si\/uncategorized\/orense-cea\/"},"modified":"2009-03-26T11:06:00","modified_gmt":"2009-03-26T10:06:00","slug":"orense-cea","status":"publish","type":"post","link":"https:\/\/www.gogreen.si\/?p=134","title":{"rendered":"Orense &#8211; Cea"},"content":{"rendered":"<div style=\"clear: both; text-align: center;\"><a href=\"http:\/\/4.bp.blogspot.com\/_wfRQwsEuJjI\/TSHAoRkmLWI\/AAAAAAAABnc\/cDCZkrsz7F4\/s1600\/IMG_6959.jpg\" style=\"clear: left; float: left; margin-bottom: 1em; margin-right: 1em;\"><img loading=\"lazy\" decoding=\"async\" border=\"0\" height=\"213\" src=\"http:\/\/4.bp.blogspot.com\/_wfRQwsEuJjI\/TSHAoRkmLWI\/AAAAAAAABnc\/cDCZkrsz7F4\/s320\/IMG_6959.jpg\" width=\"320\" \/><\/a><\/div>\n<p>Pono\u010di je prav nesramno vro\u010de in za povrhu se najdeta \u0161e dva, ki glasno smr\u010dita. Tokrat bom uporabil skrivno oro\u017eje in poslu\u0161al glasbo.<br \/>Zjutraj nekateri \u017ee odidejo, ko se \u0161ele zbudim. Drugi pa spijo, ko \u017ee zdavnaj pojem. Tokrat bom od\u0161el na pot okrog osmih, saj bom sicer prezgodaj v naslednjem albergu.<br \/>Za spremembo danes ne zmrzuje. Termometer na lekarni ka\u017ee celih 8\u00b0C. Pot iz mesta se kjub temu vle\u010de in \u0161ele ob pol desetih kon\u010dno zagledam prve gozdove. Camino se ves \u010das dviga, in mesto je \u017ee dale\u010d v dolini.<br \/>Tu me dohitita \u0160panca, katera skoraj vedno prespita v hostalu ali hotelu. Kak\u0161no uro hodimo skupaj, nato pa onadva nadaljujeta s hitrej\u0161im tempom, saj imata nahrbtnike te\u017eke le 8kg. In vidita stvari le 10 metrov pred sabo.<br \/>Vasi se zdaj dr\u017eijo ena druge, prav tako kmetije in polja, na katerih raste znameniti grelos oz. Berza ali verdura Galego. Ne nem to\u010dno, kak\u0161na je razlika, menda ima en mo\u010dnej\u0161i okus. Vsakega, ki ga vpra\u0161am mi pove druga\u010dno ime. Vsekakor sem si za danes zadal cilj, da nekje najdem semena za te stvari.<br \/>V vmesnih gozdovih pa se ponovno menjata evkvaliptus in bor. Etapa je kratka in komaj se dobro ogrejem &#8211; no ja, po v\u010deraj\u0161njih 38km je dol\u017eina ravno prava &#8211; \u017ee stojim pred albergom. Ura je \u0161ele 14, odpre pa se ob 16h. Vseeno poskusim. Vrata so odprta, nikjer nikogar. Za vsak slu\u010daj pokli\u010dem na telefonsko \u0161tevilko, ki je napisana na vratih. Seveda, ni problema, ti se kar stu\u0161iraj, pridem malo kasneje.<br \/>\u010cez kak\u0161no uro se le prika\u017ee visok mo\u017eak s klobukom na glavi in cigaro v ustih. Urediva vse obveznosti, sam pa zaradi zgodnje ure operem nekaj perila.<br \/>\u0160e kak\u0161no uro kasneje pride \u010detverica mlaj\u0161ih pohodnikov, katere sem spoznal v\u010deraj. Skupaj se odpravimo po nakupih, a bodo jedli posebaj, saj imajo na sporedu ponovno meso.<br \/>Sam se spomnim mojega dana\u0161njega cilja, grem do hosteliera in ga malo pocukam za rokav, glede njihove zelenjave. Najprej ka\u017ee bolj slabo, saj ta zelenjava ravno cveti in bo seme dozorelo nekoliko kasneje, potem pa se sprehodiva do bli\u017enjih kmetov in izbrskajo nekaj lanskoletnih stebel, s katerih se smejejo majhni stroki s semeni. Tistih nekaj bo \u017ee zraslo, si re\u010dem in pomislim, da bi uni\u010dil \u0161e eno muho hkrati. Prosim ga za nekaj listov, pa se mi samo smeji, saj ta re\u010d raste kamor pogleda\u0161. Ob prvi hi\u0161i pomaha kmetici in nabere listja za celo vas.<br \/>Ve\u010derja bo torej prirejena &#8220;caldo galego&#8221;. \u010ce bi doma\u010dini vedeli, da sem iz njihove slavne juhe naredil neko vegi brozgo, v katero sem uspel narezati cela dva lista &#8220;<span style=\"visibility: visible;\">couve gallego&#8221;<\/span>, bi se \u0161e cel teden kri\u017eali. Toda bila je odli\u010dna!<br \/>Ko smo \u017ee vsi prepri\u010dani, da bomo v albergu sami, prikoraka najprej Portugalec, ki ne vem, kaj je delal cel dan, saj je od\u0161el \u0161e v temi, za njim pa \u0161e Javier, ki vedno pride zve\u010der. Spra\u0161ujem ga glede znamenitega butafumeira v Santiagu in po telefonskem klicu mi pove, da se izvaja le v nedeljah in vsak dan v Jakobovem letu. V\u010dasih pa tudi po potrebi, \u010de je veliko obiska.<br \/>Danes se to\u010dneje pozanimam o sopotnikih. To so Nemec Pepe, Francozinja xy, ki ni preve\u010d zgovorna, Francoz Tahe in \u0160vicarka Mah\u00e9.<br \/>Jutri bomo vsi kon\u010dali pot v 19km oddaljenem albergu.<\/p>\n","protected":false},"excerpt":{"rendered":"<p>Pono\u010di je prav nesramno vro\u010de in za povrhu se najdeta \u0161e dva, ki glasno smr\u010dita. Tokrat bom uporabil skrivno oro\u017eje in poslu\u0161al glasbo.Zjutraj nekateri \u017ee odidejo, ko se \u0161ele zbudim. Drugi pa spijo, ko \u017ee zdavnaj pojem. Tokrat bom od\u0161el na pot okrog osmih, saj bom sicer prezgodaj v naslednjem albergu.Za spremembo danes ne zmrzuje. [&hellip;]<\/p>\n","protected":false},"author":1,"featured_media":0,"comment_status":"open","ping_status":"open","sticky":false,"template":"","format":"standard","meta":{"site-sidebar-layout":"default","site-content-layout":"","ast-site-content-layout":"","site-content-style":"default","site-sidebar-style":"default","ast-global-header-display":"","ast-banner-title-visibility":"","ast-main-header-display":"","ast-hfb-above-header-display":"","ast-hfb-below-header-display":"","ast-hfb-mobile-header-display":"","site-post-title":"","ast-breadcrumbs-content":"","ast-featured-img":"","footer-sml-layout":"","theme-transparent-header-meta":"","adv-header-id-meta":"","stick-header-meta":"","header-above-stick-meta":"","header-main-stick-meta":"","header-below-stick-meta":"","astra-migrate-meta-layouts":"default","ast-page-background-enabled":"default","ast-page-background-meta":{"desktop":{"background-color":"var(--ast-global-color-4)","background-image":"","background-repeat":"repeat","background-position":"center center","background-size":"auto","background-attachment":"scroll","background-type":"","background-media":"","overlay-type":"","overlay-color":"","overlay-opacity":"","overlay-gradient":""},"tablet":{"background-color":"","background-image":"","background-repeat":"repeat","background-position":"center center","background-size":"auto","background-attachment":"scroll","background-type":"","background-media":"","overlay-type":"","overlay-color":"","overlay-opacity":"","overlay-gradient":""},"mobile":{"background-color":"","background-image":"","background-repeat":"repeat","background-position":"center center","background-size":"auto","background-attachment":"scroll","background-type":"","background-media":"","overlay-type":"","overlay-color":"","overlay-opacity":"","overlay-gradient":""}},"ast-content-background-meta":{"desktop":{"background-color":"var(--ast-global-color-5)","background-image":"","background-repeat":"repeat","background-position":"center center","background-size":"auto","background-attachment":"scroll","background-type":"","background-media":"","overlay-type":"","overlay-color":"","overlay-opacity":"","overlay-gradient":""},"tablet":{"background-color":"var(--ast-global-color-5)","background-image":"","background-repeat":"repeat","background-position":"center center","background-size":"auto","background-attachment":"scroll","background-type":"","background-media":"","overlay-type":"","overlay-color":"","overlay-opacity":"","overlay-gradient":""},"mobile":{"background-color":"var(--ast-global-color-5)","background-image":"","background-repeat":"repeat","background-position":"center center","background-size":"auto","background-attachment":"scroll","background-type":"","background-media":"","overlay-type":"","overlay-color":"","overlay-opacity":"","overlay-gradient":""}},"footnotes":""},"categories":[6,14,68],"tags":[],"class_list":["post-134","post","type-post","status-publish","format-standard","hentry","category-camino","category-trekking","category-camino-via-de-la-plata-2009"],"aioseo_notices":[],"_links":{"self":[{"href":"https:\/\/www.gogreen.si\/index.php?rest_route=\/wp\/v2\/posts\/134","targetHints":{"allow":["GET"]}}],"collection":[{"href":"https:\/\/www.gogreen.si\/index.php?rest_route=\/wp\/v2\/posts"}],"about":[{"href":"https:\/\/www.gogreen.si\/index.php?rest_route=\/wp\/v2\/types\/post"}],"author":[{"embeddable":true,"href":"https:\/\/www.gogreen.si\/index.php?rest_route=\/wp\/v2\/users\/1"}],"replies":[{"embeddable":true,"href":"https:\/\/www.gogreen.si\/index.php?rest_route=%2Fwp%2Fv2%2Fcomments&post=134"}],"version-history":[{"count":0,"href":"https:\/\/www.gogreen.si\/index.php?rest_route=\/wp\/v2\/posts\/134\/revisions"}],"wp:attachment":[{"href":"https:\/\/www.gogreen.si\/index.php?rest_route=%2Fwp%2Fv2%2Fmedia&parent=134"}],"wp:term":[{"taxonomy":"category","embeddable":true,"href":"https:\/\/www.gogreen.si\/index.php?rest_route=%2Fwp%2Fv2%2Fcategories&post=134"},{"taxonomy":"post_tag","embeddable":true,"href":"https:\/\/www.gogreen.si\/index.php?rest_route=%2Fwp%2Fv2%2Ftags&post=134"}],"curies":[{"name":"wp","href":"https:\/\/api.w.org\/{rel}","templated":true}]}}