{"id":133,"date":"2009-03-27T12:14:00","date_gmt":"2009-03-27T11:14:00","guid":{"rendered":"https:\/\/www.walk.si\/uncategorized\/cea-castro-dozon\/"},"modified":"2009-03-27T12:14:00","modified_gmt":"2009-03-27T11:14:00","slug":"cea-castro-dozon","status":"publish","type":"post","link":"https:\/\/www.gogreen.si\/?p=133","title":{"rendered":"Cea &#8211; Castro Doz\u00f3n"},"content":{"rendered":"<table cellpadding=\"0\" cellspacing=\"0\" style=\"float: left; text-align: left;\">\n<tbody>\n<tr>\n<td style=\"text-align: center;\"><a href=\"http:\/\/2.bp.blogspot.com\/_wfRQwsEuJjI\/TSHAraqGQHI\/AAAAAAAABn4\/XLG6RiTWA28\/s1600\/IMG_7026.jpg\" style=\"clear: left; margin-bottom: 1em; margin-left: auto; margin-right: auto;\"><img loading=\"lazy\" decoding=\"async\" border=\"0\" height=\"213\" src=\"http:\/\/2.bp.blogspot.com\/_wfRQwsEuJjI\/TSHAraqGQHI\/AAAAAAAABn4\/XLG6RiTWA28\/s320\/IMG_7026.jpg\" width=\"320\" \/><\/a><\/td>\n<\/tr>\n<tr>\n<td style=\"text-align: center;\">Monasterio de Santa Mar\u00eda de Oseira<\/td>\n<\/tr>\n<\/tbody>\n<\/table>\n<p>Zbudim se v takem stanju, kot sem zaspal, kar pomeni, da je bilo z juho vse v redu :). Tokrat sem vstal prvi in v kuhinji mi ne dela dru\u017ebe Paul. Ob sedmih zbudim Portugalca, ki me je v\u010deraj to prosil v polomljeni portopan\u0161\u010dini. Iz alberga izgine \u0161e predno se vrnem v kuhinjo.<br \/>Dan je lep, jasen in son\u010den toda \u017ee jutri lahko de\u017euje. Tako vsaj napovedujejo lokalni prebivalci.<br \/>Dana\u0161nja pot bo zelo kratka toda potekala bo prek hribovja, zato pri\u010dakujem za 20km okrog 6 ur hoje.<br \/>Po 8h je \u017ee prav toplo, dodatno pa me ogreje \u0161e strma pot po pe\u0161\u010denih stezah. Danes so oznake precej slabe, zato moram kar naprej opazovati in na razpotjih ve\u010dkrat na slepo ugibati. Imam sre\u010do in vedno pridem do pu\u0161\u010dic.<br \/>Pepe bo danes ubral kraj\u0161o razli\u010dico, a se bo s tem izognil znamenitega -Monasterio de Oseira-.<br \/>Do tja je pol drugo uro hoje deloma po makedamskih stezah, deloma po cesti. V Oseiro pridem okrog 11h. Ravno takrat se skozi vas pripelje panadera. Smejim se \u017ee od dale\u010d, ona pa meni. Kupim njen zadnji kruh, \u010dokoladna zavitka, pa mi podari.<br \/>Samostan v Oseiri je kar star in je bil pred leti v zelo slabem stanju. Kasneje so ru\u0161evine restavrirali in sedaj je ponovno vreden ogleda (fotografija). \u017dal so obiski le v skupinah ob 11h, 12h in 17h. Prvega sem zamudil za 10 minut.<br \/>Pa se najde prijazen menih, ki mi bo razkazal samostan, toda govori le \u0161pansko. Povem mu, da me to ne moti, ker bom kak\u0161no stvar \u017ee razumel. Imam torej svojega vodi\u010da po samostanu.<br \/>Razlaga in razlaga, krili z rokami, ka\u017ee na stene, tako da mi je na koncu klub slabem znanju \u0161pan\u0161\u010dine vse jasno. Ko ga na koncu vpra\u0161am za ceno, ki sicer zna\u0161a okrog 2 EUR pravi da je to naredil z veseljem in da od popotnika do Santiaga ne bo ni\u010desar vzel. Za povrhu mi podari \u0161e majhno darilce. Pove mi, da je to njegovo delo in mi za\u017eeli sre\u010dno pot.<br \/>Tako vedno znova in znova spoznavam prednosti, \u010de po Caminu potuje\u0161 sam.<br \/>Sledi ponoven vzpon, nato pa spust po ozki poti, ki jo vsake toliko \u010dasa zamenja poto\u010dek. Oznake so ponovno slabe a nekako le pridem do cilja. Tam me pred barom \u017ee \u010daka vedno nasmejan Pepe. Ker ne razume \u0160pansko \u0161e enkrat vpra\u0161am za pot do alberga in v dobrih desetih minutah sva \u017ee v za\u010dasnem po\u010divali\u0161\u010du. To je skupina \u0161tirih velikih kontejnerjev. V dveh so postelje, v enem kopalnica in v enem kuhinja. Vrata so odprta, na njih pa pi\u0161e, da se lahko udobno namestimo in pokli\u010demo na telefonsko \u0161tevilko &#8211; \u010de ne zaradi drugega, zaradi \u017eigosanja dnevnika.<br \/>Po tu\u0161iranju pojeva vsak nekaj malega, potem pa greva po nakupih. Kruha ni ve\u010d, zato pa sre\u010dava ostale tri pohodnike. Nemec mi pred tem razlo\u017ei njihovo zgodbo.<br \/>Po ve\u010derji nekoliko razmislimo o jutri\u0161nji poti, a ker francosko &#8211; \u0161vicarska zasedba za\u010dne komplicirati, se s Pepetom odpraviva spat, saj do Santiaga ni prav veliko opcij in jutri greva zagotovo do naslednjega, 16km oddaljenega alberga.<\/p>\n<p><a href=\"http:\/\/www.walk.si\/upload\/2009\/03\/20090327_cea-castro_dozon.gpx\">GPX Cea &#8211; Castro Doz\u00f3n<\/a><\/p>\n","protected":false},"excerpt":{"rendered":"<p>Monasterio de Santa Mar\u00eda de Oseira Zbudim se v takem stanju, kot sem zaspal, kar pomeni, da je bilo z juho vse v redu :). Tokrat sem vstal prvi in v kuhinji mi ne dela dru\u017ebe Paul. Ob sedmih zbudim Portugalca, ki me je v\u010deraj to prosil v polomljeni portopan\u0161\u010dini. Iz alberga izgine \u0161e predno [&hellip;]<\/p>\n","protected":false},"author":1,"featured_media":0,"comment_status":"open","ping_status":"open","sticky":false,"template":"","format":"standard","meta":{"site-sidebar-layout":"default","site-content-layout":"","ast-site-content-layout":"","site-content-style":"default","site-sidebar-style":"default","ast-global-header-display":"","ast-banner-title-visibility":"","ast-main-header-display":"","ast-hfb-above-header-display":"","ast-hfb-below-header-display":"","ast-hfb-mobile-header-display":"","site-post-title":"","ast-breadcrumbs-content":"","ast-featured-img":"","footer-sml-layout":"","theme-transparent-header-meta":"","adv-header-id-meta":"","stick-header-meta":"","header-above-stick-meta":"","header-main-stick-meta":"","header-below-stick-meta":"","astra-migrate-meta-layouts":"default","ast-page-background-enabled":"default","ast-page-background-meta":{"desktop":{"background-color":"var(--ast-global-color-4)","background-image":"","background-repeat":"repeat","background-position":"center center","background-size":"auto","background-attachment":"scroll","background-type":"","background-media":"","overlay-type":"","overlay-color":"","overlay-opacity":"","overlay-gradient":""},"tablet":{"background-color":"","background-image":"","background-repeat":"repeat","background-position":"center center","background-size":"auto","background-attachment":"scroll","background-type":"","background-media":"","overlay-type":"","overlay-color":"","overlay-opacity":"","overlay-gradient":""},"mobile":{"background-color":"","background-image":"","background-repeat":"repeat","background-position":"center center","background-size":"auto","background-attachment":"scroll","background-type":"","background-media":"","overlay-type":"","overlay-color":"","overlay-opacity":"","overlay-gradient":""}},"ast-content-background-meta":{"desktop":{"background-color":"var(--ast-global-color-5)","background-image":"","background-repeat":"repeat","background-position":"center center","background-size":"auto","background-attachment":"scroll","background-type":"","background-media":"","overlay-type":"","overlay-color":"","overlay-opacity":"","overlay-gradient":""},"tablet":{"background-color":"var(--ast-global-color-5)","background-image":"","background-repeat":"repeat","background-position":"center center","background-size":"auto","background-attachment":"scroll","background-type":"","background-media":"","overlay-type":"","overlay-color":"","overlay-opacity":"","overlay-gradient":""},"mobile":{"background-color":"var(--ast-global-color-5)","background-image":"","background-repeat":"repeat","background-position":"center center","background-size":"auto","background-attachment":"scroll","background-type":"","background-media":"","overlay-type":"","overlay-color":"","overlay-opacity":"","overlay-gradient":""}},"footnotes":""},"categories":[6,14,68],"tags":[],"class_list":["post-133","post","type-post","status-publish","format-standard","hentry","category-camino","category-trekking","category-camino-via-de-la-plata-2009"],"aioseo_notices":[],"_links":{"self":[{"href":"https:\/\/www.gogreen.si\/index.php?rest_route=\/wp\/v2\/posts\/133","targetHints":{"allow":["GET"]}}],"collection":[{"href":"https:\/\/www.gogreen.si\/index.php?rest_route=\/wp\/v2\/posts"}],"about":[{"href":"https:\/\/www.gogreen.si\/index.php?rest_route=\/wp\/v2\/types\/post"}],"author":[{"embeddable":true,"href":"https:\/\/www.gogreen.si\/index.php?rest_route=\/wp\/v2\/users\/1"}],"replies":[{"embeddable":true,"href":"https:\/\/www.gogreen.si\/index.php?rest_route=%2Fwp%2Fv2%2Fcomments&post=133"}],"version-history":[{"count":0,"href":"https:\/\/www.gogreen.si\/index.php?rest_route=\/wp\/v2\/posts\/133\/revisions"}],"wp:attachment":[{"href":"https:\/\/www.gogreen.si\/index.php?rest_route=%2Fwp%2Fv2%2Fmedia&parent=133"}],"wp:term":[{"taxonomy":"category","embeddable":true,"href":"https:\/\/www.gogreen.si\/index.php?rest_route=%2Fwp%2Fv2%2Fcategories&post=133"},{"taxonomy":"post_tag","embeddable":true,"href":"https:\/\/www.gogreen.si\/index.php?rest_route=%2Fwp%2Fv2%2Ftags&post=133"}],"curies":[{"name":"wp","href":"https:\/\/api.w.org\/{rel}","templated":true}]}}