{"id":132,"date":"2009-03-28T12:23:00","date_gmt":"2009-03-28T11:23:00","guid":{"rendered":"https:\/\/www.walk.si\/uncategorized\/castro-dozon-laxe\/"},"modified":"2009-03-28T12:23:00","modified_gmt":"2009-03-28T11:23:00","slug":"castro-dozon-laxe","status":"publish","type":"post","link":"https:\/\/www.gogreen.si\/?p=132","title":{"rendered":"Castro Doz\u00f3n &#8211; Laxe"},"content":{"rendered":"<div style=\"clear: both; text-align: center;\"><a href=\"http:\/\/2.bp.blogspot.com\/_wfRQwsEuJjI\/TSHAuxPkuZI\/AAAAAAAABoc\/az3lfgBJ5Dw\/s1600\/IMG_7123.jpg\" style=\"clear: left; float: left; margin-bottom: 1em; margin-right: 1em;\"><img loading=\"lazy\" decoding=\"async\" border=\"0\" height=\"213\" src=\"http:\/\/2.bp.blogspot.com\/_wfRQwsEuJjI\/TSHAuxPkuZI\/AAAAAAAABoc\/az3lfgBJ5Dw\/s320\/IMG_7123.jpg\" width=\"320\" \/><\/a><\/div>\n<p>No\u010d je mrzla in \u017ee zve\u010der pri\u010dne prav \u010dudno ropotati. Na de\u017e nisem niti pomislil a ko pri\u010dne \u0161e pihati in ko pride pravi naliv, ni ve\u010d dvoma.<br \/>Celo no\u010d je zelo mrzlo, saj ugasnemo klimo, ki kar naprej stresa cel kontejer. Toda kaj je to pravi mraz za\u010dutim \u0161ele ko stopim iz spalnice.<br \/>V drugem kontejnerju s kuhinjo si skuham \u010daj, da se nekoliko ogrejem.<br \/>S Pepetom odideva na pot ob osmih, kot sva se se dogovorila prej\u0161nji dan, saj ga \u0161\u010dipa v hrbtu in bi rad \u010dimprej pri\u0161el v alberge, zame pa je to popolnoma obi\u010dajen \u010das odhoda.<br \/>Po treh tednih iz nahrbtnika izvle\u010dem de\u017eno opravo in se podam na pot. Ta najprej vodi po asfaltni in makedamski cesti, nato pa zavije levo v gozd, na blatno pot.<br \/>Vreme je prav tipi\u010dno \u0161pansko. Pri nas bi mu rekli aprilsko. Pet minut de\u017euje, deset minut sije sonce, nato zapiha veter, nakar se vse skupaj ponovi.<br \/>Camino je dolgo\u010dasen, saj poteka med pogozdenimi predeli in redko naseljenimi vasmi. Ponekod je mokro, drugje pa suho, kot da ne bi padla niti kaplja de\u017eja.<br \/>Med potjo pri -lete\u010dem- panaderu kupiva velik hlebec kruha, ki ga bova pojedla za ve\u010derjo.<br \/>Ob enih prideva pred alberge v Laxe, ki pa je zaprt. Uradno se odpre ob 13h, a bova zaradi zgodnje ure od\u0161la v restavracijo in si po dolgem \u010dasu privo\u0161\u010dila toplo kosilo.<br \/>Za ve\u010derjo bova pojedla samo \u0161e kak\u0161no malenkost, ki jo bova kupila v trgovini, ki je za\u010duda odprta kljub temu, da je sobota.<br \/>Ko se vrneva pred alberge pokli\u010dem hospitaliero, ki pride v petih minutah, uredi vse obveznosti in obljubi, da se vrne \u0161e kasneje.<br \/>Popoldne mine hitro in po obisku trgovine je \u010das za hitro ve\u010derjo in po\u010ditek, saj nam bodo danes pono\u010di vzeli eno uro. \u017de drugi\u010d zaporedoma bom uro prestavil v \u0160paniji, da jim vrnem tisto, ki so mi jo podarili jeseni \ud83d\ude42<br \/>&#8212;<br \/>Botafumeiro je okrog 85kg te\u017eka kadilnica, ki jo zanihajo tako, da potuje iz enega na drugo stran cerkve, skoraj do stropa, ogleda v \u017eivo pa ne more nadomestini noben video. \u017dal.<br \/>Sam sem imel obred mo\u017enost spremljati nek popolnoma navaden dan &#8211; ponedeljek, \u010disto navadnega leta 2006, v kar sta me prepri\u010dala \u0161panska prijatelja, s katerima sem prehodil ve\u010dji del francoskega camina.<br \/>6. Januarja 2008, na praznik sv. treh kraljev, ki je v Santiagu DC glede na sprevod in osale dogodke, ki spremljajo sprevod, kar velik praznik, botafumeira ni bilo, prav tako ne jeseni istega leta, na nek navaden dan, kar me je v obeh primerih razo\u010daralo. \u010ce ga tokrat ne bo pod stropom, ne mislim niti zapravljati \u010dasa med 12. in 13. uro. <br \/>&#8212;<br \/>Da res ne bo res izgledalo sme\u0161no. Francozinja je Lethitia, Francoz Taha je varovanec Mah\u00e9. V podrobnosti se ne bi spu\u0161\u010dal, saj ima na Caminu vsak svoje te\u017eave in vsak svojo zgodbo, ki jo deli le s tistim, ki mu zaupa.<br \/>&#8212;<br \/>Ja, Sonja to je tisto slavno zelje, ki ima velike liste in zraste prav visoko. Okus je odli\u010den, prav tako je bila okusna tudi juha, ki sem jo skuhal. Njihova mi zaradi vseh razkosanih \u017eivali, ki plavajo v njej ni v\u0161e\u010d. Toda to zelje sem videl le v Galiciji. Drugo leto bom poskusil, \u010de uspeva pri nas \ud83d\ude42<\/p>\n","protected":false},"excerpt":{"rendered":"<p>No\u010d je mrzla in \u017ee zve\u010der pri\u010dne prav \u010dudno ropotati. Na de\u017e nisem niti pomislil a ko pri\u010dne \u0161e pihati in ko pride pravi naliv, ni ve\u010d dvoma.Celo no\u010d je zelo mrzlo, saj ugasnemo klimo, ki kar naprej stresa cel kontejer. Toda kaj je to pravi mraz za\u010dutim \u0161ele ko stopim iz spalnice.V drugem kontejnerju [&hellip;]<\/p>\n","protected":false},"author":1,"featured_media":0,"comment_status":"open","ping_status":"open","sticky":false,"template":"","format":"standard","meta":{"site-sidebar-layout":"default","site-content-layout":"","ast-site-content-layout":"","site-content-style":"default","site-sidebar-style":"default","ast-global-header-display":"","ast-banner-title-visibility":"","ast-main-header-display":"","ast-hfb-above-header-display":"","ast-hfb-below-header-display":"","ast-hfb-mobile-header-display":"","site-post-title":"","ast-breadcrumbs-content":"","ast-featured-img":"","footer-sml-layout":"","theme-transparent-header-meta":"","adv-header-id-meta":"","stick-header-meta":"","header-above-stick-meta":"","header-main-stick-meta":"","header-below-stick-meta":"","astra-migrate-meta-layouts":"default","ast-page-background-enabled":"default","ast-page-background-meta":{"desktop":{"background-color":"var(--ast-global-color-4)","background-image":"","background-repeat":"repeat","background-position":"center center","background-size":"auto","background-attachment":"scroll","background-type":"","background-media":"","overlay-type":"","overlay-color":"","overlay-opacity":"","overlay-gradient":""},"tablet":{"background-color":"","background-image":"","background-repeat":"repeat","background-position":"center center","background-size":"auto","background-attachment":"scroll","background-type":"","background-media":"","overlay-type":"","overlay-color":"","overlay-opacity":"","overlay-gradient":""},"mobile":{"background-color":"","background-image":"","background-repeat":"repeat","background-position":"center center","background-size":"auto","background-attachment":"scroll","background-type":"","background-media":"","overlay-type":"","overlay-color":"","overlay-opacity":"","overlay-gradient":""}},"ast-content-background-meta":{"desktop":{"background-color":"var(--ast-global-color-5)","background-image":"","background-repeat":"repeat","background-position":"center center","background-size":"auto","background-attachment":"scroll","background-type":"","background-media":"","overlay-type":"","overlay-color":"","overlay-opacity":"","overlay-gradient":""},"tablet":{"background-color":"var(--ast-global-color-5)","background-image":"","background-repeat":"repeat","background-position":"center center","background-size":"auto","background-attachment":"scroll","background-type":"","background-media":"","overlay-type":"","overlay-color":"","overlay-opacity":"","overlay-gradient":""},"mobile":{"background-color":"var(--ast-global-color-5)","background-image":"","background-repeat":"repeat","background-position":"center center","background-size":"auto","background-attachment":"scroll","background-type":"","background-media":"","overlay-type":"","overlay-color":"","overlay-opacity":"","overlay-gradient":""}},"footnotes":""},"categories":[6,14,68],"tags":[],"class_list":["post-132","post","type-post","status-publish","format-standard","hentry","category-camino","category-trekking","category-camino-via-de-la-plata-2009"],"aioseo_notices":[],"_links":{"self":[{"href":"https:\/\/www.gogreen.si\/index.php?rest_route=\/wp\/v2\/posts\/132","targetHints":{"allow":["GET"]}}],"collection":[{"href":"https:\/\/www.gogreen.si\/index.php?rest_route=\/wp\/v2\/posts"}],"about":[{"href":"https:\/\/www.gogreen.si\/index.php?rest_route=\/wp\/v2\/types\/post"}],"author":[{"embeddable":true,"href":"https:\/\/www.gogreen.si\/index.php?rest_route=\/wp\/v2\/users\/1"}],"replies":[{"embeddable":true,"href":"https:\/\/www.gogreen.si\/index.php?rest_route=%2Fwp%2Fv2%2Fcomments&post=132"}],"version-history":[{"count":0,"href":"https:\/\/www.gogreen.si\/index.php?rest_route=\/wp\/v2\/posts\/132\/revisions"}],"wp:attachment":[{"href":"https:\/\/www.gogreen.si\/index.php?rest_route=%2Fwp%2Fv2%2Fmedia&parent=132"}],"wp:term":[{"taxonomy":"category","embeddable":true,"href":"https:\/\/www.gogreen.si\/index.php?rest_route=%2Fwp%2Fv2%2Fcategories&post=132"},{"taxonomy":"post_tag","embeddable":true,"href":"https:\/\/www.gogreen.si\/index.php?rest_route=%2Fwp%2Fv2%2Ftags&post=132"}],"curies":[{"name":"wp","href":"https:\/\/api.w.org\/{rel}","templated":true}]}}