{"id":124,"date":"2009-10-11T09:00:00","date_gmt":"2009-10-11T07:00:00","guid":{"rendered":"https:\/\/www.walk.si\/uncategorized\/zagorje-ob-savi-sv-planina\/"},"modified":"2009-10-11T09:00:00","modified_gmt":"2009-10-11T07:00:00","slug":"zagorje-ob-savi-sv-planina","status":"publish","type":"post","link":"https:\/\/www.gogreen.si\/?p=124","title":{"rendered":"Zagorje ob Savi &#8211; Sv. Planina"},"content":{"rendered":"<div style=\"clear: both; text-align: center;\"><a href=\"http:\/\/2.bp.blogspot.com\/_wfRQwsEuJjI\/TRiIkCkjHqI\/AAAAAAAAA_s\/03H6aUX1u7o\/s1600\/IMG_7856.jpg\" style=\"clear: left; float: left; margin-bottom: 1em; margin-right: 1em;\"><img loading=\"lazy\" decoding=\"async\" border=\"0\" height=\"213\" src=\"http:\/\/2.bp.blogspot.com\/_wfRQwsEuJjI\/TRiIkCkjHqI\/AAAAAAAAA_s\/03H6aUX1u7o\/s320\/IMG_7856.jpg\" width=\"320\" \/><\/a><\/div>\n<p>No\u010d je bila de\u017eevna in misel na to, da bom po dolgem \u010dasu ponovno hodil pod de\u017enim pla\u0161\u010dem, je proti jutru po\u010dasi zbledela. Oblaki so se umaknili in pri\u010dakal nas je topel, son\u010den jesenski dan.<br \/>Na pobudo <a href=\"http:\/\/stasa.blog.siol.net\/\">Sta\u0161e<\/a> smo se v zagorskem evroparku sre\u010dali pohodniki po poteh Camina, \u010dlani dru\u0161tva  prijateljev poti sv. Jakoba, prijatelji prijateljev in tisti, ki smo se poznali le preko dopisovanja. Med potjo se bomo spoznali tudi osebno, se pogovorili in izmenjali izku\u0161nje s pohodov.<\/p>\n<p>Okrog 30 pohodnikov se nas iz Evroparka opravi proti cerkvi nad sv. Planino, ki se nahaja na okrog 950m n.v. Tu se nam pridru\u017ei \u0161e nekaj pohodnikov in po dalj\u0161em odmoru skupaj nadaljujemo kro\u017eno pot proti: Vrhe, Jesenovo, R\u017ei\u0161e, Zavine do Evroparka. Tu v poznih popoldanskih urah zaklju\u010dimo prijetno sre\u010danje v upanju, da se drugo leto ponovno sre\u010damo.<\/p>\n<p><a href=\"http:\/\/www.nagaju.com\/gallery\/main.php\/zagorje09\">Foto galerija<\/a><\/p>\n","protected":false},"excerpt":{"rendered":"<p>No\u010d je bila de\u017eevna in misel na to, da bom po dolgem \u010dasu ponovno hodil pod de\u017enim pla\u0161\u010dem, je proti jutru po\u010dasi zbledela. Oblaki so se umaknili in pri\u010dakal nas je topel, son\u010den jesenski dan.Na pobudo Sta\u0161e smo se v zagorskem evroparku sre\u010dali pohodniki po poteh Camina, \u010dlani dru\u0161tva prijateljev poti sv. Jakoba, prijatelji prijateljev [&hellip;]<\/p>\n","protected":false},"author":1,"featured_media":0,"comment_status":"open","ping_status":"open","sticky":false,"template":"","format":"standard","meta":{"site-sidebar-layout":"default","site-content-layout":"","ast-site-content-layout":"","site-content-style":"default","site-sidebar-style":"default","ast-global-header-display":"","ast-banner-title-visibility":"","ast-main-header-display":"","ast-hfb-above-header-display":"","ast-hfb-below-header-display":"","ast-hfb-mobile-header-display":"","site-post-title":"","ast-breadcrumbs-content":"","ast-featured-img":"","footer-sml-layout":"","theme-transparent-header-meta":"","adv-header-id-meta":"","stick-header-meta":"","header-above-stick-meta":"","header-main-stick-meta":"","header-below-stick-meta":"","astra-migrate-meta-layouts":"default","ast-page-background-enabled":"default","ast-page-background-meta":{"desktop":{"background-color":"var(--ast-global-color-4)","background-image":"","background-repeat":"repeat","background-position":"center center","background-size":"auto","background-attachment":"scroll","background-type":"","background-media":"","overlay-type":"","overlay-color":"","overlay-opacity":"","overlay-gradient":""},"tablet":{"background-color":"","background-image":"","background-repeat":"repeat","background-position":"center center","background-size":"auto","background-attachment":"scroll","background-type":"","background-media":"","overlay-type":"","overlay-color":"","overlay-opacity":"","overlay-gradient":""},"mobile":{"background-color":"","background-image":"","background-repeat":"repeat","background-position":"center center","background-size":"auto","background-attachment":"scroll","background-type":"","background-media":"","overlay-type":"","overlay-color":"","overlay-opacity":"","overlay-gradient":""}},"ast-content-background-meta":{"desktop":{"background-color":"var(--ast-global-color-5)","background-image":"","background-repeat":"repeat","background-position":"center center","background-size":"auto","background-attachment":"scroll","background-type":"","background-media":"","overlay-type":"","overlay-color":"","overlay-opacity":"","overlay-gradient":""},"tablet":{"background-color":"var(--ast-global-color-5)","background-image":"","background-repeat":"repeat","background-position":"center center","background-size":"auto","background-attachment":"scroll","background-type":"","background-media":"","overlay-type":"","overlay-color":"","overlay-opacity":"","overlay-gradient":""},"mobile":{"background-color":"var(--ast-global-color-5)","background-image":"","background-repeat":"repeat","background-position":"center center","background-size":"auto","background-attachment":"scroll","background-type":"","background-media":"","overlay-type":"","overlay-color":"","overlay-opacity":"","overlay-gradient":""}},"footnotes":""},"categories":[14],"tags":[],"class_list":["post-124","post","type-post","status-publish","format-standard","hentry","category-trekking"],"aioseo_notices":[],"_links":{"self":[{"href":"https:\/\/www.gogreen.si\/index.php?rest_route=\/wp\/v2\/posts\/124","targetHints":{"allow":["GET"]}}],"collection":[{"href":"https:\/\/www.gogreen.si\/index.php?rest_route=\/wp\/v2\/posts"}],"about":[{"href":"https:\/\/www.gogreen.si\/index.php?rest_route=\/wp\/v2\/types\/post"}],"author":[{"embeddable":true,"href":"https:\/\/www.gogreen.si\/index.php?rest_route=\/wp\/v2\/users\/1"}],"replies":[{"embeddable":true,"href":"https:\/\/www.gogreen.si\/index.php?rest_route=%2Fwp%2Fv2%2Fcomments&post=124"}],"version-history":[{"count":0,"href":"https:\/\/www.gogreen.si\/index.php?rest_route=\/wp\/v2\/posts\/124\/revisions"}],"wp:attachment":[{"href":"https:\/\/www.gogreen.si\/index.php?rest_route=%2Fwp%2Fv2%2Fmedia&parent=124"}],"wp:term":[{"taxonomy":"category","embeddable":true,"href":"https:\/\/www.gogreen.si\/index.php?rest_route=%2Fwp%2Fv2%2Fcategories&post=124"},{"taxonomy":"post_tag","embeddable":true,"href":"https:\/\/www.gogreen.si\/index.php?rest_route=%2Fwp%2Fv2%2Ftags&post=124"}],"curies":[{"name":"wp","href":"https:\/\/api.w.org\/{rel}","templated":true}]}}